{"id":10118,"date":"2021-12-01T19:21:33","date_gmt":"2021-12-01T19:21:33","guid":{"rendered":"https:\/\/labestiapolitica.com.mx\/?p=10118"},"modified":"2021-12-06T13:24:37","modified_gmt":"2021-12-06T13:24:37","slug":"sin-resentimientos","status":"publish","type":"post","link":"https:\/\/labestiapolitica.com.mx\/?p=10118","title":{"rendered":"Sin resentimientos"},"content":{"rendered":"<p style=\"text-align: justify;\"><b>El Caf\u00e9 Pol\u00edtico\u00a0<\/b><\/p>\n<p style=\"text-align: justify;\"><b>Sin resentimientos<\/b><\/p>\n<p style=\"text-align: justify;\"><span style=\"font-weight: 400;\">Sin resentimientos, as\u00ed se despidi\u00f3 el Doctor en derecho No\u00e9 Rodr\u00edguez Roldan que con pesar, renunci\u00f3 a sus casi cuarenta a\u00f1os de militancia Priista y a la dirigencia estatal del PRI en la v\u00edspera de \u00e9ste primero de diciembre; el oto\u00f1o del revolucionario institucional se siente, se arrecia y se deja ver con el caer de cada una de sus hojas de lo que fue ese robusto roble tricolor que ahora ya no da sombra y del que hombres y mujeres de la clase pol\u00edtica en el Estado de Tlaxcala fueron arropados y encumbrados bajo sus frondosas ramas en pasadas primaveras.<\/span><\/p>\n<p style=\"text-align: justify;\"><span style=\"font-weight: 400;\">Arrinconado, s\u00f3lo, el ahora exdirigente y ex priista justific\u00f3 que la decisi\u00f3n la tom\u00f3 desde hace varios meses pero que posterg\u00f3 hacerla p\u00fablica para no afectar el proceso electoral que culmin\u00f3 con las elecciones extraordinarias del pasado fin de semana, cosa nada extra\u00f1a para quienes seguimos el proceso electoral donde actores y liderazgos tricolores estuvieron ausentes y que s\u00f3lo hicieron campa\u00f1a de brazos ca\u00eddos en una candidatura que la sent\u00edan perdida y que ante la inesperada ausencia de quien fuera la carta fuerte para la gubernatura perdiera la vida a causa del COVID 19 y que a la postre, una experimentada estratega pol\u00edtica declarara que la alianza unidos por Tlaxcala fue una alianza simulada donde tambi\u00e9n se puntualiz\u00f3 el nulo apoyo y respaldo del Ex Gobernador Marco Antonio Mena Rodr\u00edguez, situaci\u00f3n de hoy deja muy en claro el papel que juega en la LXIV Legislatura Local el Diputado Fabricio Mena Rodr\u00edguez hermano del Exgobernador, que lleg\u00f3 favorecido por esos acuerdos cupulares y familiares a los que hace alusi\u00f3n No\u00e9 Rodr\u00edguez Roldan pero que contradictoriamente avivan infiernitos al interior de la bancada priista presidida por cierto, por una mujer que no se achica y que es secundada por su par, otra legisladora mujer, joven que le gan\u00f3 a una priista alcaldesa entonces de la comuna de Tlaxco y quien lleg\u00f3 bajo las siglas del PRI pero que compiti\u00f3 bajo las siglas y el color de Movimiento de Regeneraci\u00f3n Nacional (MORENA).\u00a0<\/span><\/p>\n<p style=\"text-align: justify;\"><span style=\"font-weight: 400;\">Como reza la m\u00e1xima en estos oficios, en pol\u00edtica no hay sorpresas sino sorprendidos y s\u00f3lo era cuesti\u00f3n de tiempo para que el ex dirigente priista tomara esa dif\u00edcil decisi\u00f3n, bueno al ex priista le cost\u00f3 39 a\u00f1os despu\u00e9s, reconocer y darse cuenta que el PRI es un club de amigos y familias donde los militantes de a pie no tienen lugar en esa franquicia y donde la negociaci\u00f3n no beneficia a la militancia, militancia que por cierto, en todo esto queda mal parada con la ausencia de liderazgo, derrotada en las urnas, dividida en su fracci\u00f3n parlamentaria en el congreso local y con nueve alcaldes de viejo y arraigado cu\u00f1o priista que se rascaron con sus propias u\u00f1as y consiguieron el triunfo a base de su liderazgo local y regional m\u00e1s que por la marca tricolor y que hoy voltean su mirada y ya establecieron alianzas pol\u00edticas con liderazgos ajenos a su partido en aras de gestionar recursos y obras que les permitan gobernar y satisfacer las demandas de su comuna.<\/span><\/p>\n<p style=\"text-align: justify;\"><span style=\"font-weight: 400;\">El ciclo de la vida partidista de Doctor No\u00e9 termina en el instituto pol\u00edtico donde desde muy joven el oriundo del Municipio de Calpulapan desarroll\u00f3 su carrera profesional y pol\u00edtica; nadie tiene duda de su experiencia pol\u00edtica, de su buen trato y tacto pol\u00edtico pero su oficio como pol\u00edtico que lo llev\u00f3 a lo que \u00e9l llama un acto de congruencia, seguramente lo encaminar\u00e1 a tomarse una pausa y bajo los tiempos y las coyunturas como el mismo lo se\u00f1ala, lo veremos como actor pol\u00edtico que es, en una nueva empresa donde esperemos ya no cargue con el estigma, la sombra y las falsas sirenas, que sol\u00edan cantarle al o\u00eddo.\u00a0<\/span><\/p>\n<p style=\"text-align: justify;\"><span style=\"font-weight: 400;\">Desde esta columna de opini\u00f3n mi felicitaci\u00f3n a todas y todos los estudiantes de Ciencias Pol\u00edticas y a mis Colegas Polit\u00f3logos que estamos en la brega de la b\u00fasqueda del bienestar com\u00fan y que concebimos a la Pol\u00edtica como Ciencia, Arte y Belleza. Un abrazo Fraterno.<\/span><\/p>\n<p style=\"text-align: justify;\"><b>Luis Gir\u00f3n Soriano<\/b><\/p>\n<p style=\"text-align: justify;\"><b>Polit\u00f3logo<\/b><\/p>\n<p style=\"text-align: justify;\">\n","protected":false},"excerpt":{"rendered":"<p>El Caf\u00e9 Pol\u00edtico\u00a0 Sin resentimientos Sin resentimientos, as\u00ed se despidi\u00f3 el Doctor en derecho No\u00e9 Rodr\u00edguez Roldan que con pesar, renunci\u00f3 a sus casi cuarenta a\u00f1os de militancia Priista y a la dirigencia estatal del PRI en la v\u00edspera de \u00e9ste primero de diciembre; el oto\u00f1o del revolucionario institucional se siente, se arrecia y se [&hellip;]<\/p>\n","protected":false},"author":3,"featured_media":0,"comment_status":"open","ping_status":"open","sticky":false,"template":"","format":"standard","meta":{"footnotes":""},"categories":[6],"tags":[],"class_list":["post-10118","post","type-post","status-publish","format-standard","hentry","category-opinion"],"amp_enabled":true,"_links":{"self":[{"href":"https:\/\/labestiapolitica.com.mx\/index.php?rest_route=\/wp\/v2\/posts\/10118","targetHints":{"allow":["GET"]}}],"collection":[{"href":"https:\/\/labestiapolitica.com.mx\/index.php?rest_route=\/wp\/v2\/posts"}],"about":[{"href":"https:\/\/labestiapolitica.com.mx\/index.php?rest_route=\/wp\/v2\/types\/post"}],"author":[{"embeddable":true,"href":"https:\/\/labestiapolitica.com.mx\/index.php?rest_route=\/wp\/v2\/users\/3"}],"replies":[{"embeddable":true,"href":"https:\/\/labestiapolitica.com.mx\/index.php?rest_route=%2Fwp%2Fv2%2Fcomments&post=10118"}],"version-history":[{"count":2,"href":"https:\/\/labestiapolitica.com.mx\/index.php?rest_route=\/wp\/v2\/posts\/10118\/revisions"}],"predecessor-version":[{"id":10169,"href":"https:\/\/labestiapolitica.com.mx\/index.php?rest_route=\/wp\/v2\/posts\/10118\/revisions\/10169"}],"wp:attachment":[{"href":"https:\/\/labestiapolitica.com.mx\/index.php?rest_route=%2Fwp%2Fv2%2Fmedia&parent=10118"}],"wp:term":[{"taxonomy":"category","embeddable":true,"href":"https:\/\/labestiapolitica.com.mx\/index.php?rest_route=%2Fwp%2Fv2%2Fcategories&post=10118"},{"taxonomy":"post_tag","embeddable":true,"href":"https:\/\/labestiapolitica.com.mx\/index.php?rest_route=%2Fwp%2Fv2%2Ftags&post=10118"}],"curies":[{"name":"wp","href":"https:\/\/api.w.org\/{rel}","templated":true}]}}