{"id":10191,"date":"2021-12-09T01:39:41","date_gmt":"2021-12-09T01:39:41","guid":{"rendered":"https:\/\/labestiapolitica.com.mx\/?p=10191"},"modified":"2021-12-13T06:42:20","modified_gmt":"2021-12-13T06:42:20","slug":"cuantas-mas","status":"publish","type":"post","link":"https:\/\/labestiapolitica.com.mx\/?p=10191","title":{"rendered":"\u00bfCU\u00c1NTAS M\u00c1S?"},"content":{"rendered":"<p style=\"text-align: justify;\">Si, bien poco se habla del lamentable feminicidio ocurrido este fin de semana, en la colonia Miraflores Ocotl\u00e1n, Tlaxcala, este suceso nos da paso a realizar diversas preguntas que como ciudadan\u00eda y como mujeres debemos de hacer y estamos obligados a realizar con ello podr\u00edamos empezar mencionando unas de tantas: \u00bfEst\u00e1 listo el Estado para garantizar Seguridad y Justicia? \u00bfEst\u00e1 implementando pol\u00edticas p\u00fablicas enfocadas a la Perspectiva de G\u00e9nero? \u00bfEst\u00e1 garantizando verdadera protecci\u00f3n a los Derechos Humanos de sus Ciudadanos?<\/p>\n<p style=\"text-align: justify;\">Si bien las respuestas a esas y varias preguntas es un rotundo: \u00a1NO! Entonces, qu\u00e9 est\u00e1n haciendo las autoridades respecto a cumplir sus verdaderas funciones y atribuciones que les competen, una de ellas y la m\u00e1s importante que es la de garantizar y brindar seguridad por igual tanto a mujeres como a hombres.<\/p>\n<p style=\"text-align: justify;\">De nada sirve ver a los altos funcionarios e incluso a la m\u00e1xima autoridad del estado portar un mo\u00f1o naranja los d\u00edas 25 de cada mes a fin de conmemorar la erradicaci\u00f3n de la violencia contra las mujeres, si poco se hace para prevenir la violencia contra las mujeres y las ni\u00f1as, de nada sirve crear mesas de di\u00e1logo de seguridad, si quienes se encargan de brindarla siguen siendo personas carentes de conocimiento en la materia.<\/p>\n<p style=\"text-align: justify;\">Puedo garantizar que quienes han acudido a la procuradur\u00eda a levantar una denuncia en raz\u00f3n de \u201cDesaparici\u00f3n\u201d se han encontrado con los mal llamados \u201cEstereotipos sexistas\u201d en los cuales por el hecho de desaparecer y ser mujer se demoran m\u00e1s en ejecutar su b\u00fasqueda, porque en sus pensamientos poco racionales creen que la persona: \u201c Se fug\u00f3 con el novio\u201d pues creen que la mujer as\u00ed lo quiere.<\/p>\n<p style=\"text-align: justify;\">Hay diversos ejemplos de pensamiento poco racionales por parte de las autoridades, \u00a0en mi opini\u00f3n pienso que poca importancia se le ha dado al tema de feminicidio, las autoridades estatales, municipales e incluso la propia procuradur\u00eda est\u00e1n haciendo un trabajo en cuanto al tema,\u00a0 pero a\u00fan no es suficiente pues no se ha capacitado bien al personal a cargo, no han enfocado el tema con una perspectiva de genero a los funcionarios que participan tanto en la b\u00fasqueda de mujeres desaparecidas, como en la investigaci\u00f3n de feminicidios, no se han preocupado tampoco en crear una cultura de respeto a los derechos humanos de la mujeres.<\/p>\n<p style=\"text-align: justify;\">En mi opini\u00f3n puedo decir que prevenir, sancionar y erradicar la violencia en contra de las mujeres va m\u00e1s all\u00e1 de portar listones naranjas y posar para las fotos, tanto autoridades como poblaci\u00f3n en general, deben hacer \u00a0m\u00e1s para garantizar una vida libre de violencia, porque como mujeres nos queremos vivas y libres, queremos salir a la calles a vivir con la certeza de que regresaremos vivas, queremos vivir sin miedo, pero sobre todo queremos justicia por todas aquellas que ya no est\u00e1n aquellas que con actos crueles fueron privadas de la vida, porque su voz es mi voz, porque es deber del estado garantizar justicia, solo con acciones verdaderas y no falsas promesa, se podr\u00e1 hablar de una nueva historia y una verdadera trasformaci\u00f3n.<\/p>\n<p>\u00bfCU\u00c1NTAS M\u00c1S?<\/p>\n<p>&nbsp;<\/p>\n<p><img loading=\"lazy\" decoding=\"async\" class=\"alignnone wp-image-9147 size-full\" src=\"https:\/\/labestiapolitica.com.mx\/wp-content\/uploads\/2021\/09\/bebe-.jpg\" alt=\"\" width=\"1000\" height=\"600\" \/><\/p>\n","protected":false},"excerpt":{"rendered":"<p>Si, bien poco se habla del lamentable feminicidio ocurrido este fin de semana, en la colonia Miraflores Ocotl\u00e1n, Tlaxcala, este suceso nos da paso a realizar diversas preguntas que como ciudadan\u00eda y como mujeres debemos de hacer y estamos obligados a realizar con ello podr\u00edamos empezar mencionando unas de tantas: \u00bfEst\u00e1 listo el Estado para [&hellip;]<\/p>\n","protected":false},"author":3,"featured_media":0,"comment_status":"open","ping_status":"open","sticky":false,"template":"","format":"standard","meta":{"footnotes":""},"categories":[6],"tags":[],"class_list":["post-10191","post","type-post","status-publish","format-standard","hentry","category-opinion"],"amp_enabled":true,"_links":{"self":[{"href":"https:\/\/labestiapolitica.com.mx\/index.php?rest_route=\/wp\/v2\/posts\/10191","targetHints":{"allow":["GET"]}}],"collection":[{"href":"https:\/\/labestiapolitica.com.mx\/index.php?rest_route=\/wp\/v2\/posts"}],"about":[{"href":"https:\/\/labestiapolitica.com.mx\/index.php?rest_route=\/wp\/v2\/types\/post"}],"author":[{"embeddable":true,"href":"https:\/\/labestiapolitica.com.mx\/index.php?rest_route=\/wp\/v2\/users\/3"}],"replies":[{"embeddable":true,"href":"https:\/\/labestiapolitica.com.mx\/index.php?rest_route=%2Fwp%2Fv2%2Fcomments&post=10191"}],"version-history":[{"count":1,"href":"https:\/\/labestiapolitica.com.mx\/index.php?rest_route=\/wp\/v2\/posts\/10191\/revisions"}],"predecessor-version":[{"id":10193,"href":"https:\/\/labestiapolitica.com.mx\/index.php?rest_route=\/wp\/v2\/posts\/10191\/revisions\/10193"}],"wp:attachment":[{"href":"https:\/\/labestiapolitica.com.mx\/index.php?rest_route=%2Fwp%2Fv2%2Fmedia&parent=10191"}],"wp:term":[{"taxonomy":"category","embeddable":true,"href":"https:\/\/labestiapolitica.com.mx\/index.php?rest_route=%2Fwp%2Fv2%2Fcategories&post=10191"},{"taxonomy":"post_tag","embeddable":true,"href":"https:\/\/labestiapolitica.com.mx\/index.php?rest_route=%2Fwp%2Fv2%2Ftags&post=10191"}],"curies":[{"name":"wp","href":"https:\/\/api.w.org\/{rel}","templated":true}]}}