{"id":10437,"date":"2022-01-02T05:36:38","date_gmt":"2022-01-02T05:36:38","guid":{"rendered":"https:\/\/labestiapolitica.com.mx\/?p=10437"},"modified":"2022-01-07T05:33:08","modified_gmt":"2022-01-07T05:33:08","slug":"legislar-a-favor-de-la-ninez-victimas-de-delitos-propone-diputada-reyna-flor-baez","status":"publish","type":"post","link":"https:\/\/labestiapolitica.com.mx\/?p=10437","title":{"rendered":"Legislar a favor de la ni\u00f1ez, v\u00edctimas de delitos; propone diputada Reyna Flor B\u00e1ez."},"content":{"rendered":"<div class=\"kvgmc6g5 cxmmr5t8 oygrvhab hcukyx3x c1et5uql ii04i59q\">\n<div dir=\"auto\" style=\"text-align: justify;\"><\/div>\n<\/div>\n<div class=\"cxmmr5t8 oygrvhab hcukyx3x c1et5uql o9v6fnle ii04i59q\" style=\"text-align: justify;\">\n<div dir=\"auto\">La Diputada Local representante del Partido Fuerza por M\u00e9xico, present\u00f3 una iniciativa para legislar a favor de la ni\u00f1ez tlaxcalteca, que ha sido v\u00edctima por la p\u00e9rdida de su progenitora en situaciones de delito, a fin de garantizar sus derechos ante tal situaci\u00f3n.<\/div>\n<\/div>\n<div class=\"cxmmr5t8 oygrvhab hcukyx3x c1et5uql o9v6fnle ii04i59q\" style=\"text-align: justify;\">\n<div dir=\"auto\">Este 31 de diciembre, en la tercera sesi\u00f3n de la Comisi\u00f3n Permanente, la legisladora Reyna B\u00e1ez, dio lectura al proyecto de Decreto para reformar y adicionar diversas disposiciones de la Ley de Atenci\u00f3n y Protecci\u00f3n a V\u00edctimas y Ofendidos del Delito, del C\u00f3digo Penal y de la Ley de los Derechos de las Ni\u00f1as, Ni\u00f1os y Adolescentes para el Estado de Tlaxcala.<\/div>\n<\/div>\n<div class=\"cxmmr5t8 oygrvhab hcukyx3x c1et5uql o9v6fnle ii04i59q\" style=\"text-align: justify;\">\n<div dir=\"auto\">Lo anterior, con el objetivo de precisar la calidad de v\u00edctimas de las personas menores de edad, hijas o hijos de mujeres v\u00edctimas de los delitos de feminicidio u homicidio con violencia y garantizar los derechos derivados de tal situaci\u00f3n.<\/div>\n<\/div>\n<div class=\"cxmmr5t8 oygrvhab hcukyx3x c1et5uql o9v6fnle ii04i59q\" style=\"text-align: justify;\">\n<div dir=\"auto\">La congresista se\u00f1al\u00f3 que en la mayor\u00eda de los hogares en los que se vive violencia, las ni\u00f1as y los ni\u00f1os tambi\u00e9n son agredidos f\u00edsica y emocionalmente, lo que los iguala en condiciones de violencia de g\u00e9nero y los ubica como v\u00edctimas indirectas de la situaci\u00f3n.<\/div>\n<\/div>\n<div class=\"cxmmr5t8 oygrvhab hcukyx3x c1et5uql o9v6fnle ii04i59q\" style=\"text-align: justify;\">\n<div dir=\"auto\">Asimismo, Reyna Flor B\u00e1ez puntualiz\u00f3 que debe ser el Estado, a trav\u00e9s del Gobierno Estatal y Municipal, as\u00ed como del Sistema del Desarrollo Integral de la Familia (DIF), el que brinde la protecci\u00f3n \u00edntegra a los infantes, hijas e hijos de mujeres v\u00edctimas de violencia, a fin de atender su situaci\u00f3n, protegerlos y obtener la reparaci\u00f3n del da\u00f1o.<\/div>\n<\/div>\n<div class=\"cxmmr5t8 oygrvhab hcukyx3x c1et5uql o9v6fnle ii04i59q\" style=\"text-align: justify;\">\n<div dir=\"auto\">Bajo el principio del inter\u00e9s superior de la ni\u00f1ez, estas instancias deber\u00e1n propiciar las medidas pertinentes para que los menores de edad se encuentren en un entorno propicio para su bienestar y, si esto no interfiere con los derechos e integridad de los menores, puedan prevalecer en su entorno familiar cercano.<\/div>\n<\/div>\n<div class=\"cxmmr5t8 oygrvhab hcukyx3x c1et5uql o9v6fnle ii04i59q\" style=\"text-align: justify;\">\n<div dir=\"auto\">De igual forma, se considera otorgar de manera gratuita y oficiosa atenci\u00f3n m\u00e9dica y psicol\u00f3gica especializada de emergencia, en los t\u00e9rminos de ley; becas de estudio en instituciones p\u00fablicas que se prev\u00e9n en los programas del gobierno federal y que les resulten aplicables, as\u00ed como servicios educativos gratuitos, lo que ha de incluir exenci\u00f3n del pago de cuotas escolares, adem\u00e1s de \u00fatiles escolares y uniformes.<\/div>\n<\/div>\n<div class=\"cxmmr5t8 oygrvhab hcukyx3x c1et5uql o9v6fnle ii04i59q\">\n<div dir=\"auto\" style=\"text-align: justify;\">Con la iniciativa se busca que se reformen la fracci\u00f3n XVI art\u00edculo 10, el p\u00e1rrafo segundo del art\u00edculo 11, las fracciones IX y XXII del art\u00edculo 13; y se adicionen un p\u00e1rrafo segundo, recorri\u00e9ndose en su orden los subsecuentes, al art\u00edculo 4; un p\u00e1rrafo cuarto al art\u00edculo 4 Bis, un p\u00e1rrafo segundo a la fracci\u00f3n XXIII del art\u00edculo 10; los p\u00e1rrafos segundo y tercero a la fracci\u00f3n I del art\u00edculo 13, una fracci\u00f3n Il, recorri\u00e9ndose en su orden las subsecuentes, al art\u00edculo 26; y los art\u00edculos 34 Bis, 38 Bis y 39 Bis, todos de la Ley de Atenci\u00f3n Protecci\u00f3n a V\u00edctimas y Ofendidos para el Estado de Tlaxcala.<\/div>\n<\/div>\n","protected":false},"excerpt":{"rendered":"<p>La Diputada Local representante del Partido Fuerza por M\u00e9xico, present\u00f3 una iniciativa para legislar a favor de la ni\u00f1ez tlaxcalteca, que ha sido v\u00edctima por la p\u00e9rdida de su progenitora en situaciones de delito, a fin de garantizar sus derechos ante tal situaci\u00f3n. Este 31 de diciembre, en la tercera sesi\u00f3n de la Comisi\u00f3n Permanente, [&hellip;]<\/p>\n","protected":false},"author":3,"featured_media":0,"comment_status":"open","ping_status":"open","sticky":false,"template":"","format":"standard","meta":{"footnotes":""},"categories":[7],"tags":[],"class_list":["post-10437","post","type-post","status-publish","format-standard","hentry","category-ciudadanos"],"amp_enabled":true,"_links":{"self":[{"href":"https:\/\/labestiapolitica.com.mx\/index.php?rest_route=\/wp\/v2\/posts\/10437","targetHints":{"allow":["GET"]}}],"collection":[{"href":"https:\/\/labestiapolitica.com.mx\/index.php?rest_route=\/wp\/v2\/posts"}],"about":[{"href":"https:\/\/labestiapolitica.com.mx\/index.php?rest_route=\/wp\/v2\/types\/post"}],"author":[{"embeddable":true,"href":"https:\/\/labestiapolitica.com.mx\/index.php?rest_route=\/wp\/v2\/users\/3"}],"replies":[{"embeddable":true,"href":"https:\/\/labestiapolitica.com.mx\/index.php?rest_route=%2Fwp%2Fv2%2Fcomments&post=10437"}],"version-history":[{"count":1,"href":"https:\/\/labestiapolitica.com.mx\/index.php?rest_route=\/wp\/v2\/posts\/10437\/revisions"}],"predecessor-version":[{"id":10439,"href":"https:\/\/labestiapolitica.com.mx\/index.php?rest_route=\/wp\/v2\/posts\/10437\/revisions\/10439"}],"wp:attachment":[{"href":"https:\/\/labestiapolitica.com.mx\/index.php?rest_route=%2Fwp%2Fv2%2Fmedia&parent=10437"}],"wp:term":[{"taxonomy":"category","embeddable":true,"href":"https:\/\/labestiapolitica.com.mx\/index.php?rest_route=%2Fwp%2Fv2%2Fcategories&post=10437"},{"taxonomy":"post_tag","embeddable":true,"href":"https:\/\/labestiapolitica.com.mx\/index.php?rest_route=%2Fwp%2Fv2%2Ftags&post=10437"}],"curies":[{"name":"wp","href":"https:\/\/api.w.org\/{rel}","templated":true}]}}