{"id":10453,"date":"2022-01-03T00:45:35","date_gmt":"2022-01-03T00:45:35","guid":{"rendered":"https:\/\/labestiapolitica.com.mx\/?p=10453"},"modified":"2022-01-03T00:45:35","modified_gmt":"2022-01-03T00:45:35","slug":"regreso-a-clases-en-tlaxcala-sera-de-forma-escalonada","status":"publish","type":"post","link":"https:\/\/labestiapolitica.com.mx\/?p=10453","title":{"rendered":"Regreso a clases en Tlaxcala ser\u00e1 de forma escalonada"},"content":{"rendered":"<div class=\"cxmmr5t8 oygrvhab hcukyx3x c1et5uql o9v6fnle ii04i59q\">\n<div dir=\"auto\" style=\"text-align: justify;\">*El secretario de Educaci\u00f3n, Homero Meneses Hern\u00e1ndez adelant\u00f3 que en pr\u00f3ximas fechas el personal educativo recibir\u00e1 la vacuna de refuerzo contra el SARS-CoV-2<\/div>\n<\/div>\n<div class=\"cxmmr5t8 oygrvhab hcukyx3x c1et5uql o9v6fnle ii04i59q\" style=\"text-align: justify;\">\n<div dir=\"auto\">La Secretar\u00eda de Educaci\u00f3n P\u00fablica del Estado (SEPE) y la Unidad de Servicios Educativos de Tlaxcala (USET) informaron, a trav\u00e9s de un oficio, que por recomendaci\u00f3n de la autoridad de salud estatal, el regreso a clases para estudiantes, a partir de este lunes 3 de enero, ser\u00e1 de manera escalonada, 50 por ciento presencial y el 50 por ciento restante a distancia; por tanto, maestras, maestros y trabajadores de la educaci\u00f3n se reincorporan de manera normal.<\/div>\n<\/div>\n<div class=\"cxmmr5t8 oygrvhab hcukyx3x c1et5uql o9v6fnle ii04i59q\" style=\"text-align: justify;\">\n<div dir=\"auto\">La determinaci\u00f3n es en cumplimento a las instrucciones de la gobernadora Lorena Cu\u00e9llar Cisneros de procurar la salud y garantizar el derecho a la educaci\u00f3n,<\/div>\n<\/div>\n<div class=\"cxmmr5t8 oygrvhab hcukyx3x c1et5uql o9v6fnle ii04i59q\" style=\"text-align: justify;\">\n<div dir=\"auto\">Al terminar el periodo vacacional de fin de a\u00f1o marcado en el Calendario Escolar Oficial del Ciclo 2021-2022, el secretario de Educaci\u00f3n en Tlaxcala, Homero Meneses Hern\u00e1ndez pidi\u00f3 a maestras, maestros y personal que labora en oficinas del edificio administrativo de la SEPE-USET iniciar el a\u00f1o 2022 con las mejores energ\u00edas a fin de brindar los servicios de manera normal.<\/div>\n<\/div>\n<div class=\"cxmmr5t8 oygrvhab hcukyx3x c1et5uql o9v6fnle ii04i59q\" style=\"text-align: justify;\">\n<div dir=\"auto\">Asimismo, anunci\u00f3 que en pr\u00f3ximos d\u00edas el personal educativo recibir\u00e1 la dosis de refuerzo de vacunaci\u00f3n contra Covid-19, de conformidad con la estrategia nacional.<\/div>\n<\/div>\n<div class=\"cxmmr5t8 oygrvhab hcukyx3x c1et5uql o9v6fnle ii04i59q\" style=\"text-align: justify;\">\n<div dir=\"auto\">\u201cComo medida preventiva hemos recibido la recomendaci\u00f3n de la autoridad de salud estatal para que el regreso a clases se realice en el esquema escalonado o h\u00edbrido, es decir que s\u00f3lo acuda el 50 por ciento de estudiantes a las aulas y el resto lo har\u00e1 a distancia al menos las dos primeras semanas de enero, posteriormente se podr\u00e1 ir aumentando la presencia de alumnas y alumnos de acuerdo con la recomendaci\u00f3n del Consejo Estatal de Salud\u201d, precisa el oficio.<\/div>\n<\/div>\n<div class=\"cxmmr5t8 oygrvhab hcukyx3x c1et5uql o9v6fnle ii04i59q\" style=\"text-align: justify;\">\n<div dir=\"auto\">Meneses Hern\u00e1ndez llam\u00f3 a madres y padres de familia a continuar con los protocolos sanitarios para garantizar un regreso a las aulas escalonado, responsable y ordenado.<\/div>\n<\/div>\n<div class=\"cxmmr5t8 oygrvhab hcukyx3x c1et5uql o9v6fnle ii04i59q\" style=\"text-align: justify;\">\n<div dir=\"auto\">\u201cCon las medidas sanitarias que se aplican en las instituciones educativas se lograr\u00e1 resguardar la salud y cuidar la vida de alumnas, alumnos, maestras, maestros y trabajadores de la educaci\u00f3n, por eso es necesario continuar con los filtros preventivos en casa, en la escuela y en el sal\u00f3n de clases, as\u00ed como el lavado constante de manos y\/o aplicaci\u00f3n de alcohol en gel al 70 por ciento\u201d, mencion\u00f3.<\/div>\n<\/div>\n<div class=\"cxmmr5t8 oygrvhab hcukyx3x c1et5uql o9v6fnle ii04i59q\" style=\"text-align: justify;\">\n<div dir=\"auto\">Al mismo tiempo, dese\u00f3 a la comunidad escolar que en este a\u00f1o nuevo 2022 se cumplan sue\u00f1os y objetivos, a trav\u00e9s del trabajo, el esfuerzo, la constancia, la dedicaci\u00f3n y la perseverancia.<\/div>\n<\/div>\n<div class=\"cxmmr5t8 oygrvhab hcukyx3x c1et5uql o9v6fnle ii04i59q\">\n<div dir=\"auto\" style=\"text-align: justify;\">\u201cDeseo que el 2022 sea una nueva oportunidad de lograr nuestras metas y alcanzar los sue\u00f1os, de continuar sirviendo al pueblo de M\u00e9xico y de Tlaxcala, de seguir transformando la educaci\u00f3n para hacer del estado una nueva realidad educativa con resultados y logros que ubiquen a la entidad en los primeros lugares del pa\u00eds\u201d, afirm\u00f3.<\/div>\n<\/div>\n","protected":false},"excerpt":{"rendered":"<p>*El secretario de Educaci\u00f3n, Homero Meneses Hern\u00e1ndez adelant\u00f3 que en pr\u00f3ximas fechas el personal educativo recibir\u00e1 la vacuna de refuerzo contra el SARS-CoV-2 La Secretar\u00eda de Educaci\u00f3n P\u00fablica del Estado (SEPE) y la Unidad de Servicios Educativos de Tlaxcala (USET) informaron, a trav\u00e9s de un oficio, que por recomendaci\u00f3n de la autoridad de salud estatal, [&hellip;]<\/p>\n","protected":false},"author":3,"featured_media":0,"comment_status":"open","ping_status":"open","sticky":false,"template":"","format":"standard","meta":{"footnotes":""},"categories":[7],"tags":[],"class_list":["post-10453","post","type-post","status-publish","format-standard","hentry","category-ciudadanos"],"amp_enabled":true,"_links":{"self":[{"href":"https:\/\/labestiapolitica.com.mx\/index.php?rest_route=\/wp\/v2\/posts\/10453","targetHints":{"allow":["GET"]}}],"collection":[{"href":"https:\/\/labestiapolitica.com.mx\/index.php?rest_route=\/wp\/v2\/posts"}],"about":[{"href":"https:\/\/labestiapolitica.com.mx\/index.php?rest_route=\/wp\/v2\/types\/post"}],"author":[{"embeddable":true,"href":"https:\/\/labestiapolitica.com.mx\/index.php?rest_route=\/wp\/v2\/users\/3"}],"replies":[{"embeddable":true,"href":"https:\/\/labestiapolitica.com.mx\/index.php?rest_route=%2Fwp%2Fv2%2Fcomments&post=10453"}],"version-history":[{"count":1,"href":"https:\/\/labestiapolitica.com.mx\/index.php?rest_route=\/wp\/v2\/posts\/10453\/revisions"}],"predecessor-version":[{"id":10454,"href":"https:\/\/labestiapolitica.com.mx\/index.php?rest_route=\/wp\/v2\/posts\/10453\/revisions\/10454"}],"wp:attachment":[{"href":"https:\/\/labestiapolitica.com.mx\/index.php?rest_route=%2Fwp%2Fv2%2Fmedia&parent=10453"}],"wp:term":[{"taxonomy":"category","embeddable":true,"href":"https:\/\/labestiapolitica.com.mx\/index.php?rest_route=%2Fwp%2Fv2%2Fcategories&post=10453"},{"taxonomy":"post_tag","embeddable":true,"href":"https:\/\/labestiapolitica.com.mx\/index.php?rest_route=%2Fwp%2Fv2%2Ftags&post=10453"}],"curies":[{"name":"wp","href":"https:\/\/api.w.org\/{rel}","templated":true}]}}