{"id":10455,"date":"2022-01-03T00:50:07","date_gmt":"2022-01-03T00:50:07","guid":{"rendered":"https:\/\/labestiapolitica.com.mx\/?p=10455"},"modified":"2022-01-03T00:50:07","modified_gmt":"2022-01-03T00:50:07","slug":"llaman-a-tlaxcaltecas-a-no-bajar-la-guardia-ante-cuarta-ola-de-pandemia-por-covid-19","status":"publish","type":"post","link":"https:\/\/labestiapolitica.com.mx\/?p=10455","title":{"rendered":"Llaman a tlaxcaltecas a no bajar la guardia ante cuarta ola de pandemia por Covid-19"},"content":{"rendered":"<p style=\"text-align: justify;\">*La SESA de Tlaxcala llama a la poblaci\u00f3n a reforzar las medidas de prevenci\u00f3n para prevenir los contagios de la nueva variante \u00d3micron<\/p>\n<p style=\"text-align: justify;\">La Secretar\u00eda de Salud federal inform\u00f3 que derivado del incremento constante en los \u00faltimos d\u00edas de enfermos con manifestaciones cl\u00ednicas leves y ambulatorios en el territorio nacional, M\u00e9xico vive la cuarta ola de la pandemia por Covid-19, por lo que solicit\u00f3 a cada uno de los estados implementar acciones preventivas para evitar casos de \u00d3micron.<\/p>\n<p style=\"text-align: justify;\">Asimismo, la Secretar\u00eda de Salud (SESA) de Tlaxcala invit\u00f3 a la poblaci\u00f3n a reforzar las medidas de seguridad, as\u00ed como usar el cubrebocas, alcohol gel, lavarse constantemente las manos, evitar reuniones masivas y vacunarse contra el Covid-19 para las personas que tienen disponible la tercera dosis y rezagadas, debido a que el biol\u00f3gico ayuda a la poblaci\u00f3n a disminuir los efectos graves en caso de contagio.<\/p>\n<p style=\"text-align: justify;\">La dependencia federal indic\u00f3 que la variante \u00d3micron tiene una velocidad de transmisi\u00f3n m\u00e1s r\u00e1pida que las variantes anteriores, lo que provocara\u0301 un mayor n\u00famero de casos leves con manifestaciones cl\u00ednicas bronquiales en lugar de pulmonares, que se traducir\u00e1\u0301 en un incremento de las consultas ambulatorias en unidades de primer y segundo nivel de salud con atenci\u00f3n de medicina familiar.<\/p>\n<p style=\"text-align: justify;\">Raz\u00f3n por la que recomend\u00f3 a cada uno de los estados, incluido Tlaxcala, reforzar la atenci\u00f3n en las \u00e1reas de triage para el correcto diagn\u00f3stico y canalizaci\u00f3n de los pacientes<\/p>\n<p style=\"text-align: justify;\">Ante ese escenario, se espera un gran n\u00famero de solicitudes de licencias m\u00e9dicas derivadas del contagio masivo, por lo que se deber\u00e1 reforzar el procedimiento de correcto otorgamiento de estas, para evitar emisi\u00f3n de las mismas de manera innecesaria.<\/p>\n<p style=\"text-align: justify;\">Asimismo, recomend\u00f3 a cada una de las secretar\u00edas de Salud del pa\u00eds preparar sus unidades m\u00e9dicas para una posible conversi\u00f3n e incremento en el n\u00famero de camas disponibles para atenci\u00f3n de estos pacientes conforme avance la cuarta ola en las entidades federativas.<\/p>\n<p style=\"text-align: justify;\">Debido a que si bien la variante \u00d3micron genera casos graves en menor n\u00famero que la Delta, en M\u00e9xico circulan ambas cepas, por lo tanto, esperan incremento en hospitalizaciones.<\/p>\n<p style=\"text-align: justify;\">En caso de que, por la demanda de servicios en las unidades m\u00e9dicas requieran de personal m\u00e9dico, enfermer\u00eda y param\u00e9dico adicional a sus plantillas, se deber\u00e1 justificar y gestionar la necesidad real para poder contar con el recurso humano.<\/p>\n<p style=\"text-align: justify;\">La Secretar\u00eda de Salud federal indic\u00f3 que estar\u00e1 atenta al avance de la pandemia en el pa\u00eds y apoyar\u00e1 dentro de sus capacidades para poder enfrentar el reto.<\/p>\n","protected":false},"excerpt":{"rendered":"<p>*La SESA de Tlaxcala llama a la poblaci\u00f3n a reforzar las medidas de prevenci\u00f3n para prevenir los contagios de la nueva variante \u00d3micron La Secretar\u00eda de Salud federal inform\u00f3 que derivado del incremento constante en los \u00faltimos d\u00edas de enfermos con manifestaciones cl\u00ednicas leves y ambulatorios en el territorio nacional, M\u00e9xico vive la cuarta ola [&hellip;]<\/p>\n","protected":false},"author":3,"featured_media":0,"comment_status":"open","ping_status":"open","sticky":false,"template":"","format":"standard","meta":{"footnotes":""},"categories":[7],"tags":[],"class_list":["post-10455","post","type-post","status-publish","format-standard","hentry","category-ciudadanos"],"amp_enabled":true,"_links":{"self":[{"href":"https:\/\/labestiapolitica.com.mx\/index.php?rest_route=\/wp\/v2\/posts\/10455","targetHints":{"allow":["GET"]}}],"collection":[{"href":"https:\/\/labestiapolitica.com.mx\/index.php?rest_route=\/wp\/v2\/posts"}],"about":[{"href":"https:\/\/labestiapolitica.com.mx\/index.php?rest_route=\/wp\/v2\/types\/post"}],"author":[{"embeddable":true,"href":"https:\/\/labestiapolitica.com.mx\/index.php?rest_route=\/wp\/v2\/users\/3"}],"replies":[{"embeddable":true,"href":"https:\/\/labestiapolitica.com.mx\/index.php?rest_route=%2Fwp%2Fv2%2Fcomments&post=10455"}],"version-history":[{"count":1,"href":"https:\/\/labestiapolitica.com.mx\/index.php?rest_route=\/wp\/v2\/posts\/10455\/revisions"}],"predecessor-version":[{"id":10456,"href":"https:\/\/labestiapolitica.com.mx\/index.php?rest_route=\/wp\/v2\/posts\/10455\/revisions\/10456"}],"wp:attachment":[{"href":"https:\/\/labestiapolitica.com.mx\/index.php?rest_route=%2Fwp%2Fv2%2Fmedia&parent=10455"}],"wp:term":[{"taxonomy":"category","embeddable":true,"href":"https:\/\/labestiapolitica.com.mx\/index.php?rest_route=%2Fwp%2Fv2%2Fcategories&post=10455"},{"taxonomy":"post_tag","embeddable":true,"href":"https:\/\/labestiapolitica.com.mx\/index.php?rest_route=%2Fwp%2Fv2%2Ftags&post=10455"}],"curies":[{"name":"wp","href":"https:\/\/api.w.org\/{rel}","templated":true}]}}