{"id":10465,"date":"2022-01-03T06:40:02","date_gmt":"2022-01-03T06:40:02","guid":{"rendered":"https:\/\/labestiapolitica.com.mx\/?p=10465"},"modified":"2022-01-07T05:32:15","modified_gmt":"2022-01-07T05:32:15","slug":"gobernadora-de-tlaxcala-da-positivo-a-covid-19-y-se-reporta-estable","status":"publish","type":"post","link":"https:\/\/labestiapolitica.com.mx\/?p=10465","title":{"rendered":"Gobernadora de Tlaxcala da positivo a Covid-19, se reporta estable"},"content":{"rendered":"<div dir=\"auto\" style=\"text-align: justify;\">El secretario de Gobierno, Sergio Gonz\u00e1lez estar\u00e1 a cargo en lo que se recupera.<\/div>\n<div dir=\"auto\" style=\"text-align: justify;\"><\/div>\n<div dir=\"auto\" style=\"text-align: justify;\">Edgar GARCIA\/ Tlaxcala\/ La Gobernadora de Tlaxcala Lorena Cu\u00e9llar Cisneros confirm\u00f3 que dio positivo a la prueba del Covid-19, por lo estar\u00e1 confinada hasta que se recupere, as\u00ed lo anunci\u00f3 en los primeros minutos de este lunes 3 de enero del 2022, a\u00a0 trav\u00e9s de su cuenta personal de facebook.<\/div>\n<div dir=\"auto\" style=\"text-align: justify;\"><\/div>\n<div dir=\"auto\" style=\"text-align: justify;\">La mandataria estatal revel\u00f3 que estar\u00e1 a cargo del Poder Ejecutivo de forma temporal el secretario de Gobierno, Sergio Gonz\u00e1lez Hern\u00e1ndez, pero que estar\u00e1 pendiente de los asuntos gubernamentales.<\/div>\n<div dir=\"auto\" style=\"text-align: justify;\"><\/div>\n<div dir=\"auto\" style=\"text-align: justify;\">\u00abQuiero informarles que he dado positivo a la prueba de <a class=\"oajrlxb2 g5ia77u1 qu0x051f esr5mh6w e9989ue4 r7d6kgcz rq0escxv nhd2j8a9 nc684nl6 p7hjln8o kvgmc6g5 cxmmr5t8 oygrvhab hcukyx3x jb3vyjys rz4wbd8a qt6c0cv9 a8nywdso i1ao9s8h esuyzwwr f1sip0of lzcic4wl gpro0wi8 q66pz984 b1v8xokw\" tabindex=\"0\" role=\"link\" href=\"https:\/\/web.facebook.com\/hashtag\/covid19?__eep__=6&amp;__cft__[0]=AZX5LxtHXO6LT1ZQV5oIIWb55U0_TX5syNn0GTLLljRy7modYvqARENJmJAqCF9IPrgEda06VzdebqzsRowyULKrZN1IG7TzX8HtCVEOe5Rt0ljCD_rFHbAeXsfQMPaGtP6fdViYigNwximrlcVpoPpl&amp;__tn__=*NK-R\">#COVID19<\/a>. Mi estado de <a class=\"oajrlxb2 g5ia77u1 qu0x051f esr5mh6w e9989ue4 r7d6kgcz rq0escxv nhd2j8a9 nc684nl6 p7hjln8o kvgmc6g5 cxmmr5t8 oygrvhab hcukyx3x jb3vyjys rz4wbd8a qt6c0cv9 a8nywdso i1ao9s8h esuyzwwr f1sip0of lzcic4wl gpro0wi8 q66pz984 b1v8xokw\" tabindex=\"0\" role=\"link\" href=\"https:\/\/web.facebook.com\/hashtag\/salud?__eep__=6&amp;__cft__[0]=AZX5LxtHXO6LT1ZQV5oIIWb55U0_TX5syNn0GTLLljRy7modYvqARENJmJAqCF9IPrgEda06VzdebqzsRowyULKrZN1IG7TzX8HtCVEOe5Rt0ljCD_rFHbAeXsfQMPaGtP6fdViYigNwximrlcVpoPpl&amp;__tn__=*NK-R\">#Salud<\/a> es estable y me encuentro con deseos de pronto estar recuperada para seguir trabajando por esta nueva historia para <a class=\"oajrlxb2 g5ia77u1 qu0x051f esr5mh6w e9989ue4 r7d6kgcz rq0escxv nhd2j8a9 nc684nl6 p7hjln8o kvgmc6g5 cxmmr5t8 oygrvhab hcukyx3x jb3vyjys rz4wbd8a qt6c0cv9 a8nywdso i1ao9s8h esuyzwwr f1sip0of lzcic4wl gpro0wi8 q66pz984 b1v8xokw\" tabindex=\"0\" role=\"link\" href=\"https:\/\/web.facebook.com\/hashtag\/tlaxcala?__eep__=6&amp;__cft__[0]=AZX5LxtHXO6LT1ZQV5oIIWb55U0_TX5syNn0GTLLljRy7modYvqARENJmJAqCF9IPrgEda06VzdebqzsRowyULKrZN1IG7TzX8HtCVEOe5Rt0ljCD_rFHbAeXsfQMPaGtP6fdViYigNwximrlcVpoPpl&amp;__tn__=*NK-R\">#Tlaxcala<\/a>. Durante mi ausencia, el Secretario de Gobierno Sergio Gonz\u00e1lez me representar\u00e1 en mis funciones gubernamentales. Me mantendr\u00e9 en todo momento al pendiente de los asuntos del gobierno\u00bb.<\/div>\n<div dir=\"auto\"><\/div>\n<div dir=\"auto\" style=\"text-align: justify;\">Cabe se\u00f1alar que la mandataria local mantuvo a finales del a\u00f1o una intensa agenda social con la entrega de paquetes de cenas navide\u00f1as a las familias vulnerables, y de igual forma un evento conjunto con la titular de la <a class=\"oajrlxb2 g5ia77u1 qu0x051f esr5mh6w e9989ue4 r7d6kgcz rq0escxv nhd2j8a9 nc684nl6 p7hjln8o kvgmc6g5 cxmmr5t8 oygrvhab hcukyx3x jb3vyjys rz4wbd8a qt6c0cv9 a8nywdso i1ao9s8h esuyzwwr f1sip0of lzcic4wl gpro0wi8 q66pz984 b1v8xokw\" tabindex=\"0\" role=\"link\" href=\"https:\/\/web.facebook.com\/CONADE.oficial\/?__cft__[0]=AZWefsRKH_w2IxcbJ1gXlSPbIEulAu2wjM__XTfGAXYbwdvSNSYHyFawXvchmvpEvMIHyI4rJJ-rM31nt052rbuNobSsmglBGw5h4jWharOjYKo-Xk2ZV4GlnE9DtAW0g8QSZpcMidptkyzcuyOlPhG3&amp;__tn__=kK-R\"><span class=\"nc684nl6\">Comisi\u00f3n Nacional de Cultura F\u00edsica y Deporte<\/span><\/a> <a class=\"oajrlxb2 g5ia77u1 qu0x051f esr5mh6w e9989ue4 r7d6kgcz rq0escxv nhd2j8a9 nc684nl6 p7hjln8o kvgmc6g5 cxmmr5t8 oygrvhab hcukyx3x jb3vyjys rz4wbd8a qt6c0cv9 a8nywdso i1ao9s8h esuyzwwr f1sip0of lzcic4wl gpro0wi8 q66pz984 b1v8xokw\" tabindex=\"0\" role=\"link\" href=\"https:\/\/web.facebook.com\/hashtag\/conade?__eep__=6&amp;__cft__[0]=AZWefsRKH_w2IxcbJ1gXlSPbIEulAu2wjM__XTfGAXYbwdvSNSYHyFawXvchmvpEvMIHyI4rJJ-rM31nt052rbuNobSsmglBGw5h4jWharOjYKo-Xk2ZV4GlnE9DtAW0g8QSZpcMidptkyzcuyOlPhG3&amp;__tn__=*NK-R\">#Conade<\/a> <a class=\"oajrlxb2 g5ia77u1 qu0x051f esr5mh6w e9989ue4 r7d6kgcz rq0escxv nhd2j8a9 nc684nl6 p7hjln8o kvgmc6g5 cxmmr5t8 oygrvhab hcukyx3x jb3vyjys rz4wbd8a qt6c0cv9 a8nywdso i1ao9s8h esuyzwwr f1sip0of lzcic4wl gpro0wi8 q66pz984 b1v8xokw\" tabindex=\"0\" role=\"link\" href=\"https:\/\/web.facebook.com\/AnaGabrielaGuevara4889?__cft__[0]=AZWefsRKH_w2IxcbJ1gXlSPbIEulAu2wjM__XTfGAXYbwdvSNSYHyFawXvchmvpEvMIHyI4rJJ-rM31nt052rbuNobSsmglBGw5h4jWharOjYKo-Xk2ZV4GlnE9DtAW0g8QSZpcMidptkyzcuyOlPhG3&amp;__tn__=-]K-R\"><span class=\"nc684nl6\">Ana Gabriela Guevara<\/span><\/a>, donde se anunci\u00f3 que\u00a0 <a class=\"oajrlxb2 g5ia77u1 qu0x051f esr5mh6w e9989ue4 r7d6kgcz rq0escxv nhd2j8a9 nc684nl6 p7hjln8o kvgmc6g5 cxmmr5t8 oygrvhab hcukyx3x jb3vyjys rz4wbd8a qt6c0cv9 a8nywdso i1ao9s8h esuyzwwr f1sip0of lzcic4wl gpro0wi8 q66pz984 b1v8xokw\" tabindex=\"0\" role=\"link\" href=\"https:\/\/web.facebook.com\/hashtag\/tlaxcala?__eep__=6&amp;__cft__[0]=AZWefsRKH_w2IxcbJ1gXlSPbIEulAu2wjM__XTfGAXYbwdvSNSYHyFawXvchmvpEvMIHyI4rJJ-rM31nt052rbuNobSsmglBGw5h4jWharOjYKo-Xk2ZV4GlnE9DtAW0g8QSZpcMidptkyzcuyOlPhG3&amp;__tn__=*NK-R\">#Tlaxcala<\/a> ser\u00e1 sede del Tour Mundial de Voleibol de Playa, \u00abChallenge Tlaxcala, del 17 al 20 de marzo con 48 equipos nacionales e internacionales.<\/div>\n<div dir=\"auto\" style=\"text-align: justify;\"><\/div>\n<div dir=\"auto\" style=\"text-align: justify;\">Su agenda estuvo activa hasta el 23 de diciembre, y despu\u00e9s solo fue difusi\u00f3n de boletines oficiales, por lo que se desconoce si hay mas funcionarios contagiados, luego que la acompa\u00f1aron en diversos actos.<\/div>\n<div dir=\"auto\"><\/div>\n","protected":false},"excerpt":{"rendered":"<p>El secretario de Gobierno, Sergio Gonz\u00e1lez estar\u00e1 a cargo en lo que se recupera. Edgar GARCIA\/ Tlaxcala\/ La Gobernadora de Tlaxcala Lorena Cu\u00e9llar Cisneros confirm\u00f3 que dio positivo a la prueba del Covid-19, por lo estar\u00e1 confinada hasta que se recupere, as\u00ed lo anunci\u00f3 en los primeros minutos de este lunes 3 de enero del [&hellip;]<\/p>\n","protected":false},"author":3,"featured_media":0,"comment_status":"open","ping_status":"open","sticky":false,"template":"","format":"standard","meta":{"footnotes":""},"categories":[7],"tags":[],"class_list":["post-10465","post","type-post","status-publish","format-standard","hentry","category-ciudadanos"],"amp_enabled":true,"_links":{"self":[{"href":"https:\/\/labestiapolitica.com.mx\/index.php?rest_route=\/wp\/v2\/posts\/10465","targetHints":{"allow":["GET"]}}],"collection":[{"href":"https:\/\/labestiapolitica.com.mx\/index.php?rest_route=\/wp\/v2\/posts"}],"about":[{"href":"https:\/\/labestiapolitica.com.mx\/index.php?rest_route=\/wp\/v2\/types\/post"}],"author":[{"embeddable":true,"href":"https:\/\/labestiapolitica.com.mx\/index.php?rest_route=\/wp\/v2\/users\/3"}],"replies":[{"embeddable":true,"href":"https:\/\/labestiapolitica.com.mx\/index.php?rest_route=%2Fwp%2Fv2%2Fcomments&post=10465"}],"version-history":[{"count":3,"href":"https:\/\/labestiapolitica.com.mx\/index.php?rest_route=\/wp\/v2\/posts\/10465\/revisions"}],"predecessor-version":[{"id":10468,"href":"https:\/\/labestiapolitica.com.mx\/index.php?rest_route=\/wp\/v2\/posts\/10465\/revisions\/10468"}],"wp:attachment":[{"href":"https:\/\/labestiapolitica.com.mx\/index.php?rest_route=%2Fwp%2Fv2%2Fmedia&parent=10465"}],"wp:term":[{"taxonomy":"category","embeddable":true,"href":"https:\/\/labestiapolitica.com.mx\/index.php?rest_route=%2Fwp%2Fv2%2Fcategories&post=10465"},{"taxonomy":"post_tag","embeddable":true,"href":"https:\/\/labestiapolitica.com.mx\/index.php?rest_route=%2Fwp%2Fv2%2Ftags&post=10465"}],"curies":[{"name":"wp","href":"https:\/\/api.w.org\/{rel}","templated":true}]}}