{"id":10596,"date":"2022-01-14T16:15:39","date_gmt":"2022-01-14T16:15:39","guid":{"rendered":"https:\/\/labestiapolitica.com.mx\/?p=10596"},"modified":"2022-01-17T07:22:33","modified_gmt":"2022-01-17T07:22:33","slug":"detienen-a-presunto-responsable-del-homicidio-del-ex-diputado-panista-omar-milton-lopez-avendano","status":"publish","type":"post","link":"https:\/\/labestiapolitica.com.mx\/?p=10596","title":{"rendered":"Detienen a presunto responsable del homicidio del ex diputado panista  Omar Milton L\u00f3pez Avenda\u00f1o"},"content":{"rendered":"<p style=\"text-align: justify;\">Armando GONZ\u00c1LEZ\/ Edson N, fue detenido la noche de este jueves 13 de enero, como presunto responsable de la muerte del ex diputado local de Acci\u00f3n Nacional, Omar Milton L\u00f3pez Avenda\u00f1o, luego que un juez girara orden de aprehensi\u00f3n por el delito de homicidio.<\/p>\n<p style=\"text-align: justify;\">En rueda de prensa, acompa\u00f1ada del Secretario de Gobierno Sergio Gonz\u00e1lez Hern\u00e1ndez, la procuradora Ernestina Carro Rold\u00e1n dio a conocer la detenci\u00f3n, sin mayores detalles para no entorpecer la investigaci\u00f3n.<\/p>\n<p style=\"text-align: justify;\">Recordar que el pasado 24 de diciembre fue hallado el cuerpo sin vida del ex legislador local en las inmediaciones de las <b>canchas \u201cEl Potrero\u201d, ubicadas en San Esteban\u00a0 Tizatl\u00e1n, lo que conmocion\u00f3 a la sociedad de Tlaxcala. <\/b>Los\u00a0 restos<b> mortales estaban abandonados en un predio\u00a0 presentaron\u00a0 huellas de violencia.<\/b><\/p>\n<article class=\"content-continued-body clearfix \">\n<div id=\"content-body-5851641-7653443\" style=\"text-align: justify;\">\n<p style=\"text-align: justify;\"><b>L\u00f3pez Avenda\u00f1o se desempe\u00f1aba como\u00a0 \u00a0director de la Comisi\u00f3n de Agua Potable y Alcantarillado de Apizaco en el gobierno del panista Pablo Badillo.\u00a0<\/b><\/p>\n<\/div>\n<p style=\"text-align: justify;\">El se\u00f1alado colabor\u00f3 en log\u00edstica en la campa\u00f1a de la ex candidata a gobernadora de Unidos por Tlaxcala, Anabell \u00c1valos<\/p>\n<div id=\"content-body-5851641-7653443\">\n<p style=\"text-align: justify;\"><img loading=\"lazy\" decoding=\"async\" class=\"alignnone wp-image-10597 size-full\" src=\"https:\/\/labestiapolitica.com.mx\/wp-content\/uploads\/2022\/01\/milton.jpg\" alt=\"\" width=\"1000\" height=\"600\" \/><\/p>\n<\/div>\n<\/article>\n","protected":false},"excerpt":{"rendered":"<p>Armando GONZ\u00c1LEZ\/ Edson N, fue detenido la noche de este jueves 13 de enero, como presunto responsable de la muerte del ex diputado local de Acci\u00f3n Nacional, Omar Milton L\u00f3pez Avenda\u00f1o, luego que un juez girara orden de aprehensi\u00f3n por el delito de homicidio. En rueda de prensa, acompa\u00f1ada del Secretario de Gobierno Sergio Gonz\u00e1lez [&hellip;]<\/p>\n","protected":false},"author":3,"featured_media":0,"comment_status":"open","ping_status":"open","sticky":false,"template":"","format":"standard","meta":{"footnotes":""},"categories":[7],"tags":[],"class_list":["post-10596","post","type-post","status-publish","format-standard","hentry","category-ciudadanos"],"amp_enabled":true,"_links":{"self":[{"href":"https:\/\/labestiapolitica.com.mx\/index.php?rest_route=\/wp\/v2\/posts\/10596","targetHints":{"allow":["GET"]}}],"collection":[{"href":"https:\/\/labestiapolitica.com.mx\/index.php?rest_route=\/wp\/v2\/posts"}],"about":[{"href":"https:\/\/labestiapolitica.com.mx\/index.php?rest_route=\/wp\/v2\/types\/post"}],"author":[{"embeddable":true,"href":"https:\/\/labestiapolitica.com.mx\/index.php?rest_route=\/wp\/v2\/users\/3"}],"replies":[{"embeddable":true,"href":"https:\/\/labestiapolitica.com.mx\/index.php?rest_route=%2Fwp%2Fv2%2Fcomments&post=10596"}],"version-history":[{"count":4,"href":"https:\/\/labestiapolitica.com.mx\/index.php?rest_route=\/wp\/v2\/posts\/10596\/revisions"}],"predecessor-version":[{"id":10611,"href":"https:\/\/labestiapolitica.com.mx\/index.php?rest_route=\/wp\/v2\/posts\/10596\/revisions\/10611"}],"wp:attachment":[{"href":"https:\/\/labestiapolitica.com.mx\/index.php?rest_route=%2Fwp%2Fv2%2Fmedia&parent=10596"}],"wp:term":[{"taxonomy":"category","embeddable":true,"href":"https:\/\/labestiapolitica.com.mx\/index.php?rest_route=%2Fwp%2Fv2%2Fcategories&post=10596"},{"taxonomy":"post_tag","embeddable":true,"href":"https:\/\/labestiapolitica.com.mx\/index.php?rest_route=%2Fwp%2Fv2%2Ftags&post=10596"}],"curies":[{"name":"wp","href":"https:\/\/api.w.org\/{rel}","templated":true}]}}