{"id":10664,"date":"2022-01-20T16:48:39","date_gmt":"2022-01-20T16:48:39","guid":{"rendered":"https:\/\/labestiapolitica.com.mx\/?p=10664"},"modified":"2022-01-20T16:48:39","modified_gmt":"2022-01-20T16:48:39","slug":"presenta-ruben-teran-iniciativa-para-declarar-2022-ano-del-centenario-del-natalicio-de-desiderio-hernandez-xochitiotzin","status":"publish","type":"post","link":"https:\/\/labestiapolitica.com.mx\/?p=10664","title":{"rendered":"Presenta Rub\u00e9n Ter\u00e1n iniciativa para declarar 2022, A\u00f1o del Centenario del Natalicio de Desiderio Hern\u00e1ndez Xochitiotzin"},"content":{"rendered":"<p style=\"font-weight: 400; text-align: justify;\">El Diputado Rub\u00e9n Ter\u00e1n \u00c1guila del grupo parlamentario de Morena present\u00f3 la iniciativa con proyecto de decreto, por el que solicita se declare el 2022 como A\u00f1o del Centenario del Natalicio del Maestro Desiderio Hern\u00e1ndez Xochitiotzin, como reconocimiento al gran legado de su obra que destaca la historia del pueblo de Tlaxcala.<\/p>\n<p style=\"font-weight: 400; text-align: justify;\">\n<p style=\"font-weight: 400; text-align: justify;\">En la m\u00e1xima tribuna del Estado, el presidente de la Junta de Coordinaci\u00f3n y Concertaci\u00f3n Pol\u00edtica (JCCP) considera un exhorto en el \u00e1mbito estatal a los tres poderes, los 60 municipios, a la Secretar\u00eda de Cultura y dem\u00e1s dependencias estatales para utilizar el lema en toda la papeler\u00eda oficial.<\/p>\n<p style=\"font-weight: 400; text-align: justify;\">\n<p style=\"font-weight: 400; text-align: justify;\">La propuesta tambi\u00e9n contempla que se otorgue la presea al arte \u201cMaestro Desiderio Hern\u00e1ndez Xochitiotzin\u201d, a quien se distinga por su actividad en cualquier forma de arte en la entidad y sea entregada en sesi\u00f3n solemne el 11 de febrero de cada a\u00f1o.<\/p>\n<p style=\"font-weight: 400; text-align: justify;\">\n<p style=\"font-weight: 400; text-align: justify;\">En la exposici\u00f3n de motivos, Ter\u00e1n \u00c1guila reconoci\u00f3 la amplia trayectoria art\u00edstica del maestro, que ha sido puntero y referente a nivel estatal y nacional, adem\u00e1s, del gran legado que hered\u00f3 con los murales que relatan la historia tlaxcalteca y el choque de dos culturas, as\u00ed como sus inigualables obras pict\u00f3ricas que adornan las paredes de zonas populares del Estado vecino de Puebla.<\/p>\n<p style=\"font-weight: 400; text-align: justify;\">\n<p style=\"font-weight: 400; text-align: justify;\">Resalt\u00f3 que el maestro cuenta con un gran precedente hist\u00f3rico en el arte moderno y el muralismo mexicano, junto con otros grandes ilustres como David Alfaro Siqueiros, Jos\u00e9 Clemente Orozco, Jorge Gonzales Camarena y Frida Kahlo, por mencionar algunos.<\/p>\n<p style=\"font-weight: 400; text-align: justify;\">\n<p style=\"font-weight: 400; text-align: justify;\">Por ello, la iniciativa de que este 2022 sea el a\u00f1o del centenario del natalicio del maestro Desiderio Hern\u00e1ndez Xochitiotzin, y el Congreso Local establezca un programa de actividades art\u00edsticas, culturales, c\u00edvicas, educativas y sociales.<\/p>\n<p style=\"font-weight: 400; text-align: justify;\">De esta manera Ter\u00e1n \u00c1guila busca reconocer la vida y obra del gran muralista tlaxcalteca, pero tambi\u00e9n motivar y galardonar a las y los artistas de la entidad.<\/p>\n","protected":false},"excerpt":{"rendered":"<p>El Diputado Rub\u00e9n Ter\u00e1n \u00c1guila del grupo parlamentario de Morena present\u00f3 la iniciativa con proyecto de decreto, por el que solicita se declare el 2022 como A\u00f1o del Centenario del Natalicio del Maestro Desiderio Hern\u00e1ndez Xochitiotzin, como reconocimiento al gran legado de su obra que destaca la historia del pueblo de Tlaxcala. En la m\u00e1xima [&hellip;]<\/p>\n","protected":false},"author":3,"featured_media":0,"comment_status":"open","ping_status":"open","sticky":false,"template":"","format":"standard","meta":{"footnotes":""},"categories":[7],"tags":[],"class_list":["post-10664","post","type-post","status-publish","format-standard","hentry","category-ciudadanos"],"amp_enabled":true,"_links":{"self":[{"href":"https:\/\/labestiapolitica.com.mx\/index.php?rest_route=\/wp\/v2\/posts\/10664","targetHints":{"allow":["GET"]}}],"collection":[{"href":"https:\/\/labestiapolitica.com.mx\/index.php?rest_route=\/wp\/v2\/posts"}],"about":[{"href":"https:\/\/labestiapolitica.com.mx\/index.php?rest_route=\/wp\/v2\/types\/post"}],"author":[{"embeddable":true,"href":"https:\/\/labestiapolitica.com.mx\/index.php?rest_route=\/wp\/v2\/users\/3"}],"replies":[{"embeddable":true,"href":"https:\/\/labestiapolitica.com.mx\/index.php?rest_route=%2Fwp%2Fv2%2Fcomments&post=10664"}],"version-history":[{"count":1,"href":"https:\/\/labestiapolitica.com.mx\/index.php?rest_route=\/wp\/v2\/posts\/10664\/revisions"}],"predecessor-version":[{"id":10666,"href":"https:\/\/labestiapolitica.com.mx\/index.php?rest_route=\/wp\/v2\/posts\/10664\/revisions\/10666"}],"wp:attachment":[{"href":"https:\/\/labestiapolitica.com.mx\/index.php?rest_route=%2Fwp%2Fv2%2Fmedia&parent=10664"}],"wp:term":[{"taxonomy":"category","embeddable":true,"href":"https:\/\/labestiapolitica.com.mx\/index.php?rest_route=%2Fwp%2Fv2%2Fcategories&post=10664"},{"taxonomy":"post_tag","embeddable":true,"href":"https:\/\/labestiapolitica.com.mx\/index.php?rest_route=%2Fwp%2Fv2%2Ftags&post=10664"}],"curies":[{"name":"wp","href":"https:\/\/api.w.org\/{rel}","templated":true}]}}