{"id":10774,"date":"2022-02-01T03:18:39","date_gmt":"2022-02-01T03:18:39","guid":{"rendered":"https:\/\/labestiapolitica.com.mx\/?p=10774"},"modified":"2022-02-02T04:30:02","modified_gmt":"2022-02-02T04:30:02","slug":"envenenan-perros-en-huamantla-y-alcalde-ordena-investigacion-para-castigar-a-responsables","status":"publish","type":"post","link":"https:\/\/labestiapolitica.com.mx\/?p=10774","title":{"rendered":"Envenenan perros en Huamantla y alcalde ordena investigaci\u00f3n para castigar a responsables"},"content":{"rendered":"<div class=\"kvgmc6g5 cxmmr5t8 oygrvhab hcukyx3x c1et5uql ii04i59q\">\n<div dir=\"auto\"><\/div>\n<div dir=\"auto\">Adem\u00e1s, donar\u00e1\u00a0 cada mes de su salario, alimento a los albergues y refugios de Huamantla que protegen a los animales sin hogar.<\/div>\n<div dir=\"auto\"><\/div>\n<div dir=\"auto\" style=\"text-align: justify;\">El pasado domingo aparecieron envenenados algunos caninos en la periferia del municipio de Huamantla, lo que gener\u00f3 molestia del alcalde ecologista Salvador Santos Cedillo, quien orden\u00f3 una investigaci\u00f3n para castigar a los responsables.<\/div>\n<div dir=\"auto\"><\/div>\n<div dir=\"auto\" style=\"text-align: justify;\">\u00abCondeno y repruebo profundamente los hechos ocurridos la noche del domingo 30 de enero, donde a trav\u00e9s de reportes ciudadanos se denunci\u00f3 que fueron envenenados varios caninos en los alrededores de la ciudad. He instruido a los coordinadores de las \u00e1reas competentes que lleven a cabo las investigaciones que sean necesarias para dar con los responsables de este indignante hecho\u00bb, public\u00f3 el presidente municipal.<\/div>\n<\/div>\n<div dir=\"auto\"><\/div>\n<div dir=\"auto\">Adem\u00e1s, detall\u00f3 que <span style=\"text-align: justify;\">\u00a0durante la primera sesi\u00f3n de cabildo aprobaron el Reglamento para la Tenencia de Perros y Gatos del Municipio de Huamantla, donde se incluye: <\/span>Diagn\u00f3stico, prevenci\u00f3n, cuidado, erradicaci\u00f3n de enfermedades y plagas, y el mantenimiento y tenencia responsable de mascotas<\/div>\n<div class=\"cxmmr5t8 oygrvhab hcukyx3x c1et5uql o9v6fnle ii04i59q\">\n<div dir=\"auto\"><\/div>\n<div dir=\"auto\">De igual forma contin\u00faan\u00a0 realizando campa\u00f1as de esterilizaci\u00f3n de perros y gatos en las diferentes comunidades, en coordinaci\u00f3n con el gobierno estatal.<\/div>\n<\/div>\n<div class=\"cxmmr5t8 oygrvhab hcukyx3x c1et5uql o9v6fnle ii04i59q\">\n<div dir=\"auto\"><\/div>\n<div dir=\"auto\" style=\"text-align: justify;\">\u00abMi responsabilidad como presidente y como ser humano, es y ser\u00e1 la protecci\u00f3n del ambiente y los seres vivos. Hago un atento llamado a los ciudadanos de Huamantla a que respetemos el entorno en que vivimos y cuidemos a nuestras mascotas que, para muchos de nosotros, son parte de nuestra familia. Adem\u00e1s, desde hoy donar\u00e9 cada mes, con mi salario, alimento a los albergues y refugios de Huamantla que protegen a los animales sin hogar. El cuidado y protecci\u00f3n de nuestras mascotas es responsabilidad de todos.<\/div>\n<\/div>\n<div class=\"cxmmr5t8 oygrvhab hcukyx3x c1et5uql o9v6fnle ii04i59q\">\n<div dir=\"auto\" style=\"text-align: justify;\"><a class=\"oajrlxb2 g5ia77u1 qu0x051f esr5mh6w e9989ue4 r7d6kgcz rq0escxv nhd2j8a9 nc684nl6 p7hjln8o kvgmc6g5 cxmmr5t8 oygrvhab hcukyx3x jb3vyjys rz4wbd8a qt6c0cv9 a8nywdso i1ao9s8h esuyzwwr f1sip0of lzcic4wl gpro0wi8 q66pz984 b1v8xokw\" tabindex=\"0\" role=\"link\" href=\"https:\/\/www.facebook.com\/hashtag\/noalmaltratodelosanimales?__eep__=6&amp;__cft__[0]=AZUHboHznv4D9G0b-jDAowPnFkiWSUnL4Z65aX8Eoxlp4JHk81TT7jUQPbstU929-eSdGXIx01qdQ69dgZgMIIwcJQorO94IMlqIbXNJ9G3__hHe122Pv9jH0Mil_XLM1D_46uJXaNjrQP5Aajr5SI0B&amp;__tn__=*NK-R\">#NoAlMaltratoDeLosAnimales<\/a><\/div>\n<\/div>\n<div dir=\"auto\"><img loading=\"lazy\" decoding=\"async\" class=\"alignnone wp-image-7542 size-full\" src=\"https:\/\/labestiapolitica.com.mx\/wp-content\/uploads\/2021\/06\/SALVADOR-.jpg\" alt=\"\" width=\"1000\" height=\"600\" \/><\/div>\n<div dir=\"auto\"><\/div>\n<div dir=\"auto\" style=\"text-align: justify;\">El gesto de preocupaci\u00f3n del alcalde fue reconocido por los cibernautas, luego que es inusual que las autoridades se preocupen por los animales que son sacrificados sin raz\u00f3n alguna.<\/div>\n<div dir=\"auto\"><\/div>\n<div dir=\"auto\" style=\"text-align: justify;\">\u00abMis respetos y admiraci\u00f3n se\u00f1or presidente es usted un hombre de valores muchas felicidades por esta iniciativa Dios lo bendiga siempre.\u00a0 Muy bien se\u00f1or presidente esperemos y s\u00ed se hagan las investigaciones correspondientes y hagan pagar a \u00e9sos mal nacidos. Y hay que esterilizar a nuestras mascotas para prevenir \u00e9stos lamentables hechos, y tambi\u00e9n adoptar a \u00e9sos inocentes que viven en situaci\u00f3n de calle. Lo felicito de coraz\u00f3n presidente que su administraci\u00f3n sea la primera en el estado que es emp\u00e1tico con los m\u00e1s vulnerables como lo son los animalitos, que bueno que los protejan, no c\u00f3mo en mi municipio el a\u00f1o pasado recogieron a los perritos a diestra y a siniestra para exterminar fue en Contla de Juan Cuamatzi y eso s\u00ed lo subieron a las redes y no lo de la vacunaci\u00f3n antirr\u00e1bica\u00bb, fueron algunos de los comentarios.<\/div>\n","protected":false},"excerpt":{"rendered":"<p>Adem\u00e1s, donar\u00e1\u00a0 cada mes de su salario, alimento a los albergues y refugios de Huamantla que protegen a los animales sin hogar. El pasado domingo aparecieron envenenados algunos caninos en la periferia del municipio de Huamantla, lo que gener\u00f3 molestia del alcalde ecologista Salvador Santos Cedillo, quien orden\u00f3 una investigaci\u00f3n para castigar a los responsables. [&hellip;]<\/p>\n","protected":false},"author":3,"featured_media":0,"comment_status":"open","ping_status":"open","sticky":false,"template":"","format":"standard","meta":{"footnotes":""},"categories":[7],"tags":[],"class_list":["post-10774","post","type-post","status-publish","format-standard","hentry","category-ciudadanos"],"amp_enabled":true,"_links":{"self":[{"href":"https:\/\/labestiapolitica.com.mx\/index.php?rest_route=\/wp\/v2\/posts\/10774","targetHints":{"allow":["GET"]}}],"collection":[{"href":"https:\/\/labestiapolitica.com.mx\/index.php?rest_route=\/wp\/v2\/posts"}],"about":[{"href":"https:\/\/labestiapolitica.com.mx\/index.php?rest_route=\/wp\/v2\/types\/post"}],"author":[{"embeddable":true,"href":"https:\/\/labestiapolitica.com.mx\/index.php?rest_route=\/wp\/v2\/users\/3"}],"replies":[{"embeddable":true,"href":"https:\/\/labestiapolitica.com.mx\/index.php?rest_route=%2Fwp%2Fv2%2Fcomments&post=10774"}],"version-history":[{"count":3,"href":"https:\/\/labestiapolitica.com.mx\/index.php?rest_route=\/wp\/v2\/posts\/10774\/revisions"}],"predecessor-version":[{"id":10792,"href":"https:\/\/labestiapolitica.com.mx\/index.php?rest_route=\/wp\/v2\/posts\/10774\/revisions\/10792"}],"wp:attachment":[{"href":"https:\/\/labestiapolitica.com.mx\/index.php?rest_route=%2Fwp%2Fv2%2Fmedia&parent=10774"}],"wp:term":[{"taxonomy":"category","embeddable":true,"href":"https:\/\/labestiapolitica.com.mx\/index.php?rest_route=%2Fwp%2Fv2%2Fcategories&post=10774"},{"taxonomy":"post_tag","embeddable":true,"href":"https:\/\/labestiapolitica.com.mx\/index.php?rest_route=%2Fwp%2Fv2%2Ftags&post=10774"}],"curies":[{"name":"wp","href":"https:\/\/api.w.org\/{rel}","templated":true}]}}