{"id":10793,"date":"2022-02-01T21:45:45","date_gmt":"2022-02-01T21:45:45","guid":{"rendered":"https:\/\/labestiapolitica.com.mx\/?p=10793"},"modified":"2022-02-02T04:29:36","modified_gmt":"2022-02-02T04:29:36","slug":"el-verdadero-trabajo-de-accion-nacional-esta-con-la-ciudadania-no-en-oficinas-cde","status":"publish","type":"post","link":"https:\/\/labestiapolitica.com.mx\/?p=10793","title":{"rendered":"El verdadero trabajo de Acci\u00f3n Nacional est\u00e1 con la ciudadan\u00eda, no en oficinas: CDE"},"content":{"rendered":"<p style=\"text-align: justify;\">* \u201cEl partido tiene las puertas abiertas para todos y los estamos recibiendo\u201d, Miriam Mart\u00ednez S\u00e1nchez.<\/p>\n<p><img loading=\"lazy\" decoding=\"async\" class=\"alignnone size-medium wp-image-10795\" src=\"https:\/\/labestiapolitica.com.mx\/wp-content\/uploads\/2022\/02\/IMG-20220201-WA0036-300x180.jpg\" alt=\"\" width=\"300\" height=\"180\" \/><\/p>\n<p style=\"text-align: justify;\">En el margen de las conferencias impartidas para regidores panistas, la presidenta, Miriam Mart\u00ednez S\u00e1nchez, refiri\u00f3 que ellos ser\u00e1n el ej\u00e9rcito que, junto con los alcaldes, llevar\u00e1n al partido al triunfo en el 2024.<\/p>\n<p style=\"text-align: justify;\">Agreg\u00f3 que el verdadero trabajo del partido est\u00e1 con la ciudadan\u00eda y no en las oficinas o entes p\u00fablicos, por lo que en pr\u00f3ximas semanas empezar\u00e1 la aplicaci\u00f3n de estrategias rumbo al 2024.<\/p>\n<p style=\"text-align: justify;\">\u201cEl partido tiene las puertas abiertas para todos ustedes. Estamos recibiendo a todos por la puerta principal, porque esta es la casa de todos\u201d, coment\u00f3 Mart\u00ednez S\u00e1nchez.<\/p>\n<p>La primera conferencia, \u201cLa importancia del Regidor como primer acercamiento con la ciudadan\u00eda\u201d, fue impartida por Mar\u00eda Paulina P\u00e9rez Gonz\u00e1lez, 1ra regidora de Naulcalpan y la denominada \u201cSoy Regidor y soy del Pan\u201d por Luis Alberto Aguilera Orta, Coordinador Nacional de S\u00edndicos y regidores.<\/p>\n<p style=\"text-align: justify;\">En el evento tambi\u00e9n estuvo presente el secretario de Acci\u00f3n Nacional, Carlos Quiroz Dur\u00e1n y fue organizado por la coordinadora de regidores panistas en Tlaxcala, Mirza Amaral S\u00e1nchez.<\/p>\n","protected":false},"excerpt":{"rendered":"<p>* \u201cEl partido tiene las puertas abiertas para todos y los estamos recibiendo\u201d, Miriam Mart\u00ednez S\u00e1nchez. En el margen de las conferencias impartidas para regidores panistas, la presidenta, Miriam Mart\u00ednez S\u00e1nchez, refiri\u00f3 que ellos ser\u00e1n el ej\u00e9rcito que, junto con los alcaldes, llevar\u00e1n al partido al triunfo en el 2024. Agreg\u00f3 que el verdadero trabajo [&hellip;]<\/p>\n","protected":false},"author":3,"featured_media":0,"comment_status":"open","ping_status":"open","sticky":false,"template":"","format":"standard","meta":{"footnotes":""},"categories":[7],"tags":[],"class_list":["post-10793","post","type-post","status-publish","format-standard","hentry","category-ciudadanos"],"amp_enabled":true,"_links":{"self":[{"href":"https:\/\/labestiapolitica.com.mx\/index.php?rest_route=\/wp\/v2\/posts\/10793","targetHints":{"allow":["GET"]}}],"collection":[{"href":"https:\/\/labestiapolitica.com.mx\/index.php?rest_route=\/wp\/v2\/posts"}],"about":[{"href":"https:\/\/labestiapolitica.com.mx\/index.php?rest_route=\/wp\/v2\/types\/post"}],"author":[{"embeddable":true,"href":"https:\/\/labestiapolitica.com.mx\/index.php?rest_route=\/wp\/v2\/users\/3"}],"replies":[{"embeddable":true,"href":"https:\/\/labestiapolitica.com.mx\/index.php?rest_route=%2Fwp%2Fv2%2Fcomments&post=10793"}],"version-history":[{"count":2,"href":"https:\/\/labestiapolitica.com.mx\/index.php?rest_route=\/wp\/v2\/posts\/10793\/revisions"}],"predecessor-version":[{"id":10810,"href":"https:\/\/labestiapolitica.com.mx\/index.php?rest_route=\/wp\/v2\/posts\/10793\/revisions\/10810"}],"wp:attachment":[{"href":"https:\/\/labestiapolitica.com.mx\/index.php?rest_route=%2Fwp%2Fv2%2Fmedia&parent=10793"}],"wp:term":[{"taxonomy":"category","embeddable":true,"href":"https:\/\/labestiapolitica.com.mx\/index.php?rest_route=%2Fwp%2Fv2%2Fcategories&post=10793"},{"taxonomy":"post_tag","embeddable":true,"href":"https:\/\/labestiapolitica.com.mx\/index.php?rest_route=%2Fwp%2Fv2%2Ftags&post=10793"}],"curies":[{"name":"wp","href":"https:\/\/api.w.org\/{rel}","templated":true}]}}