{"id":10928,"date":"2022-02-09T03:34:05","date_gmt":"2022-02-09T03:34:05","guid":{"rendered":"https:\/\/labestiapolitica.com.mx\/?p=10928"},"modified":"2022-02-15T05:21:59","modified_gmt":"2022-02-15T05:21:59","slug":"dialogo-y-acuerdos-entre-alcalde-de-apizaco-y-transportistas-trabajaran-en-equipo","status":"publish","type":"post","link":"https:\/\/labestiapolitica.com.mx\/?p=10928","title":{"rendered":"Di\u00e1logo y acuerdos entre alcalde de Apizaco y transportistas; trabajar\u00e1n en equipo"},"content":{"rendered":"<p style=\"text-align: justify;\">El presidente municipal de Apizaco Pablo Badillo se reuni\u00f3 con transportistas de m\u00e1s de 20 rutas que convergen en la ciudad rielera, a quienes les manifest\u00f3 su disposici\u00f3n para trabajar coordinadamente para atender y resolver las dudas y necesidades que surjen en el sector.<\/p>\n<p style=\"text-align: justify;\">Al alcalde aclar\u00f3 que el ayuntamiento no cobra derecho de piso a ninguna unidad o conductor del transporte p\u00fablico que circula o hace base en el municipio rielero.<\/p>\n<p style=\"text-align: justify;\">De la misma manera, se\u00f1al\u00f3 que el gobierno que encabeza no tiene ning\u00fan compromiso o contrato firmado con ninguna empresa de gr\u00faas para atender los accidentes automovil\u00edsticos que se registran en el territorio municipal.<\/p>\n<p style=\"text-align: justify;\">Sin embargo, llam\u00f3 a los miembros de ese sector a respetar las se\u00f1ales de tr\u00e1nsito y manejar con precauci\u00f3n para evitar percances viales que pongan en riesgo la integridad de los ciudadanos.<\/p>\n<p style=\"text-align: justify;\">Asimismo se\u00f1al\u00f3 que los cobros y acciones de su gobierno siempre han estado apegadas a la legalidad y se acuerdo a lo establecido a la ley municipal.<\/p>\n<p style=\"text-align: justify;\">Pablo Badillo, invit\u00f3 a los transportistas a denunciar cualquier anomal\u00eda que se registre en torno a la funci\u00f3n p\u00fablica municipal, a fin de tomar cartas en el asunto contra quienes intenten denigrar la imagen del ayuntamiento.<\/p>\n<p style=\"text-align: justify;\">Con este tipo de acciones, el gobierno de Apizaco da muestra de la voluntad y di\u00e1logo para atender cualquier inconformidad que surja en cualquiera de los sectores sociales.<\/p>\n","protected":false},"excerpt":{"rendered":"<p>El presidente municipal de Apizaco Pablo Badillo se reuni\u00f3 con transportistas de m\u00e1s de 20 rutas que convergen en la ciudad rielera, a quienes les manifest\u00f3 su disposici\u00f3n para trabajar coordinadamente para atender y resolver las dudas y necesidades que surjen en el sector. Al alcalde aclar\u00f3 que el ayuntamiento no cobra derecho de piso [&hellip;]<\/p>\n","protected":false},"author":3,"featured_media":0,"comment_status":"open","ping_status":"open","sticky":false,"template":"","format":"standard","meta":{"footnotes":""},"categories":[7],"tags":[],"class_list":["post-10928","post","type-post","status-publish","format-standard","hentry","category-ciudadanos"],"amp_enabled":true,"_links":{"self":[{"href":"https:\/\/labestiapolitica.com.mx\/index.php?rest_route=\/wp\/v2\/posts\/10928","targetHints":{"allow":["GET"]}}],"collection":[{"href":"https:\/\/labestiapolitica.com.mx\/index.php?rest_route=\/wp\/v2\/posts"}],"about":[{"href":"https:\/\/labestiapolitica.com.mx\/index.php?rest_route=\/wp\/v2\/types\/post"}],"author":[{"embeddable":true,"href":"https:\/\/labestiapolitica.com.mx\/index.php?rest_route=\/wp\/v2\/users\/3"}],"replies":[{"embeddable":true,"href":"https:\/\/labestiapolitica.com.mx\/index.php?rest_route=%2Fwp%2Fv2%2Fcomments&post=10928"}],"version-history":[{"count":1,"href":"https:\/\/labestiapolitica.com.mx\/index.php?rest_route=\/wp\/v2\/posts\/10928\/revisions"}],"predecessor-version":[{"id":10930,"href":"https:\/\/labestiapolitica.com.mx\/index.php?rest_route=\/wp\/v2\/posts\/10928\/revisions\/10930"}],"wp:attachment":[{"href":"https:\/\/labestiapolitica.com.mx\/index.php?rest_route=%2Fwp%2Fv2%2Fmedia&parent=10928"}],"wp:term":[{"taxonomy":"category","embeddable":true,"href":"https:\/\/labestiapolitica.com.mx\/index.php?rest_route=%2Fwp%2Fv2%2Fcategories&post=10928"},{"taxonomy":"post_tag","embeddable":true,"href":"https:\/\/labestiapolitica.com.mx\/index.php?rest_route=%2Fwp%2Fv2%2Ftags&post=10928"}],"curies":[{"name":"wp","href":"https:\/\/api.w.org\/{rel}","templated":true}]}}