{"id":10931,"date":"2022-02-09T05:52:19","date_gmt":"2022-02-09T05:52:19","guid":{"rendered":"https:\/\/labestiapolitica.com.mx\/?p=10931"},"modified":"2022-02-15T05:21:30","modified_gmt":"2022-02-15T05:21:30","slug":"bar-terraza-del-mat-fue-clausurada-por-coeprist-fue-inaugurada-por-gobernadora-lorena-cuellar","status":"publish","type":"post","link":"https:\/\/labestiapolitica.com.mx\/?p=10931","title":{"rendered":"Bar-Terraza del MAT clausurada por Coeprist, fue inaugurada por gobernadora Lorena Cu\u00e9llar"},"content":{"rendered":"<p style=\"text-align: justify;\">Armando GONZ\u00c1LEZ\/ Tlaxcala\/ Luego de la andanada de cr\u00edticas al Gobierno de Lorena Cu\u00e9llar por haber inaugurado el restaurante- bar denominado \u201cLa Terraza\u201d, ubicado en la parte alta del Museo de Arte de Tlaxcala (MAT), en plena cuarta ola del Covid-19, este martes a trav\u00e9s de un comunicado oficial, se dio a conocer la clausura del negocio por incumplir con las medidas sanitarias\u00a0 previstas en los lineamientos aprobados por el Consejo Estatal de Salud (CES).<\/p>\n<p><img loading=\"lazy\" decoding=\"async\" class=\"alignnone wp-image-10884 size-full\" src=\"https:\/\/labestiapolitica.com.mx\/wp-content\/uploads\/2022\/02\/fiesta-.jpg\" alt=\"\" width=\"1000\" height=\"600\" \/><\/p>\n<p style=\"text-align: justify;\">El bolet\u00edn detall\u00f3 que se\u00a0\u00a0 revisar\u00e1n las condiciones del contrato, y que se\u00a0 se clausur\u00f3 de manera provisional despu\u00e9s de realizar una pr\u00e1ctica de revisi\u00f3n, la Comisi\u00f3n Estatal para la Protecci\u00f3n contra Riesgos Sanitarios del Estado de Tlaxcala (Coeprist), pudo establecer que el negocio incumpli\u00f3 con las medidas sanitarias consistentes en un aforo superior al 70 por ciento en espacios abiertos, adem\u00e1s de no respetar el horario de actividades hasta las 23:00 horas.<\/p>\n<p style=\"text-align: justify;\">Bajo estas circunstancias, se procedi\u00f3 a la clausura temporal del espacio, hasta en tanto no justifique estar al corriente con el cumplimiento de todas las disposiciones legales que son propias para su funcionamiento.<\/p>\n<p style=\"text-align: justify;\">Es de mencionar que las nuevas medidas fueron aprobadas el pasado 3 de febrero, con la finalidad de evitar al aumento de contagios por Covid-19 entre la poblaci\u00f3n. La autoridad notific\u00f3 que se revisar\u00e1n las condiciones del contrato y se valorar\u00e1 su cumplimiento.<\/p>\n<p><img loading=\"lazy\" decoding=\"async\" class=\"alignnone wp-image-10933 size-full\" src=\"https:\/\/labestiapolitica.com.mx\/wp-content\/uploads\/2022\/02\/mat66.jpg\" alt=\"\" width=\"1000\" height=\"600\" \/><\/p>\n<blockquote class=\"wp-embedded-content\" data-secret=\"j9r9aUdwmv\"><p><a href=\"https:\/\/labestiapolitica.com.mx\/?p=10883\">Genera pol\u00e9mica Terraza-bar  del Museo de Arte de Tlaxcala, inaugurada por gobernadora<\/a><\/p><\/blockquote>\n<p><iframe loading=\"lazy\" class=\"wp-embedded-content\" sandbox=\"allow-scripts\" security=\"restricted\" style=\"position: absolute; visibility: hidden;\" title=\"\u00abGenera pol\u00e9mica Terraza-bar  del Museo de Arte de Tlaxcala, inaugurada por gobernadora\u00bb \u2014 La Bestia Pol&iacute;tica\" src=\"https:\/\/labestiapolitica.com.mx\/?p=10883&#038;embed=true#?secret=l7w42Wvm2m#?secret=j9r9aUdwmv\" data-secret=\"j9r9aUdwmv\" width=\"600\" height=\"338\" frameborder=\"0\" marginwidth=\"0\" marginheight=\"0\" scrolling=\"no\"><\/iframe><\/p>\n","protected":false},"excerpt":{"rendered":"<p>Armando GONZ\u00c1LEZ\/ Tlaxcala\/ Luego de la andanada de cr\u00edticas al Gobierno de Lorena Cu\u00e9llar por haber inaugurado el restaurante- bar denominado \u201cLa Terraza\u201d, ubicado en la parte alta del Museo de Arte de Tlaxcala (MAT), en plena cuarta ola del Covid-19, este martes a trav\u00e9s de un comunicado oficial, se dio a conocer la clausura [&hellip;]<\/p>\n","protected":false},"author":3,"featured_media":0,"comment_status":"open","ping_status":"open","sticky":false,"template":"","format":"standard","meta":{"footnotes":""},"categories":[7],"tags":[],"class_list":["post-10931","post","type-post","status-publish","format-standard","hentry","category-ciudadanos"],"amp_enabled":true,"_links":{"self":[{"href":"https:\/\/labestiapolitica.com.mx\/index.php?rest_route=\/wp\/v2\/posts\/10931","targetHints":{"allow":["GET"]}}],"collection":[{"href":"https:\/\/labestiapolitica.com.mx\/index.php?rest_route=\/wp\/v2\/posts"}],"about":[{"href":"https:\/\/labestiapolitica.com.mx\/index.php?rest_route=\/wp\/v2\/types\/post"}],"author":[{"embeddable":true,"href":"https:\/\/labestiapolitica.com.mx\/index.php?rest_route=\/wp\/v2\/users\/3"}],"replies":[{"embeddable":true,"href":"https:\/\/labestiapolitica.com.mx\/index.php?rest_route=%2Fwp%2Fv2%2Fcomments&post=10931"}],"version-history":[{"count":3,"href":"https:\/\/labestiapolitica.com.mx\/index.php?rest_route=\/wp\/v2\/posts\/10931\/revisions"}],"predecessor-version":[{"id":10936,"href":"https:\/\/labestiapolitica.com.mx\/index.php?rest_route=\/wp\/v2\/posts\/10931\/revisions\/10936"}],"wp:attachment":[{"href":"https:\/\/labestiapolitica.com.mx\/index.php?rest_route=%2Fwp%2Fv2%2Fmedia&parent=10931"}],"wp:term":[{"taxonomy":"category","embeddable":true,"href":"https:\/\/labestiapolitica.com.mx\/index.php?rest_route=%2Fwp%2Fv2%2Fcategories&post=10931"},{"taxonomy":"post_tag","embeddable":true,"href":"https:\/\/labestiapolitica.com.mx\/index.php?rest_route=%2Fwp%2Fv2%2Ftags&post=10931"}],"curies":[{"name":"wp","href":"https:\/\/api.w.org\/{rel}","templated":true}]}}