{"id":10953,"date":"2022-01-30T23:02:40","date_gmt":"2022-01-30T23:02:40","guid":{"rendered":"https:\/\/labestiapolitica.com.mx\/?p=10953"},"modified":"2022-02-10T00:05:36","modified_gmt":"2022-02-10T00:05:36","slug":"seguridad-y-en-2022-tlaxcala-sera-una-mejor-ciudad-para-vivir-jorge-corichi","status":"publish","type":"post","link":"https:\/\/labestiapolitica.com.mx\/?p=10953","title":{"rendered":"Seguridad y en 2022 Tlaxcala ser\u00e1 una mejor ciudad para vivir: Jorge Corichi"},"content":{"rendered":"<header><\/header>\n<header>Resumen enero 2022<\/header>\n<header class=\"entry-header penci-entry-header penci-title-\"><span style=\"font-size: 36pt;\">Aplicar\u00e1n pruebas de detecci\u00f3n de Covid-19 a personal del Ayuntamiento de Tlaxcala<\/span><\/header>\n<header><\/header>\n<header><\/header>\n<div class=\"entry-media penci-entry-media\" style=\"text-align: justify;\">\n<div class=\"post-format-meta \">\n<div class=\"post-image penci-standard-format\"><img loading=\"lazy\" decoding=\"async\" class=\"attachment-penci-thumb-960-auto size-penci-thumb-960-auto wp-post-image\" src=\"https:\/\/www.385grados.com.mx\/wp-content\/uploads\/2021\/08\/vacunatlax.jpg\" sizes=\"auto, (max-width: 600px) 100vw, 600px\" srcset=\"https:\/\/www.385grados.com.mx\/wp-content\/uploads\/2021\/08\/vacunatlax.jpg 600w, https:\/\/www.385grados.com.mx\/wp-content\/uploads\/2021\/08\/vacunatlax-300x188.jpg 300w, https:\/\/www.385grados.com.mx\/wp-content\/uploads\/2021\/08\/vacunatlax-585x366.jpg 585w\" alt=\"\" width=\"600\" height=\"375\" \/><\/div>\n<\/div>\n<\/div>\n<div class=\"penci-entry-content entry-content\" style=\"text-align: justify;\">\n<p><em>*Las pruebas fueron gestionadas por el Sistema DIF Municipal para proteger la integridad y salud del personal de atenci\u00f3n y a los usuarios.<\/em><\/p>\n<p>El Sistema DIF Municipal de Tlaxcala realiz\u00f3 la gesti\u00f3n de 100 pruebas de detecci\u00f3n de ant\u00edgenos de COVID19, mismas que se aplicar\u00e1n de forma gratuita a los trabajadores del Ayuntamiento de Tlaxcala que se desempe\u00f1an en la atenci\u00f3n directa a la ciudadan\u00eda.<\/p>\n<p>Los ex\u00e1menes se estar\u00e1n aplicando en la Jurisdicci\u00f3n Sanitaria n\u00famero 1 ubicada en la Colonia La Loma Xicoht\u00e9ncatl a cargo del m\u00e9dico Daniel Alejandro Mateos R\u00e1bago, adscrito al SMDIF. En jornadas posteriores se har\u00e1n en las instalaciones de la Presidencia Municipal.<\/p>\n<p>La prevenci\u00f3n ante cualquier posibilidad de contagio de la enfermedad COVID19 y sus variantes es primordial para el Ayuntamiento de Tlaxcala, dijo al respecto el presidente municipal, Jorge Corichi.<\/p>\n<p>Es por ello que en todas las \u00e1reas en las que se da atenci\u00f3n y asesor\u00eda a las y los ciudadanos, se aplican los protocolos sanitarios correspondientes y se vigila que el personal se encuentre en \u00f3ptimas condiciones de salud.<\/p>\n<p><span style=\"font-size: 24pt;\"><strong>Impulsa Ayuntamiento de Tlaxcala econom\u00eda de talentos locales <\/strong><\/span><\/p>\n<p>&nbsp;<\/p>\n<p><em>A trav\u00e9s de la Expo Venta de la Econom\u00eda Social y Solidaria\u201d, artistas pueden ofertar sus obras para reactivar sus ingresos <\/em><\/p>\n<p>&nbsp;<\/p>\n<p>Impulsa Ayuntamiento de Tlaxcala econom\u00eda de talentos locales<\/p>\n<p>&nbsp;<\/p>\n<ul>\n<li>A trav\u00e9s de la \u201cExpo Venta de la Econom\u00eda Social y Solidaria\u201d, artistas muestran obras para reactivar sus ingresos<\/li>\n<\/ul>\n<p>&nbsp;<\/p>\n<p>El Ayuntamiento de Tlaxcala, a trav\u00e9s de la Direcci\u00f3n de Econom\u00eda y Emprendimiento Social, impulsa la reactivaci\u00f3n econ\u00f3mica de artistas locales con la \u201cExpo Venta de Arte Contempor\u00e1neo\u201d, instalada en la plaza comercial Galer\u00edas Tlaxcala.<\/p>\n<p>&nbsp;<\/p>\n<p>A trav\u00e9s de este espacio, los creadores exhiben obras de arte de diversos estilos y t\u00e9cnicas a la poblaci\u00f3n y de este modo obtienen ingresos en estos tiempos de pandemia de COVID19.<\/p>\n<p>&nbsp;<\/p>\n<p>La Expo Venta se instal\u00f3 los d\u00edas 27, 28, 29 y 30 de enero y ha contado con la participaci\u00f3n de 8 artistas tlaxcaltecas que pusieron a la venta m\u00e1s de 26 obras de arte, as\u00ed como mini obras con t\u00e9cnicas manuales, digitales, acuarela, entre otras.<\/p>\n<p>&nbsp;<\/p>\n<p>A trav\u00e9s del convenio signado por el Ayuntamiento y directivos\u00a0 de diversos centros comerciales, pr\u00f3ximamente se realizar\u00e1n otras Expo ventas de la Econom\u00eda Social y Solidaria, con variados exponentes y productos, con el prop\u00f3sito de incentivar el flujo econ\u00f3mico de este importante sector productivo.<\/p>\n<p><img loading=\"lazy\" decoding=\"async\" class=\"alignnone wp-image-10954 size-full\" src=\"https:\/\/labestiapolitica.com.mx\/wp-content\/uploads\/2022\/02\/capital-.jpg\" alt=\"\" width=\"1000\" height=\"600\" \/><\/p>\n<\/div>\n<div class=\"kvgmc6g5 cxmmr5t8 oygrvhab hcukyx3x c1et5uql ii04i59q\" style=\"text-align: justify;\">\n<div dir=\"auto\"><span style=\"font-size: 24pt;\">Sale positivo a Covid alcalde de Tlaxcala.\u00a0<\/span><\/div>\n<div dir=\"auto\"><\/div>\n<div dir=\"auto\" style=\"text-align: justify;\">Hoy recib\u00ed el resultado de la prueba de COVID19, fue: POSITIVO.<\/div>\n<\/div>\n<div class=\"cxmmr5t8 oygrvhab hcukyx3x c1et5uql o9v6fnle ii04i59q\" style=\"text-align: justify;\">\n<div dir=\"auto\">Estoy aislado desde ayer, con molestias menores, por fortuna. Trabajo a distancia.<\/div>\n<\/div>\n<div class=\"cxmmr5t8 oygrvhab hcukyx3x c1et5uql o9v6fnle ii04i59q\" style=\"text-align: justify;\">\n<div dir=\"auto\">Sigo deseando que todos quienes tengan el virus la libren bien y pronto.<\/div>\n<\/div>\n<div class=\"cxmmr5t8 oygrvhab hcukyx3x c1et5uql o9v6fnle ii04i59q\" style=\"text-align: justify;\">\n<div dir=\"auto\" style=\"text-align: justify;\">Continuamos en comunicaci\u00f3n permanente.<\/div>\n<\/div>\n<div dir=\"auto\" style=\"text-align: justify;\"><\/div>\n<div class=\"headPostSingle\" style=\"text-align: justify;\"><span style=\"font-size: 18pt;\">El presidente municipal de Tlaxcala, Jorge Corichi, dio \u2018positivo\u2019 a COVID-19<\/span><\/div>\n<div><\/div>\n<figure class=\"wp-block-image size-large\" style=\"text-align: justify;\"><img decoding=\"async\" class=\"wp-image-324178 img-responsive \" src=\"https:\/\/gentetlx.com.mx\/wp-content\/uploads\/2022\/01\/corichi_covid.jpeg\" sizes=\"(max-width: 750px) 100vw, 750px\" srcset=\"https:\/\/gentetlx.com.mx\/wp-content\/uploads\/2022\/01\/corichi_covid.jpeg 750w, https:\/\/gentetlx.com.mx\/wp-content\/uploads\/2022\/01\/corichi_covid-300x200.jpeg 300w\" alt=\"\" \/><\/figure>\n<p style=\"text-align: justify;\"><em><strong>Desde antes de recibir los resultados, el mandatario municipal se aisl\u00f3 y report\u00f3 sentir molestias menores, por fortuna.<\/strong><\/em><\/p>\n<p style=\"text-align: justify;\"><em><strong>\u201cSigo deseando que todos quienes tengan el virus la libren bien y pronto\u201d, poste\u00f3 en su cuenta de Facebook<\/strong><\/em><\/p>\n<p style=\"text-align: justify;\">El Alcalde se mantiene en contacto permanente con su equipo de trabajo y pasado el mediod\u00eda particip\u00f3 en una reuni\u00f3n virtual con funcionarios de la Secretar\u00eda de Desarrollo Agrario, Territorial y Urbano (SEDATU) del Gobierno de la Rep\u00fablica y del Gobierno de Tlaxcala.<\/p>\n<p style=\"text-align: justify;\">Finalmente, el Presidente municipal de la Ciudad de Tlaxcala, Jorge Corichi, hace un exhorto a las y los capitalinos a protegerse contra COVID19, en su variante \u00d3micron, con la aplicaci\u00f3n de vacunas este viernes 28 de enero a trav\u00e9s de los m\u00f3dulos que se han instalado en dos sedes:<\/p>\n<p style=\"text-align: justify;\">1.- Explanada de la C\u00ednica 8 del IMSS, donde aplicar\u00e1n el biol\u00f3gico a menores de 12 a 17 a\u00f1os de edad con alguna condici\u00f3n m\u00e9dica, de las 10:00 a las 18:00 horas.<\/p>\n<p style=\"text-align: justify;\">2.- Centro de Salud Urbano, donde las vacunas ser\u00e1n para rezagados y embarazadas, de 8:00 a 14:30 horas.<\/p>\n<p style=\"text-align: justify;\"><img loading=\"lazy\" decoding=\"async\" class=\"alignnone wp-image-7090 size-full\" src=\"https:\/\/labestiapolitica.com.mx\/wp-content\/uploads\/2021\/05\/JORGE-1-2.jpg\" alt=\"\" width=\"1000\" height=\"600\" \/><\/p>\n<div class=\"kvgmc6g5 cxmmr5t8 oygrvhab hcukyx3x c1et5uql ii04i59q\" style=\"text-align: justify;\">\n<div dir=\"auto\"><span style=\"font-size: 24pt;\">Entregan 674 tarjetas de Pensi\u00f3n para el Bienestar en Tlaxcala Capital<\/span><\/div>\n<\/div>\n<div class=\"cxmmr5t8 oygrvhab hcukyx3x c1et5uql o9v6fnle ii04i59q\" style=\"text-align: justify;\">\n<div dir=\"auto\">\u2022 La gobernadora de Tlaxcala, Lorena Cu\u00e9llar, reconoci\u00f3 al alcalde Jorge Corichi como un \u201caliado\u201d para fortalecer los programas sociales<\/div>\n<\/div>\n<div class=\"cxmmr5t8 oygrvhab hcukyx3x c1et5uql o9v6fnle ii04i59q\" style=\"text-align: justify;\">\n<div dir=\"auto\">El presidente municipal de Tlaxcala, Jorge Corichi, particip\u00f3 en la ceremonia de entrega de tarjetas de Pensi\u00f3n para el Bienestar de las Personas Adultas Mayores y con Discapacidad, encabezada por la mandataria estatal, Lorena Cu\u00e9llar Cisneros.<\/div>\n<\/div>\n<div class=\"cxmmr5t8 oygrvhab hcukyx3x c1et5uql o9v6fnle ii04i59q\" style=\"text-align: justify;\">\n<div dir=\"auto\">Desde el domo blanco del Centro Expositor de Tlaxcala, el alcalde Corichi reconoci\u00f3 el esfuerzo de la Delegaci\u00f3n de la Secretar\u00eda de Bienestar por agilizar la entrega de los programas sociales que el Presidente Andr\u00e9s Manuel L\u00f3pez Obrador ha impulsado y agradeci\u00f3 el apoyo que se le da a la poblaci\u00f3n vulnerable de Tlaxcala Capital.<\/div>\n<\/div>\n<div class=\"cxmmr5t8 oygrvhab hcukyx3x c1et5uql o9v6fnle ii04i59q\" style=\"text-align: justify;\">\n<div dir=\"auto\">\u201cLos \u2018tiaxcas\u2019 son los que representan la experiencia, la visi\u00f3n a largo plazo y las voces del pasado (y los reconocemos); es as\u00ed que el apoyo econ\u00f3mico que otorga el Gobierno de la Rep\u00fablica no es una concesi\u00f3n, es ser rec\u00edprocos y solidarios con el esfuerzo que han hecho nuestros adultos\u201d, expreso el alcalde en su mensaje.<\/div>\n<\/div>\n<div class=\"cxmmr5t8 oygrvhab hcukyx3x c1et5uql o9v6fnle ii04i59q\" style=\"text-align: justify;\">\n<div dir=\"auto\">Por su parte, la gobernadora de Tlaxcala, Lorena Cu\u00e9llar Cisneros, destac\u00f3 el valioso apoyo recibido de aliados para fortalecer los programas sociales.<\/div>\n<\/div>\n<div class=\"cxmmr5t8 oygrvhab hcukyx3x c1et5uql o9v6fnle ii04i59q\" style=\"text-align: justify;\">\n<div dir=\"auto\">\u201cSoy una gobernadora cercana; quiero ir a todos los rincones del Estado, escuchar a la gente, estar al pendiente de sus necesidades y por eso es importante tener aliados que nos ayuden a lograrlo. Sabemos que tenemos un gran aliado en el Estado, a nuestro Presidente Andr\u00e9s Manuel L\u00f3pez Obrador, que gracias a \u00e9l vamos teniendo diferentes apoyos todos los d\u00edas, y contamos tambi\u00e9n con el aliado del presidente municipal, Jorge Corichi, que tambi\u00e9n me da mucho gusto que podamos colaborar juntos, trabajar en equipo, y con este equipo de Bienestar\u201d, expres\u00f3 la mandataria estatal.<\/div>\n<\/div>\n<div class=\"cxmmr5t8 oygrvhab hcukyx3x c1et5uql o9v6fnle ii04i59q\" style=\"text-align: justify;\">\n<div dir=\"auto\">En su participaci\u00f3n, Carlos Luna V\u00e1zquez, delegado de la Secretar\u00eda del Bienestar del Gobierno de la Rep\u00fablica, destac\u00f3 la importancia del trabajo coordinado con la gobernadora Cuellar y el alcalde Corichi.<\/div>\n<\/div>\n<div class=\"cxmmr5t8 oygrvhab hcukyx3x c1et5uql o9v6fnle ii04i59q\" style=\"text-align: justify;\">\n<div dir=\"auto\">\u201cEsa es la instrucci\u00f3n del se\u00f1or Presidente de la Rep\u00fablica; que los tres niveles de gobierno trabajen de la mano para beneficio de todos los ciudadanos porque para eso nos pusieron ara darle resultados a todos y a todas\u201d, expres\u00f3 el delegado Luna.<\/div>\n<\/div>\n<div class=\"cxmmr5t8 oygrvhab hcukyx3x c1et5uql o9v6fnle ii04i59q\" style=\"text-align: justify;\">\n<div dir=\"auto\">Cabe precisar que el d\u00eda de ayer se entregaron 500 tarjetas de la Pensi\u00f3n del Bienestar y el d\u00eda de hoy las restantes, para completar las 674.<\/div>\n<\/div>\n<div dir=\"auto\" style=\"text-align: justify;\"><img loading=\"lazy\" decoding=\"async\" class=\"alignnone wp-image-10955 size-full\" src=\"https:\/\/labestiapolitica.com.mx\/wp-content\/uploads\/2022\/02\/alcalde-.jpg\" alt=\"\" width=\"1000\" height=\"600\" \/><\/div>\n<div dir=\"auto\" style=\"text-align: justify;\">\n<div class=\"kvgmc6g5 cxmmr5t8 oygrvhab hcukyx3x c1et5uql ii04i59q\">\n<div dir=\"auto\"><\/div>\n<\/div>\n<div dir=\"auto\"><span style=\"font-size: 24pt;\">Reconoce Corichi a los periodistas.\u00a0<\/span><\/div>\n<div class=\"kvgmc6g5 cxmmr5t8 oygrvhab hcukyx3x c1et5uql ii04i59q\">\n<div dir=\"auto\" style=\"text-align: justify;\">Han estado en la primera l\u00ednea de la informaci\u00f3n en una \u00e9poca de pandemia, por ello reconozco el esfuerzo de las y los profesionales que se la han rifado por informar a la poblaci\u00f3n de Tlaxcala Capital.<\/div>\n<\/div>\n<div class=\"cxmmr5t8 oygrvhab hcukyx3x c1et5uql o9v6fnle ii04i59q\" style=\"text-align: justify;\">\n<div dir=\"auto\">Les env\u00edo un abrazo y agradecimiento sincero por su labor.<\/div>\n<\/div>\n<div class=\"cxmmr5t8 oygrvhab hcukyx3x c1et5uql o9v6fnle ii04i59q\">\n<div dir=\"auto\" style=\"text-align: justify;\">Feliz <a class=\"oajrlxb2 g5ia77u1 qu0x051f esr5mh6w e9989ue4 r7d6kgcz rq0escxv nhd2j8a9 nc684nl6 p7hjln8o kvgmc6g5 cxmmr5t8 oygrvhab hcukyx3x jb3vyjys rz4wbd8a qt6c0cv9 a8nywdso i1ao9s8h esuyzwwr f1sip0of lzcic4wl gpro0wi8 q66pz984 b1v8xokw\" tabindex=\"0\" role=\"link\" href=\"https:\/\/www.facebook.com\/hashtag\/d%C3%ADadelperiodista?__eep__=6&amp;__cft__[0]=AZUHHME1YDm7U8iqp_16UJAoLBR7jFboPkMqV_-DWAYMkZ_ofDk7mnrY0PSM0R_H2AI1PK63dhggwrbMYsPSW4ueaRraQa6heC0R33HVRPBHHGOjln9KAH7N28v5zgJWBtZ38JLo9aUGzjBJEU3hnq33&amp;__tn__=*NK-R\">#D\u00edaDelPeriodista<\/a><\/div>\n<\/div>\n<div dir=\"auto\"><img loading=\"lazy\" decoding=\"async\" class=\"alignnone wp-image-10956 size-full\" src=\"https:\/\/labestiapolitica.com.mx\/wp-content\/uploads\/2022\/02\/corichi-.jpg\" alt=\"\" width=\"1000\" height=\"600\" \/><\/div>\n<\/div>\n<div dir=\"auto\" style=\"text-align: justify;\"><\/div>\n<div dir=\"auto\" style=\"text-align: justify;\">\n<div class=\"osnr6wyh\">\n<div class=\"j83agx80 cbu4d94t mysgfdmx hddg9phg\">\n<div class=\"w0hvl6rk qjjbsfad\" style=\"text-align: justify;\"><span class=\"d2edcug0 hpfvmrgz qv66sw1b c1et5uql lr9zc1uh a8c37x1j fe6kdd0r mau55g9w c8b282yb keod5gw0 nxhoafnm aigsh9s9 ns63r2gh rwim8176 o3w64lxj b2s5l15y hnhda86s oo9gr5id hzawbc8m\" dir=\"auto\"><span class=\"a8c37x1j ni8dbmo4 stjgntxs l9j0dhe7 r8blr3vg\">Las primeras lluvias en Tlaxcala y con granizo en algunas comunidades de Tlaxcala Capital. Seguridad ciudadana, protecci\u00f3n civil, servicios p\u00fablicos entre otras \u00e1reas estuvieron en alerta.<\/span><\/span><\/div>\n<\/div>\n<\/div>\n<div>\n<div class=\"e5nlhep0 nu4hu5il eg9m0zos\">\n<div class=\"kvgmc6g5 cxmmr5t8 oygrvhab hcukyx3x c1et5uql\">\n<div dir=\"auto\" style=\"text-align: justify;\">Las primeras lluvias en Tlaxcala y con granizo en algunas comunidades de Tlaxcala Capital. Seguridad ciudadana, protecci\u00f3n civil, servicios p\u00fablicos entre otras \u00e1reas estuvieron en alerta.<\/div>\n<\/div>\n<div dir=\"auto\"><\/div>\n<div dir=\"auto\">https:\/\/www.facebook.com\/PoliticaBestia\/videos\/254637220087578<\/div>\n<\/div>\n<\/div>\n<\/div>\n<div dir=\"auto\" style=\"text-align: justify;\"><\/div>\n<div dir=\"auto\" style=\"text-align: justify;\">\n<div class=\"e5nlhep0 nu4hu5il eg9m0zos\">\n<div dir=\"auto\">\n<div class=\"headPostSingle\"><span style=\"font-size: 24pt;\">En 2022 Tlaxcala ser\u00e1 una mejor ciudad para vivir: Jorge Corichi<\/span><\/div>\n<div class=\"row col-xs-12 social-buttons\">\n<div class=\"g-plusone\" data-size=\"medium\" data-gapiscan=\"true\" data-onload=\"true\" data-gapistub=\"true\"><\/div>\n<\/div>\n<figure class=\"wp-block-image size-large\"><img decoding=\"async\" class=\"wp-image-322382 img-responsive \" src=\"https:\/\/gentetlx.com.mx\/wp-content\/uploads\/2022\/01\/jorge_corichi.jpeg\" sizes=\"(max-width: 750px) 100vw, 750px\" srcset=\"https:\/\/gentetlx.com.mx\/wp-content\/uploads\/2022\/01\/jorge_corichi.jpeg 750w, https:\/\/gentetlx.com.mx\/wp-content\/uploads\/2022\/01\/jorge_corichi-300x174.jpeg 300w\" alt=\"\" \/><\/figure>\n<p style=\"text-align: justify;\"><strong><em>El presidente municipal de Tlaxcala emite un mensaje de A\u00f1o Nuevo a las y los capitalinos<\/em><\/strong><\/p>\n<p style=\"text-align: justify;\">\u201cEste 2022 tendremos una mejor ciudad para vivir. Ser\u00e1 m\u00e1s segura. La poblaci\u00f3n de las comunidades, colonias y zona urbana de Tlaxcala vivir\u00e1n m\u00e1s tranquilas porque con un gran esfuerzo colectivo vamos a contratar m\u00e1s polic\u00edas que estar\u00e1n certificados, tambi\u00e9n vamos a adquirir patrullas con tecnolog\u00eda moderna, tendr\u00e1n radios de comunicaci\u00f3n y c\u00e1maras para grabar toda su labor\u201d, dijo.<\/p>\n<p style=\"text-align: justify;\">En un mensaje a la poblaci\u00f3n de las comunidades, colonias y zona urbana emitido a trav\u00e9s de redes sociales, el alcalde expres\u00f3 que el 2022 ser\u00e1 un a\u00f1o en el que se privilegie la seguridad de todas y todos.<\/p>\n<p style=\"text-align: justify;\">Otras de las metas trazadas para 2022 es la de mejores servicios p\u00fablicos y una ciudad con vialidades en \u00f3ptimas condiciones.<\/p>\n<p style=\"text-align: justify;\">En este sentido, destac\u00f3 las obras que se han inaugurado en varias comunidades, a pocos meses del nuevo gobierno municipal.<\/p>\n<p style=\"text-align: justify;\">\u201cHemos entregado importantes obras de pavimentaci\u00f3n, se han hecho con gran trabajo, con la participaci\u00f3n de vecinas y vecinos, aprovechando cada peso de sus impuestos\u201d, destac\u00f3 el alcalde.<\/p>\n<p style=\"text-align: justify;\">Adelant\u00f3 que las comunidades, colonias y zona urbana contar\u00e1n con una mejor iluminaci\u00f3n, con la renovaci\u00f3n de 13 mil l\u00e1mparas ahorradoras de energ\u00eda y la transformaci\u00f3n del primer cuadro de la Ciudad en un centro donde turistas locales y nacionales disfruten de sus atractivos.<\/p>\n<p style=\"text-align: justify;\">\u201cPor fortuna, ya no hay dispendio de las autoridades, no hay gastos de representaci\u00f3n con cargo al erario, no estamos derrochando el dinero ni desvi\u00e1ndolo para objetivos electorales. No se compran veh\u00edculos para ning\u00fan funcionario, de hecho redujimos sustancialmente el gasto en combustible para la prestaci\u00f3n de servicios\u201d, estableci\u00f3 el presidente municipal, al externar\u00a0 su confianza de que no haya impunidad tras las denuncias presentadas contra ex funcionarios que\u00a0 dejaron un desastre como herencia.<\/p>\n<p style=\"text-align: justify;\">Concentrado en lo m\u00e1s importante, Jorge Corichi celebr\u00f3 que gracias a la iniciativa de la gobernadora Lorena Cu\u00e9llar, se realizar\u00e1 en marzo el Torneo Internacional de Voleibol de Playa, con el que se proyectar\u00e1 de forma excepcional a la Ciudad Capital, lo que beneficiar\u00e1 sustancialmente a empresarios, comerciantes, artesanos, hoteleros y prestadores de diversos servicios.<\/p>\n<p style=\"text-align: justify;\">El presidente municipal recalc\u00f3 que \u201cseguiremos\u00a0 trabajando de ma\u00f1ana, tarde y noche, de lunes a domingo, junto con la mandataria estatal y su equipo, as\u00ed como con el gobierno del presidente de la Rep\u00fablica, Andr\u00e9s Manuel L\u00f3pez Obrador\u201d. El municipio tiene muchas necesidades y las estamos resolviendo, enfatiz\u00f3.<\/p>\n<p style=\"text-align: justify;\">Finalmente, Jorge Corichi agradeci\u00f3 la valiosa ayuda del cuerpo edilicio; la sindica, las y los regidores, las y los presidentes de comunidad, as\u00ed como los delegados, quienes est\u00e1n sumados al gran proyecto de hacer una ciudad para vivir mejor.<\/p>\n<div class=\"headPostSingle\"><span style=\"font-size: 24pt;\">2022 ser\u00e1 el a\u00f1o de la seguridad en Tlaxcala Capital: Jorge Corichi<\/span><\/div>\n<div class=\"row col-xs-12 social-buttons\">\n<div class=\"g-plusone\" data-size=\"medium\" data-gapiscan=\"true\" data-onload=\"true\" data-gapistub=\"true\"><\/div>\n<\/div>\n<figure class=\"wp-block-image size-large\"><img decoding=\"async\" class=\"wp-image-323541 img-responsive \" src=\"https:\/\/gentetlx.com.mx\/wp-content\/uploads\/2022\/01\/jorge_corichi.jpg\" sizes=\"(max-width: 750px) 100vw, 750px\" srcset=\"https:\/\/gentetlx.com.mx\/wp-content\/uploads\/2022\/01\/jorge_corichi.jpg 750w, https:\/\/gentetlx.com.mx\/wp-content\/uploads\/2022\/01\/jorge_corichi-300x165.jpg 300w, https:\/\/gentetlx.com.mx\/wp-content\/uploads\/2022\/01\/jorge_corichi-360x198.jpg 360w\" alt=\"\" \/><\/figure>\n<p><em>M\u00e1s elementos, patrullas, armamento e inteligencia permitir\u00e1n mejores resultados para tranquilidad de la poblaci\u00f3n, confirma<\/em><\/p>\n<p>El presidente municipal de Tlaxcala, Jorge Corichi, refrend\u00f3 su compromiso con la tranquilidad de las y los habitantes de las once comunidades, siete colonias y zona centro de la capital.<\/p>\n<p>Ya en 2021, \u2018a menos de dos meses de haber asumido el cargo aument\u00e9 en 15 el n\u00famero de elementos de la Secretar\u00eda de Seguridad Ciudadana, y vamos por m\u00e1s. Este a\u00f1o sumaremos hasta llegar a dos centenares de integrantes en la corporaci\u00f3n\u2019, garantiz\u00f3.<\/p>\n<p>Durante una reuni\u00f3n de trabajo con mandos de la direcci\u00f3n referida, a cargo del ingeniero Francisco Javier Carreto, el presidente Corichi refrend\u00f3 que el tema de la seguridad p\u00fablica es una de sus prioridades.<\/p>\n<p>Indic\u00f3 que en el presente a\u00f1o no solamente crecer\u00e1 el n\u00famero de efectivos sino tambi\u00e9n de veh\u00edculos \u2013 patrullas que estar\u00e1n dotadas de equipo de geolocalizaci\u00f3n, as\u00ed como m\u00e1s y mejor armamento.<\/p>\n<p>\u2018Pasaremos de 125 a 200 elementos en un a\u00f1o; ello representa sueldos, prestaciones, equipamiento, capacitaci\u00f3n, patrullas, pero es una inversi\u00f3n muy valiosa porque servir\u00e1 para darle tranquilidad a las amas de casa, a los comerciantes, a obreros, a estudiantes, a mujeres e incluso a los paseantes\u2019, destac\u00f3 Corichi.<\/p>\n<p>El presidente municipal instruy\u00f3 a los mandos policiacos a redoblar sus esfuerzos, a aproximarse m\u00e1s a las y los ciudadanos, a dar mejores resultados para que todas nuestras familias vivan en paz.<\/p>\n<p>Finalmente, el presidente Jorge Corichi confirm\u00f3 que desde la administraci\u00f3n municipal se actuar\u00e1 con la firmeza que sea necesaria para tener m\u00e1s y mejor seguridad, por el bien de todos.<\/p>\n<\/div>\n<\/div>\n<\/div>\n<div dir=\"auto\" style=\"text-align: justify;\"><\/div>\n","protected":false},"excerpt":{"rendered":"<p>Resumen enero 2022 Aplicar\u00e1n pruebas de detecci\u00f3n de Covid-19 a personal del Ayuntamiento de Tlaxcala *Las pruebas fueron gestionadas por el Sistema DIF Municipal para proteger la integridad y salud del personal de atenci\u00f3n y a los usuarios. El Sistema DIF Municipal de Tlaxcala realiz\u00f3 la gesti\u00f3n de 100 pruebas de detecci\u00f3n de ant\u00edgenos de [&hellip;]<\/p>\n","protected":false},"author":3,"featured_media":0,"comment_status":"open","ping_status":"open","sticky":false,"template":"","format":"standard","meta":{"footnotes":""},"categories":[7],"tags":[],"class_list":["post-10953","post","type-post","status-publish","format-standard","hentry","category-ciudadanos"],"amp_enabled":true,"_links":{"self":[{"href":"https:\/\/labestiapolitica.com.mx\/index.php?rest_route=\/wp\/v2\/posts\/10953","targetHints":{"allow":["GET"]}}],"collection":[{"href":"https:\/\/labestiapolitica.com.mx\/index.php?rest_route=\/wp\/v2\/posts"}],"about":[{"href":"https:\/\/labestiapolitica.com.mx\/index.php?rest_route=\/wp\/v2\/types\/post"}],"author":[{"embeddable":true,"href":"https:\/\/labestiapolitica.com.mx\/index.php?rest_route=\/wp\/v2\/users\/3"}],"replies":[{"embeddable":true,"href":"https:\/\/labestiapolitica.com.mx\/index.php?rest_route=%2Fwp%2Fv2%2Fcomments&post=10953"}],"version-history":[{"count":3,"href":"https:\/\/labestiapolitica.com.mx\/index.php?rest_route=\/wp\/v2\/posts\/10953\/revisions"}],"predecessor-version":[{"id":10959,"href":"https:\/\/labestiapolitica.com.mx\/index.php?rest_route=\/wp\/v2\/posts\/10953\/revisions\/10959"}],"wp:attachment":[{"href":"https:\/\/labestiapolitica.com.mx\/index.php?rest_route=%2Fwp%2Fv2%2Fmedia&parent=10953"}],"wp:term":[{"taxonomy":"category","embeddable":true,"href":"https:\/\/labestiapolitica.com.mx\/index.php?rest_route=%2Fwp%2Fv2%2Fcategories&post=10953"},{"taxonomy":"post_tag","embeddable":true,"href":"https:\/\/labestiapolitica.com.mx\/index.php?rest_route=%2Fwp%2Fv2%2Ftags&post=10953"}],"curies":[{"name":"wp","href":"https:\/\/api.w.org\/{rel}","templated":true}]}}