{"id":11008,"date":"2022-02-16T23:59:54","date_gmt":"2022-02-16T23:59:54","guid":{"rendered":"https:\/\/labestiapolitica.com.mx\/?p=11008"},"modified":"2022-02-17T00:02:06","modified_gmt":"2022-02-17T00:02:06","slug":"llega-angel-perez-perez-a-la-direccion-de-seguridad-publica-del-municipio-de-chiautempan","status":"publish","type":"post","link":"https:\/\/labestiapolitica.com.mx\/?p=11008","title":{"rendered":"Llega \u00c1ngel P\u00e9rez P\u00e9rez a la direcci\u00f3n de Seguridad P\u00fablica del municipio de Chiautempan"},"content":{"rendered":"<p style=\"text-align: justify;\">Esta ma\u00f1ana por decisi\u00f3n del presidente municipal de Chiautempan, Gustavo Jim\u00e9nez Romero, con las atribuciones que le confiere el cargo, tom\u00f3 la decisi\u00f3n de reestructurar la direcci\u00f3n de Seguridad P\u00fablica del ayuntamiento.<br \/>\nRecordando los compromisos asumidos con la sociedad chiautempense, uno de los objetivos de este cambio, es dar respuesta a la ciudadan\u00eda y certeza a las acciones que se realizan en el municipio.<br \/>\nEs por lo que, el Capit\u00e1n Agust\u00edn Dur\u00e1n C\u00f3rdova dej\u00f3 de ser el director de Seguridad del municipio sarapero y en su lugar, quedar\u00e1 a cargo por el momento, \u00c1ngel P\u00e9rez P\u00e9rez, quien tiene experiencia en \u00e1reas de procuraci\u00f3n de justicia.<br \/>\nAdem\u00e1s cuenta con reconocimientos en \u201cLa Cadena de Custodia Dentro del Sistema de Justicia Acusatorio \u2013 Adversarial\u201d por la Universidad Metropolitana de Tlaxcala, conjuntamente con el corporativo de asesor\u00edas y consultor\u00eda jur\u00eddica \u201cServicios Legales Profesionales\u201d y \u201cGesti\u00f3n Estrat\u00e9gica en la prevenci\u00f3n social del delito por la Universidad de las Am\u00e9ricas Puebla.<br \/>\nAl mismo tiempo en \u201cT\u00e9cnicas de Entrevista e Interrogatorio\u201d en Sistema Nacional de Seguridad P\u00fablica, por la Academia Nacional de Seguridad P\u00fablica, Procuradur\u00eda General de Justicia del estado de Veracruz, Federal Bureau Of Investigation, adem\u00e1s del reconocimiento \u201cPor su loable labor en la Procuraci\u00f3n de Justicia\u201d del Gobierno del Estado de Tlaxcala.<br \/>\nAsimismo, le han otorgado reconocimientos en \u201cInvestigaci\u00f3n sobre Delito Violento\u201d U.S. Department Of Justice, Federal Bureau of Investigation.<br \/>\nTiene experiencia en la Procuradur\u00eda General de Justicia del Estado (PGJE), como Primer Comandante Operativo, tambi\u00e9n fue director de seguridad p\u00fablica de los municipios de Apizaco, Apetatitl\u00e1n, Atlangatepec y El Carmen Tequexquitla.<\/p>\n","protected":false},"excerpt":{"rendered":"<p>Esta ma\u00f1ana por decisi\u00f3n del presidente municipal de Chiautempan, Gustavo Jim\u00e9nez Romero, con las atribuciones que le confiere el cargo, tom\u00f3 la decisi\u00f3n de reestructurar la direcci\u00f3n de Seguridad P\u00fablica del ayuntamiento. Recordando los compromisos asumidos con la sociedad chiautempense, uno de los objetivos de este cambio, es dar respuesta a la ciudadan\u00eda y certeza [&hellip;]<\/p>\n","protected":false},"author":3,"featured_media":0,"comment_status":"open","ping_status":"open","sticky":false,"template":"","format":"standard","meta":{"footnotes":""},"categories":[7],"tags":[],"class_list":["post-11008","post","type-post","status-publish","format-standard","hentry","category-ciudadanos"],"amp_enabled":true,"_links":{"self":[{"href":"https:\/\/labestiapolitica.com.mx\/index.php?rest_route=\/wp\/v2\/posts\/11008","targetHints":{"allow":["GET"]}}],"collection":[{"href":"https:\/\/labestiapolitica.com.mx\/index.php?rest_route=\/wp\/v2\/posts"}],"about":[{"href":"https:\/\/labestiapolitica.com.mx\/index.php?rest_route=\/wp\/v2\/types\/post"}],"author":[{"embeddable":true,"href":"https:\/\/labestiapolitica.com.mx\/index.php?rest_route=\/wp\/v2\/users\/3"}],"replies":[{"embeddable":true,"href":"https:\/\/labestiapolitica.com.mx\/index.php?rest_route=%2Fwp%2Fv2%2Fcomments&post=11008"}],"version-history":[{"count":1,"href":"https:\/\/labestiapolitica.com.mx\/index.php?rest_route=\/wp\/v2\/posts\/11008\/revisions"}],"predecessor-version":[{"id":11010,"href":"https:\/\/labestiapolitica.com.mx\/index.php?rest_route=\/wp\/v2\/posts\/11008\/revisions\/11010"}],"wp:attachment":[{"href":"https:\/\/labestiapolitica.com.mx\/index.php?rest_route=%2Fwp%2Fv2%2Fmedia&parent=11008"}],"wp:term":[{"taxonomy":"category","embeddable":true,"href":"https:\/\/labestiapolitica.com.mx\/index.php?rest_route=%2Fwp%2Fv2%2Fcategories&post=11008"},{"taxonomy":"post_tag","embeddable":true,"href":"https:\/\/labestiapolitica.com.mx\/index.php?rest_route=%2Fwp%2Fv2%2Ftags&post=11008"}],"curies":[{"name":"wp","href":"https:\/\/api.w.org\/{rel}","templated":true}]}}