{"id":11041,"date":"2022-02-18T19:36:05","date_gmt":"2022-02-18T19:36:05","guid":{"rendered":"https:\/\/labestiapolitica.com.mx\/?p=11041"},"modified":"2022-02-21T05:07:19","modified_gmt":"2022-02-21T05:07:19","slug":"designan-a-leonel-tlalmis-como-titular-de-la-oficina-para-la-proteccion-de-periodistas-y-defensoras-de-derechos-humanos-en-tlaxcala","status":"publish","type":"post","link":"https:\/\/labestiapolitica.com.mx\/?p=11041","title":{"rendered":"Designan a Leonel Tlalmis como titular de la Oficina  para la Protecci\u00f3n de Periodistas y  Defensoras de Derechos Humanos en Tlaxcala"},"content":{"rendered":"<p style=\"text-align: justify;\">El martes rendir\u00e1 protesta.<\/p>\n<p style=\"text-align: justify;\">Armando GONZ\u00c1LEZ\/ Tlaxcala\/ Leonel Tlalmis Robles fue designado como el titular de la Oficina de Atenci\u00f3n para la Protecci\u00f3n de Personas Defensoras de Derechos Humanos y Periodistas en el estado de Tlaxcala, la cual fue creada por la gobernadora Lorena Cu\u00e9llar Cisneros, por lo que ser\u00e1 el pr\u00f3ximo martes que rinda protesta al cargo.<\/p>\n<p style=\"text-align: justify;\">Tlalmis Robles se desempe\u00f1\u00f3 como periodista en el diario ABC Noticias y el Sol de Tlaxcala, adem\u00e1s, fue Director de comunicaci\u00f3n del ayuntamiento de Tlaxcala, del Tribunal Superior de Justicia del Estado (TSJE), y recientemente fung\u00eda como Director Administrativo de la Coordinaci\u00f3n General de Informaci\u00f3n del Gobierno de Tlaxcala.<\/p>\n<p style=\"text-align: justify;\">Su nombramiento lo dio a conocer el Secretario de Gobierno, Sergio Gonz\u00e1lez Hern\u00e1ndez, al t\u00e9rmino del evento del relanzamiento del servicio de denuncia an\u00f3nima en Tlaxcala.<\/p>\n<p style=\"text-align: justify;\">La Ley para la Protecci\u00f3n de Personas Defensoras de Derechos Humanos y Periodistas, publicada en el Diario Oficial de la Federaci\u00f3n el 25 de junio de 2012, mandata que cada entidad federativa deber\u00e1 crear su junta de gobierno, un consejo consultivo y una coordinaci\u00f3n ejecutiva estatal y ser\u00e1 operado por la Secretar\u00eda de Gobierno, la cual deber\u00e1 coordinarse con la Coordinaci\u00f3n Ejecutiva Nacional y realizar en el \u00e1mbito de sus competencias funciones an\u00e1logas a las previstas en dicho ordenamiento.<\/p>\n<p style=\"text-align: justify;\">De acuerdo con el art\u00edculo 3 del decreto referido, la Oficina para la Protecci\u00f3n de Personas Defensoras de Derechos Humanos y Periodistas para el Estado de Tlaxcala, ser\u00e1 la encargada de coordinarse con el mecanismo en la materia para el cumplimiento del objeto de esa ley, as\u00ed como de coordinar pol\u00edticas p\u00fablicas, acompa\u00f1amiento a los peticionarios y acciones locales para la protecci\u00f3n de personas defensoras de los derechos humanos y periodistas.<\/p>\n<p style=\"text-align: justify;\">Para su operaci\u00f3n, contar\u00e1 con un responsable, as\u00ed como con los apoyos t\u00e9cnicos y recursos necesarios para el cumplimiento de sus atribuciones, y conformar\u00e1 una base de datos de los enlaces operativos de las diversas dependencias locales vinculadas a la protecci\u00f3n de personas defensoras de los derechos humanos y periodistas, as\u00ed como de las asociaciones de comunicadores en el estado, con las cuales se coordinar\u00e1 a efecto de cumplir con los fines para los que fue creada.<\/p>\n<p style=\"text-align: justify;\">Entre sus responsabilidades est\u00e1n: asegurar y darle seguimiento a las medidas de protecci\u00f3n que se ejecuten por parte de las dependencias correspondientes y que le sean solicitadas al Estado, por parte de personas defensoras de los derechos humanos y periodistas que hayan sufrido una agresi\u00f3n.<\/p>\n<p style=\"text-align: justify;\">Asegurar el cumplimiento de las medidas preventivas y las de protecci\u00f3n que se emitan en favor de los beneficiarios que se encuentren en el estado de Tlaxcala, de conformidad con los acuerdos y resoluciones, en apego a los t\u00e9rminos y plazos establecidos en la Ley para la Protecci\u00f3n de Personas Defensoras de Derechos Humanos y Periodistas, as\u00ed como en su reglamento.<\/p>\n<p style=\"text-align: justify;\">Adem\u00e1s, tendr\u00e1 que realizar el seguimiento puntual de las medidas de prevenci\u00f3n, preventivas, protecci\u00f3n y urgentes implementadas en el estado; participar, previo consentimiento del beneficiario, en las sesiones en que se discutan casos relacionados con Tlaxcala; e implementar, en caso dado, los protocolos, manuales y, en general, los instrumentos que contengan las mejores pr\u00e1cticas disponibles para el cumplimiento del objeto de la ley referida, que les sean facilitados por la Coordinaci\u00f3n Ejecutiva del Mecanismo.<\/p>\n<p style=\"text-align: justify;\">Otra facultad que tendr\u00e1 esa oficina ser\u00e1 la de dar informaci\u00f3n de forma clara con relaci\u00f3n al mecanismo, y acompa\u00f1ar al peticionario con las dependencias que tengan intervenci\u00f3n.<\/p>\n<p style=\"text-align: justify;\">Seg\u00fan lo establecido en el art\u00edculo 10 del decreto, la oficina y los dem\u00e1s \u00f3rganos del gobierno estatal que correspondan se coordinar\u00e1n entre s\u00ed, y con el mecanismo respectivo para las siguientes acciones adicionales conjuntas:<\/p>\n<ol style=\"text-align: justify;\" type=\"I\">\n<li>Investigar y sancionar las agresiones de las que sean objeto las personas defensoras de derechos humanos y periodistas.<\/li>\n<li>Realizar campa\u00f1as de difusi\u00f3n con toda la informaci\u00f3n necesaria para evitar agresiones potenciales a personas defensoras de derechos humanos y periodistas.<\/li>\n<li>Desarrollar e implementar medidas de prevenci\u00f3n para el dise\u00f1o de sistemas de alerta temprana y planes de contingencia con la finalidad de evitar potenciales agresiones.<\/li>\n<li>Promover las reformas y adiciones necesarias en la legislaci\u00f3n para mejorar la situaci\u00f3n de las personas defensoras de los derechos humanos y periodistas, as\u00ed como las acciones tendientes a desarrollar y consolidar m\u00e9todos locales de evaluaci\u00f3n, ejecuci\u00f3n y seguimiento de protecci\u00f3n.<\/li>\n<li>Promover el reconocimiento p\u00fablico y social de la labor de las personas defensoras de derechos humanos y periodistas.<\/li>\n<li>Intercambiar informaci\u00f3n y experiencias t\u00e9cnicas con otras entidades de la federaci\u00f3n.<\/li>\n<li>Promover el estudio, an\u00e1lisis, investigaci\u00f3n y desarrollo de estrategias, acciones, sistemas y metodolog\u00edas que incorporen las mejores pr\u00e1cticas de prevenci\u00f3n y protecci\u00f3n.<\/li>\n<li>Elaborar informes semestrales que permitan conocer la existencia de agresiones de personas defensoras de derechos humanos y periodistas.<\/li>\n<li>Realizar pol\u00edticas p\u00fablicas a fin de que la sociedad est\u00e9 informada con relaci\u00f3n al tema.<\/li>\n<li>Atender los casos en los cuales quien ejerce el periodismo resulte agraviado en el desempe\u00f1o de su labor por alguna autoridad.<\/li>\n<li>Mantener comunicaci\u00f3n con la Coordinaci\u00f3n General de Informaci\u00f3n en el caso de que una persona defensora de derechos humanos o periodistas sea de otra entidad federativa o de alg\u00fan lugar, proporcionarles los instrumentos de seguridad, si as\u00ed lo solicitara para resguardar su integridad y seguridad.<\/li>\n<li>Realizar un atlas de riesgo de alguna zona donde sean altos los riesgos (sic) de investigaci\u00f3n en coordinaci\u00f3n con las dependencias de seguridad.<\/li>\n<li>Impulsar la sensibilizaci\u00f3n de las autoridades respecto de la importancia social de la actividad de las personas que ejercen el periodismo y de la obligaci\u00f3n del Estado, de darles las garant\u00edas de seguridad y respeto a sus derechos humanos, en el marco de los riesgos que enfrentan.<\/li>\n<li>Atender de manera permanente los casos denunciados p\u00fablicamente que podr\u00edan constituir violaciones a los derechos humanos de este grupo.<\/li>\n<\/ol>\n<p style=\"text-align: justify;\">El art\u00edculo 11 de ese decreto establece tambi\u00e9n que, en caso de que se llegasen a configurar hechos que sean posiblemente constitutivos de delito hacia periodistas y\/o personas defensoras de derechos humanos, la Oficina colaborar\u00e1, en la medida de sus atribuciones, en lo necesario con las autoridades correspondientes.<\/p>\n<p style=\"text-align: justify;\">Adem\u00e1s, se coordinar\u00e1 con la Procuradur\u00eda General de Justicia del Estado (PGJE), a fin de programar proyectos de capacitaci\u00f3n a Ministerios P\u00fablicos, as\u00ed como a los cuerpos de investigaci\u00f3n que correspondan en materia de agresiones en contra de periodistas y personas defensoras de derechos humanos.<\/p>\n<p style=\"text-align: justify;\">En el art\u00edculo 12, se establece que la Oficina buscar\u00e1 establecer convenios de colaboraci\u00f3n con organismos p\u00fablicos y privados para fomentar la protecci\u00f3n a periodistas y personas defensoras de derechos humanos, si desean realizar alguna actividad fuera de la entidad que pueda poner en riesgo su integridad para implementar acciones de prevenci\u00f3n.<\/p>\n<p style=\"text-align: justify;\">En este mismo decreto \u201cse reconocen como derechos espec\u00edficos inherentes a la naturaleza de la actividad period\u00edstica, el secreto profesional; acceso a las fuentes de informaci\u00f3n; y el respaldo Estatal para la formaci\u00f3n profesional continua\u201d.<\/p>\n<p style=\"text-align: justify;\">Tambi\u00e9n se prev\u00e9 que la Coordinaci\u00f3n General de Informaci\u00f3n y las representaciones del gremio period\u00edstico con reconocimiento, impulsar\u00e1n la celebraci\u00f3n de convenios de colaboraci\u00f3n con instituciones de educaci\u00f3n p\u00fablica y privada, con el prop\u00f3sito de lograr alternativas de profesionalizaci\u00f3n para sus agremiados.<\/p>\n<p>Con informaci\u00f3n del portal FaroTlax.<\/p>\n<p>EXPERIENCIA LABORAL<\/p>\n<p>Reportero | Peri\u00f3dico ABC noticias de Tlaxcala<br \/>\nSeptiembre de 1994 \u2013 2008<br \/>\nDise\u00f1o gr\u00e1fico y Reportero<\/p>\n<p>Coordinaci\u00f3n de Comunicaci\u00f3n Social | Ayuntamiento de Panotla<br \/>\nEnero de 2011 \u2013 30 de Septiembre de 2012<\/p>\n<p>Reportero y Redactor Web | Peri\u00f3dico El Sol de Tlaxcala<br \/>\nOctubre de 2012 \u2013 Diciembre de 2017<\/p>\n<p>Director de Comunicaci\u00f3n Social | Ayuntamiento de Tlaxcala<br \/>\nEnero de 2018 \u2013 Mayo de 2020<\/p>\n<p>Director de Informaci\u00f3n y Comunicaci\u00f3n Social | Tribunal Superior de Justicia del Estado<br \/>\nJunio de 2020 \u2013 Agosto de 2021<\/p>\n<p>Director Administrativo Coordinaci\u00f3n General de Comunicaci\u00f3n del Gobierno del Estado | Tribunal Superior de Justicia del Estado<br \/>\nSeptiembre de 2021 \u2013 A la fecha<\/p>\n<p>LOGROS<\/p>\n<p>Premio Estatal de Periodismo en la categor\u00eda de Reportaje<br \/>\nA\u00f1o 2006<\/p>\n<p>Premio Estatal de Periodismo en la categor\u00eda de nota Informativa.<br \/>\nA\u00f1o 2014<\/p>\n<p style=\"text-align: justify;\">PUEDES CONSULTAR AQUI EL DECRETO A DETALLE.<\/p>\n<p style=\"text-align: justify;\"><a href=\"https:\/\/labestiapolitica.com.mx\/wp-content\/uploads\/2022\/02\/1Ex15022022.pdf\">1Ex15022022<\/a><\/p>\n","protected":false},"excerpt":{"rendered":"<p>El martes rendir\u00e1 protesta. Armando GONZ\u00c1LEZ\/ Tlaxcala\/ Leonel Tlalmis Robles fue designado como el titular de la Oficina de Atenci\u00f3n para la Protecci\u00f3n de Personas Defensoras de Derechos Humanos y Periodistas en el estado de Tlaxcala, la cual fue creada por la gobernadora Lorena Cu\u00e9llar Cisneros, por lo que ser\u00e1 el pr\u00f3ximo martes que rinda [&hellip;]<\/p>\n","protected":false},"author":3,"featured_media":0,"comment_status":"open","ping_status":"open","sticky":false,"template":"","format":"standard","meta":{"footnotes":""},"categories":[7],"tags":[],"class_list":["post-11041","post","type-post","status-publish","format-standard","hentry","category-ciudadanos"],"amp_enabled":true,"_links":{"self":[{"href":"https:\/\/labestiapolitica.com.mx\/index.php?rest_route=\/wp\/v2\/posts\/11041","targetHints":{"allow":["GET"]}}],"collection":[{"href":"https:\/\/labestiapolitica.com.mx\/index.php?rest_route=\/wp\/v2\/posts"}],"about":[{"href":"https:\/\/labestiapolitica.com.mx\/index.php?rest_route=\/wp\/v2\/types\/post"}],"author":[{"embeddable":true,"href":"https:\/\/labestiapolitica.com.mx\/index.php?rest_route=\/wp\/v2\/users\/3"}],"replies":[{"embeddable":true,"href":"https:\/\/labestiapolitica.com.mx\/index.php?rest_route=%2Fwp%2Fv2%2Fcomments&post=11041"}],"version-history":[{"count":2,"href":"https:\/\/labestiapolitica.com.mx\/index.php?rest_route=\/wp\/v2\/posts\/11041\/revisions"}],"predecessor-version":[{"id":11048,"href":"https:\/\/labestiapolitica.com.mx\/index.php?rest_route=\/wp\/v2\/posts\/11041\/revisions\/11048"}],"wp:attachment":[{"href":"https:\/\/labestiapolitica.com.mx\/index.php?rest_route=%2Fwp%2Fv2%2Fmedia&parent=11041"}],"wp:term":[{"taxonomy":"category","embeddable":true,"href":"https:\/\/labestiapolitica.com.mx\/index.php?rest_route=%2Fwp%2Fv2%2Fcategories&post=11041"},{"taxonomy":"post_tag","embeddable":true,"href":"https:\/\/labestiapolitica.com.mx\/index.php?rest_route=%2Fwp%2Fv2%2Ftags&post=11041"}],"curies":[{"name":"wp","href":"https:\/\/api.w.org\/{rel}","templated":true}]}}