{"id":11105,"date":"2022-02-16T20:04:18","date_gmt":"2022-02-16T20:04:18","guid":{"rendered":"https:\/\/labestiapolitica.com.mx\/?p=11105"},"modified":"2022-02-26T20:20:48","modified_gmt":"2022-02-26T20:20:48","slug":"golpe-a-la-delincuencia-en-tepetitla-aseguran-a-cinco-malandros-a-interior-de-fabrica","status":"publish","type":"post","link":"https:\/\/labestiapolitica.com.mx\/?p=11105","title":{"rendered":"Golpe a la delincuencia en Tepetitla, aseguran a cinco malandros a interior de f\u00e1brica"},"content":{"rendered":"<header>El presidente municipal, Alan Alvarado Islas, destac\u00f3 que gracias al trabajo en conjunto de la ciudadan\u00eda y la Direcci\u00f3n de Seguridad P\u00fablica, se logr\u00f3 realizar esta detenci\u00f3n y evitar as\u00ed un delito, por lo que invit\u00f3 a la ciudadan\u00eda a hacer las denuncias correspondientes. \u00abSeguimos trabajando para recuperar la confianza de la ciudadan\u00eda.\u00a0<\/header>\n<header><\/header>\n<header class=\"entry-header penci-entry-header penci-title-\">Derivado de la confianza ciudadana en los cuerpos policiacos,\u00a0 es<span style=\"text-align: justify;\">ta ma\u00f1ana polic\u00eda de Tepetitla asegur\u00f3 a cinco personas al interior de las instalaciones de la ex f\u00e1brica Poli-Fil, ubicada en la demarcaci\u00f3n por presunto allanamiento.<\/span><\/header>\n<div class=\"penci-entry-content entry-content\">\n<p style=\"text-align: justify;\">Gracias a una llamada ciudadana a la Direcci\u00f3n de Seguridad P\u00fablica y a la pronta respuesta de elementos de seguridad municipal, lograron la captura de cuatro hombres al interior del inmueble y a una mujer que los esperaba en un veh\u00edculo estacionado afuera de las instalaciones.<\/p>\n<p style=\"text-align: justify;\">Las personas detenidas son Sa\u00fal N. de 38 a\u00f1os, Azael N. de 34 a\u00f1os, Eduardo N. de 31 a\u00f1os, Jos\u00e9 Luis N. de 28 a\u00f1os y Mayra N. de 33 a\u00f1os, quienes fueron trasladados a las instalaciones de Seguridad P\u00fablica del Municipio. x<\/p>\n<\/div>\n","protected":false},"excerpt":{"rendered":"<p>El presidente municipal, Alan Alvarado Islas, destac\u00f3 que gracias al trabajo en conjunto de la ciudadan\u00eda y la Direcci\u00f3n de Seguridad P\u00fablica, se logr\u00f3 realizar esta detenci\u00f3n y evitar as\u00ed un delito, por lo que invit\u00f3 a la ciudadan\u00eda a hacer las denuncias correspondientes. \u00abSeguimos trabajando para recuperar la confianza de la ciudadan\u00eda.\u00a0 Derivado de [&hellip;]<\/p>\n","protected":false},"author":3,"featured_media":0,"comment_status":"open","ping_status":"open","sticky":false,"template":"","format":"standard","meta":{"footnotes":""},"categories":[7],"tags":[],"class_list":["post-11105","post","type-post","status-publish","format-standard","hentry","category-ciudadanos"],"amp_enabled":true,"_links":{"self":[{"href":"https:\/\/labestiapolitica.com.mx\/index.php?rest_route=\/wp\/v2\/posts\/11105","targetHints":{"allow":["GET"]}}],"collection":[{"href":"https:\/\/labestiapolitica.com.mx\/index.php?rest_route=\/wp\/v2\/posts"}],"about":[{"href":"https:\/\/labestiapolitica.com.mx\/index.php?rest_route=\/wp\/v2\/types\/post"}],"author":[{"embeddable":true,"href":"https:\/\/labestiapolitica.com.mx\/index.php?rest_route=\/wp\/v2\/users\/3"}],"replies":[{"embeddable":true,"href":"https:\/\/labestiapolitica.com.mx\/index.php?rest_route=%2Fwp%2Fv2%2Fcomments&post=11105"}],"version-history":[{"count":1,"href":"https:\/\/labestiapolitica.com.mx\/index.php?rest_route=\/wp\/v2\/posts\/11105\/revisions"}],"predecessor-version":[{"id":11107,"href":"https:\/\/labestiapolitica.com.mx\/index.php?rest_route=\/wp\/v2\/posts\/11105\/revisions\/11107"}],"wp:attachment":[{"href":"https:\/\/labestiapolitica.com.mx\/index.php?rest_route=%2Fwp%2Fv2%2Fmedia&parent=11105"}],"wp:term":[{"taxonomy":"category","embeddable":true,"href":"https:\/\/labestiapolitica.com.mx\/index.php?rest_route=%2Fwp%2Fv2%2Fcategories&post=11105"},{"taxonomy":"post_tag","embeddable":true,"href":"https:\/\/labestiapolitica.com.mx\/index.php?rest_route=%2Fwp%2Fv2%2Ftags&post=11105"}],"curies":[{"name":"wp","href":"https:\/\/api.w.org\/{rel}","templated":true}]}}