{"id":11122,"date":"2022-02-03T20:45:35","date_gmt":"2022-02-03T20:45:35","guid":{"rendered":"https:\/\/labestiapolitica.com.mx\/?p=11122"},"modified":"2022-02-26T20:52:02","modified_gmt":"2022-02-26T20:52:02","slug":"firma-alcalde-de-tepetitla-convenio-para-el-predio-donde-se-instalara-el-banco-del-bienestar","status":"publish","type":"post","link":"https:\/\/labestiapolitica.com.mx\/?p=11122","title":{"rendered":"Firma alcalde de Tepetitla convenio para el predio donde se instalar\u00e1 el Banco del Bienestar"},"content":{"rendered":"<div class=\"kvgmc6g5 cxmmr5t8 oygrvhab hcukyx3x c1et5uql ii04i59q\">\n<div dir=\"auto\">Como parte del compromiso de apoyar a las familias m\u00e1s vulnerables, este tres de febrero el gobierno municipal que preside en Tepetitla, Al\u00e1n Alvarado Islas firm\u00f3\u00a0 el convenio para el predio en el cual estar\u00e1 ubicado pr\u00f3ximamente el <a class=\"oajrlxb2 g5ia77u1 qu0x051f esr5mh6w e9989ue4 r7d6kgcz rq0escxv nhd2j8a9 nc684nl6 p7hjln8o kvgmc6g5 cxmmr5t8 oygrvhab hcukyx3x jb3vyjys rz4wbd8a qt6c0cv9 a8nywdso i1ao9s8h esuyzwwr f1sip0of lzcic4wl gpro0wi8 q66pz984 b1v8xokw\" tabindex=\"0\" role=\"link\" href=\"https:\/\/www.facebook.com\/hashtag\/bancodelbienestar?__eep__=6&amp;__cft__[0]=AZX0MJgQWUFaU5YCdIhszklkB9wsAnhT-9Tg4p8H_YXgaE2YTXzgRUh5uaeqfZsfpdUMRwgy77OFEPm58KZPXJJjL_so6HFnNkK6T7_WT0SoSjbLJb5Pisoo3lrASYGTBtokD5orOHXWdunuOrSXlsJl&amp;__tn__=*NK-R\">#BancoDelBienestar<\/a> en el\u00a0 municipio.<\/div>\n<\/div>\n<div dir=\"auto\">\n<p style=\"text-align: justify;\">Recordar que el Banco del Bienestar, Sociedad Nacional de Cr\u00e9dito, Instituci\u00f3n de Banca de Desarrollo, es el principal dispersor de recursos de programas sociales del gobierno federal.<\/p>\n<p style=\"text-align: justify;\">En su car\u00e1cter de banca social, promueve y facilita el ahorro entre los mexicanos, dentro y fuera del pa\u00eds, as\u00ed como el acceso al financiamiento de primer y segundo piso de forma equitativa para personas f\u00edsicas y morales, impulsando as\u00ed la inclusi\u00f3n financiera, misma que realiza con perspectiva de g\u00e9nero y tomando en cuenta a comunidades ind\u00edgenas.<\/p>\n<p style=\"text-align: justify;\">Adem\u00e1s, promueve el uso, dise\u00f1o y fomento de la innovaci\u00f3n\u00a0tecnol\u00f3gica a fin de procurar mejores condiciones financieras y ecosistemas de pago para los mexicanos cuyo acceso a los servicios bancarios es inexistente o se da en condiciones desfavorables.<\/p>\n<p style=\"text-align: justify;\">Para ello, el Banco del Bienestar tiene presencia en las localidades m\u00e1s distantes y de alta marginaci\u00f3n, de manera directa a trav\u00e9s de una amplia red de sucursales, y de forma indirecta mediante convenios o alianzas institucionales y comerciales con corresponsales y empresas privadas, as\u00ed como con cooperativas y cajas de ahorro que forman parte de \u201cL@Red de la Gente\u201d. Todo ello con la finalidad de ser \u201cel banco de los mexicanos\u201d.<\/p>\n<p>&nbsp;<\/p>\n<p>&nbsp;<\/p>\n<p>&nbsp;<\/p>\n<\/div>\n","protected":false},"excerpt":{"rendered":"<p>Como parte del compromiso de apoyar a las familias m\u00e1s vulnerables, este tres de febrero el gobierno municipal que preside en Tepetitla, Al\u00e1n Alvarado Islas firm\u00f3\u00a0 el convenio para el predio en el cual estar\u00e1 ubicado pr\u00f3ximamente el #BancoDelBienestar en el\u00a0 municipio. Recordar que el Banco del Bienestar, Sociedad Nacional de Cr\u00e9dito, Instituci\u00f3n de Banca [&hellip;]<\/p>\n","protected":false},"author":3,"featured_media":0,"comment_status":"open","ping_status":"open","sticky":false,"template":"","format":"standard","meta":{"footnotes":""},"categories":[7],"tags":[],"class_list":["post-11122","post","type-post","status-publish","format-standard","hentry","category-ciudadanos"],"amp_enabled":true,"_links":{"self":[{"href":"https:\/\/labestiapolitica.com.mx\/index.php?rest_route=\/wp\/v2\/posts\/11122","targetHints":{"allow":["GET"]}}],"collection":[{"href":"https:\/\/labestiapolitica.com.mx\/index.php?rest_route=\/wp\/v2\/posts"}],"about":[{"href":"https:\/\/labestiapolitica.com.mx\/index.php?rest_route=\/wp\/v2\/types\/post"}],"author":[{"embeddable":true,"href":"https:\/\/labestiapolitica.com.mx\/index.php?rest_route=\/wp\/v2\/users\/3"}],"replies":[{"embeddable":true,"href":"https:\/\/labestiapolitica.com.mx\/index.php?rest_route=%2Fwp%2Fv2%2Fcomments&post=11122"}],"version-history":[{"count":1,"href":"https:\/\/labestiapolitica.com.mx\/index.php?rest_route=\/wp\/v2\/posts\/11122\/revisions"}],"predecessor-version":[{"id":11124,"href":"https:\/\/labestiapolitica.com.mx\/index.php?rest_route=\/wp\/v2\/posts\/11122\/revisions\/11124"}],"wp:attachment":[{"href":"https:\/\/labestiapolitica.com.mx\/index.php?rest_route=%2Fwp%2Fv2%2Fmedia&parent=11122"}],"wp:term":[{"taxonomy":"category","embeddable":true,"href":"https:\/\/labestiapolitica.com.mx\/index.php?rest_route=%2Fwp%2Fv2%2Fcategories&post=11122"},{"taxonomy":"post_tag","embeddable":true,"href":"https:\/\/labestiapolitica.com.mx\/index.php?rest_route=%2Fwp%2Fv2%2Ftags&post=11122"}],"curies":[{"name":"wp","href":"https:\/\/api.w.org\/{rel}","templated":true}]}}