{"id":11144,"date":"2022-02-15T02:39:08","date_gmt":"2022-02-15T02:39:08","guid":{"rendered":"https:\/\/labestiapolitica.com.mx\/?p=11144"},"modified":"2022-02-28T02:40:56","modified_gmt":"2022-02-28T02:40:56","slug":"otorgan-constancia-de-mayoria-a-delegadas-y-delegados-electos-en-tlaxcala-capital","status":"publish","type":"post","link":"https:\/\/labestiapolitica.com.mx\/?p=11144","title":{"rendered":"Otorgan constancia de mayor\u00eda a delegadas y delegados electos en Tlaxcala Capital"},"content":{"rendered":"<p style=\"text-align: justify;\">\u2022 El Cabildo del Ayuntamiento calific\u00f3 la validez de la elecci\u00f3n en las siete demarcaciones<\/p>\n<p style=\"text-align: justify;\">En su cuarta sesion extraordinaria, el Cabildo del Ayuntamiento de Tlaxcala dio validez a los resultados de la jornada electoral del pasado domingo 13 de febrero donde se renovaron a los titulares de las delegaciones que forman parte de la capital de la entidad.<\/p>\n<p style=\"text-align: justify;\">Al culminar un proceso democr\u00e1tico, donde imperaron los principios de legalidad, certeza y transparencia, se otorg\u00f3 la constancia como autoridad electa a las sigientes personas:<\/p>\n<p style=\"text-align: justify;\">Rigoberto Ord\u00f3\u00f1ez Flores, propietario, y Eulalia Torres Garc\u00eda, suplente, de la Colonia Adolfo L\u00f3pez Mateos (259 votos).<\/p>\n<p style=\"text-align: justify;\">Edgar P\u00e9rez Rodr\u00edguez, propietario, y Jorge Hern\u00e1ndez Garc\u00eda, suplente, de la Colonia La Joya (392 votos)<\/p>\n<p style=\"text-align: justify;\">Marco Antonio Valencia Barrientos, propietario, y Valentina Rebeca Vel\u00e1zquez Ireta, suplente, de la Colonia Tlapancalco (206 votos)<\/p>\n<p style=\"text-align: justify;\">Santiago Zambrano Gonz\u00e1lez, propietario, y Karla Lorena Villalobos Tenorio, suplente, de la Colonia El Sabinal (313 votos)<\/p>\n<p>Oscar Enrique Duen Martinez, propietario, y \u00c1lvaro Cuautli Castro, suplente, de la Colonia San Isidro (210 votos)<\/p>\n<p style=\"text-align: justify;\">Margarita Valencia Toral, propietaria, y Liliana Hern\u00e1ndez M\u00e1rquez, suplente, de la Colonia Loma Bonita (412 votos)<\/p>\n<p style=\"text-align: justify;\">Javier S\u00e1nchez Garc\u00eda, propietario, y Diana Am\u00e9rica Cruz Cabrera, suplente, de la Colonia Loma Xicoht\u00e9ncatl (332 votos),<\/p>\n<p style=\"text-align: justify;\">Los aspirantes que resultaron con el mayor n\u00famero de votos tomar\u00e1n protesta de su responsabilidad el pr\u00f3ximo 28 de febrero en Sesi\u00f3n Solemne de Cabildo y desempe\u00f1ar\u00e1n sus funciones como autoridades delegacionales por un periodo de tres a\u00f1os.<\/p>\n","protected":false},"excerpt":{"rendered":"<p>\u2022 El Cabildo del Ayuntamiento calific\u00f3 la validez de la elecci\u00f3n en las siete demarcaciones En su cuarta sesion extraordinaria, el Cabildo del Ayuntamiento de Tlaxcala dio validez a los resultados de la jornada electoral del pasado domingo 13 de febrero donde se renovaron a los titulares de las delegaciones que forman parte de la [&hellip;]<\/p>\n","protected":false},"author":3,"featured_media":0,"comment_status":"open","ping_status":"open","sticky":false,"template":"","format":"standard","meta":{"footnotes":""},"categories":[7],"tags":[],"class_list":["post-11144","post","type-post","status-publish","format-standard","hentry","category-ciudadanos"],"amp_enabled":true,"_links":{"self":[{"href":"https:\/\/labestiapolitica.com.mx\/index.php?rest_route=\/wp\/v2\/posts\/11144","targetHints":{"allow":["GET"]}}],"collection":[{"href":"https:\/\/labestiapolitica.com.mx\/index.php?rest_route=\/wp\/v2\/posts"}],"about":[{"href":"https:\/\/labestiapolitica.com.mx\/index.php?rest_route=\/wp\/v2\/types\/post"}],"author":[{"embeddable":true,"href":"https:\/\/labestiapolitica.com.mx\/index.php?rest_route=\/wp\/v2\/users\/3"}],"replies":[{"embeddable":true,"href":"https:\/\/labestiapolitica.com.mx\/index.php?rest_route=%2Fwp%2Fv2%2Fcomments&post=11144"}],"version-history":[{"count":1,"href":"https:\/\/labestiapolitica.com.mx\/index.php?rest_route=\/wp\/v2\/posts\/11144\/revisions"}],"predecessor-version":[{"id":11146,"href":"https:\/\/labestiapolitica.com.mx\/index.php?rest_route=\/wp\/v2\/posts\/11144\/revisions\/11146"}],"wp:attachment":[{"href":"https:\/\/labestiapolitica.com.mx\/index.php?rest_route=%2Fwp%2Fv2%2Fmedia&parent=11144"}],"wp:term":[{"taxonomy":"category","embeddable":true,"href":"https:\/\/labestiapolitica.com.mx\/index.php?rest_route=%2Fwp%2Fv2%2Fcategories&post=11144"},{"taxonomy":"post_tag","embeddable":true,"href":"https:\/\/labestiapolitica.com.mx\/index.php?rest_route=%2Fwp%2Fv2%2Ftags&post=11144"}],"curies":[{"name":"wp","href":"https:\/\/api.w.org\/{rel}","templated":true}]}}