{"id":11799,"date":"2022-01-04T03:39:54","date_gmt":"2022-01-04T03:39:54","guid":{"rendered":"https:\/\/labestiapolitica.com.mx\/?p=11799"},"modified":"2022-04-19T03:42:42","modified_gmt":"2022-04-19T03:42:42","slug":"confinada-encabeza-gobernadora-lorena-cuellar-de-manera-virtual-primer-mesa-de-covid-2022","status":"publish","type":"post","link":"https:\/\/labestiapolitica.com.mx\/?p=11799","title":{"rendered":"Confinada encabeza Gobernadora Lorena Cu\u00e9llar de manera virtual primer mesa de Covid 2022"},"content":{"rendered":"<p style=\"text-align: justify;\">A unas horas de que inform\u00f3 a trav\u00e9s de sus redes sociales de que hab\u00eda dado positivo al contagio de Covid-19, la gobernadora del Estado, Lorena Cu\u00e9llar Cisneros, encabez\u00f3 de manera virtual la primera mesa de salud 2022 y orden\u00f3 la aplicaci\u00f3n de medidas preventivas urgentes ante el incremento de casos de SARS-CoV-2 y de la presencia de la variante \u00d3micron en la entidad.<\/p>\n<p style=\"text-align: justify;\">Cu\u00e9llar Cisneros, a\u00fan confinada y a trav\u00e9s de la video reuni\u00f3n, se le observ\u00f3 de buen \u00e1nimo y cumpliendo sus funciones como primer mandataria, ah\u00ed, en el encuentro con servidores del gabinete estatal y titulares de oficinas de representaci\u00f3n federal, destac\u00f3 que Tlaxcala ha estado en los primeros lugares de atenci\u00f3n y vacunaci\u00f3n, y los resultados se reflejan en los m\u00ednimos \u00edndices de hospitalizaci\u00f3n por SARS-CoV-2.<\/p>\n<p style=\"text-align: justify;\">Esta reuni\u00f3n fue dada a conocer a trav\u00e9s de un comunicado de prensa, mediante el cual se se\u00f1al\u00f3 que la gobernante expuso que deben garantizarse los servicios de salud y, por lo tanto, el gobierno est\u00e1 preparado con personal m\u00e9dico, infraestructura y medicamentos para enfrentar la cuarta ola de contagios, sumado a las acciones implementadas desde el inicio de la administraci\u00f3n como: los m\u00f3dulos de ox\u00edgeno gratuito y de pruebas r\u00e1pidas.<\/p>\n<p style=\"text-align: justify;\">En su oportunidad, los representantes del sector salud aclararon que a la fecha hay disponibilidad de camas en el Instituto Mexicano del Seguro Social (IMSS), el Instituto de Seguridad y Servicios Sociales de los Trabajadores del Estado (Issste) y de la Secretar\u00eda de Salud (SESA).<\/p>\n<p style=\"text-align: justify;\">La titular del Ejecutivo local solicit\u00f3 a los funcionarios reforzar las medidas preventivas, desde el \u00e1mbito de sus funciones, en atenci\u00f3n a las necesidades de la poblaci\u00f3n.<\/p>\n<p style=\"text-align: justify;\">Cabe mencionar que el Consejo Estatal de Salud sesionar\u00e1 este martes con el objetivo de dar a conocer las nuevas medidas para frenar los contagios.<\/p>\n","protected":false},"excerpt":{"rendered":"<p>A unas horas de que inform\u00f3 a trav\u00e9s de sus redes sociales de que hab\u00eda dado positivo al contagio de Covid-19, la gobernadora del Estado, Lorena Cu\u00e9llar Cisneros, encabez\u00f3 de manera virtual la primera mesa de salud 2022 y orden\u00f3 la aplicaci\u00f3n de medidas preventivas urgentes ante el incremento de casos de SARS-CoV-2 y de [&hellip;]<\/p>\n","protected":false},"author":3,"featured_media":0,"comment_status":"open","ping_status":"open","sticky":false,"template":"","format":"standard","meta":{"footnotes":""},"categories":[7],"tags":[],"class_list":["post-11799","post","type-post","status-publish","format-standard","hentry","category-ciudadanos"],"amp_enabled":true,"_links":{"self":[{"href":"https:\/\/labestiapolitica.com.mx\/index.php?rest_route=\/wp\/v2\/posts\/11799","targetHints":{"allow":["GET"]}}],"collection":[{"href":"https:\/\/labestiapolitica.com.mx\/index.php?rest_route=\/wp\/v2\/posts"}],"about":[{"href":"https:\/\/labestiapolitica.com.mx\/index.php?rest_route=\/wp\/v2\/types\/post"}],"author":[{"embeddable":true,"href":"https:\/\/labestiapolitica.com.mx\/index.php?rest_route=\/wp\/v2\/users\/3"}],"replies":[{"embeddable":true,"href":"https:\/\/labestiapolitica.com.mx\/index.php?rest_route=%2Fwp%2Fv2%2Fcomments&post=11799"}],"version-history":[{"count":1,"href":"https:\/\/labestiapolitica.com.mx\/index.php?rest_route=\/wp\/v2\/posts\/11799\/revisions"}],"predecessor-version":[{"id":11801,"href":"https:\/\/labestiapolitica.com.mx\/index.php?rest_route=\/wp\/v2\/posts\/11799\/revisions\/11801"}],"wp:attachment":[{"href":"https:\/\/labestiapolitica.com.mx\/index.php?rest_route=%2Fwp%2Fv2%2Fmedia&parent=11799"}],"wp:term":[{"taxonomy":"category","embeddable":true,"href":"https:\/\/labestiapolitica.com.mx\/index.php?rest_route=%2Fwp%2Fv2%2Fcategories&post=11799"},{"taxonomy":"post_tag","embeddable":true,"href":"https:\/\/labestiapolitica.com.mx\/index.php?rest_route=%2Fwp%2Fv2%2Ftags&post=11799"}],"curies":[{"name":"wp","href":"https:\/\/api.w.org\/{rel}","templated":true}]}}