{"id":11802,"date":"2022-01-04T03:44:38","date_gmt":"2022-01-04T03:44:38","guid":{"rendered":"https:\/\/labestiapolitica.com.mx\/?p=11802"},"modified":"2022-04-19T03:47:10","modified_gmt":"2022-04-19T03:47:10","slug":"encabezo-lorena-cuellar-de-manera-virtual-primera-mesa-covid-2022","status":"publish","type":"post","link":"https:\/\/labestiapolitica.com.mx\/?p=11802","title":{"rendered":"Encabez\u00f3 Lorena Cu\u00e9llar de manera virtual primera mesa Covid 2022"},"content":{"rendered":"<p style=\"text-align: justify;\">REDACCI\u00d3N \/ Al encabezar de manera virtual la primera mesa de salud 2022, la gobernadora del estado, Lorena Cu\u00e9llar Cisneros orden\u00f3 la aplicaci\u00f3n de medidas preventivas urgentes ante el incremento de casos de Covid-19 y de la presencia de la variante \u00d3micron en la entidad.<\/p>\n<p style=\"text-align: justify;\">Durante el encuentro con funcionarios del gabinete estatal y titulares de oficinas de representaci\u00f3n federal, destac\u00f3 que Tlaxcala ha estado en los primeros lugares de atenci\u00f3n y vacunaci\u00f3n, y los resultados se reflejan en los m\u00ednimos \u00edndices de hospitalizaci\u00f3n por SARS-CoV-2.<\/p>\n<p style=\"text-align: justify;\">En la reuni\u00f3n expuso que deben garantizarse los servicios de salud y, por lo tanto, el gobierno est\u00e1 preparado con personal m\u00e9dico, infraestructura y medicamentos para enfrentar la cuarta ola de contagios, sumado a las acciones implementadas desde el inicio de la administraci\u00f3n como: los m\u00f3dulos de ox\u00edgeno gratuito y de pruebas r\u00e1pidas.<\/p>\n<p style=\"text-align: justify;\">En su oportunidad, los representantes del sector salud aclararon que a la fecha hay disponibilidad de camas en el Instituto Mexicano del Seguro Social (IMSS), el Instituto de Seguridad y Servicios Sociales de los Trabajadores del Estado (Issste) y de la Secretar\u00eda de Salud (SESA).<\/p>\n<p style=\"text-align: justify;\">La titular del Ejecutivo local solicit\u00f3 a los funcionarios reforzar las medidas preventivas, desde el \u00e1mbito de sus funciones, en atenci\u00f3n a las necesidades de la poblaci\u00f3n.<\/p>\n<p style=\"text-align: justify;\">Cabe mencionar que el Consejo Estatal de Salud sesionar\u00e1 este martes con el objetivo de dar a conocer las nuevas medidas para frenar los contagios.<\/p>\n<p style=\"text-align: justify;\">Durante el encuentro participaron los secretarios de Gobierno (Segob), Sergio Gonz\u00e1lez Hern\u00e1ndez; de Salud, Rigoberto Zamudio Meneses; de Educaci\u00f3n P\u00fablica del Estado (SEPE), Homero Meneses Hern\u00e1ndez; de Turismo, Josefina Rodr\u00edguez Zamora y de Desarrollo Econ\u00f3mico (Sedeco), Javier Marroqu\u00edn Calder\u00f3n.<\/p>\n<p style=\"text-align: justify;\">As\u00ed como el comandante de la 23 Zona Militar, Gumaro Cabrera Osornio; el coordinador de la Guardia Nacional (GN) en Tlaxcala, Vinicio Perea Alcar\u00e1z; el delegado del IMSS, Julio Guti\u00e9rrez M\u00e9ndez; el subdirector m\u00e9dico del Issste, Miguel \u00c1ngel Xolocotzi Ju\u00e1rez y el representante de la Di\u00f3cesis de Tlaxcala, Ranulfo Rojas Bret\u00f3n, entre otros.<\/p>\n","protected":false},"excerpt":{"rendered":"<p>REDACCI\u00d3N \/ Al encabezar de manera virtual la primera mesa de salud 2022, la gobernadora del estado, Lorena Cu\u00e9llar Cisneros orden\u00f3 la aplicaci\u00f3n de medidas preventivas urgentes ante el incremento de casos de Covid-19 y de la presencia de la variante \u00d3micron en la entidad. Durante el encuentro con funcionarios del gabinete estatal y titulares [&hellip;]<\/p>\n","protected":false},"author":3,"featured_media":0,"comment_status":"open","ping_status":"open","sticky":false,"template":"","format":"standard","meta":{"footnotes":""},"categories":[7],"tags":[],"class_list":["post-11802","post","type-post","status-publish","format-standard","hentry","category-ciudadanos"],"amp_enabled":true,"_links":{"self":[{"href":"https:\/\/labestiapolitica.com.mx\/index.php?rest_route=\/wp\/v2\/posts\/11802","targetHints":{"allow":["GET"]}}],"collection":[{"href":"https:\/\/labestiapolitica.com.mx\/index.php?rest_route=\/wp\/v2\/posts"}],"about":[{"href":"https:\/\/labestiapolitica.com.mx\/index.php?rest_route=\/wp\/v2\/types\/post"}],"author":[{"embeddable":true,"href":"https:\/\/labestiapolitica.com.mx\/index.php?rest_route=\/wp\/v2\/users\/3"}],"replies":[{"embeddable":true,"href":"https:\/\/labestiapolitica.com.mx\/index.php?rest_route=%2Fwp%2Fv2%2Fcomments&post=11802"}],"version-history":[{"count":1,"href":"https:\/\/labestiapolitica.com.mx\/index.php?rest_route=\/wp\/v2\/posts\/11802\/revisions"}],"predecessor-version":[{"id":11804,"href":"https:\/\/labestiapolitica.com.mx\/index.php?rest_route=\/wp\/v2\/posts\/11802\/revisions\/11804"}],"wp:attachment":[{"href":"https:\/\/labestiapolitica.com.mx\/index.php?rest_route=%2Fwp%2Fv2%2Fmedia&parent=11802"}],"wp:term":[{"taxonomy":"category","embeddable":true,"href":"https:\/\/labestiapolitica.com.mx\/index.php?rest_route=%2Fwp%2Fv2%2Fcategories&post=11802"},{"taxonomy":"post_tag","embeddable":true,"href":"https:\/\/labestiapolitica.com.mx\/index.php?rest_route=%2Fwp%2Fv2%2Ftags&post=11802"}],"curies":[{"name":"wp","href":"https:\/\/api.w.org\/{rel}","templated":true}]}}