{"id":11805,"date":"2022-01-04T03:49:39","date_gmt":"2022-01-04T03:49:39","guid":{"rendered":"https:\/\/labestiapolitica.com.mx\/?p=11805"},"modified":"2022-04-19T03:50:03","modified_gmt":"2022-04-19T03:50:03","slug":"estable-la-salud-de-lorena-cuellar-cisneros-ante-contagio-de-covid-19","status":"publish","type":"post","link":"https:\/\/labestiapolitica.com.mx\/?p=11805","title":{"rendered":"Estable la salud de Lorena Cu\u00e9llar Cisneros ante contagio de Covid-19"},"content":{"rendered":"<p style=\"text-align: justify;\">La gobernadora Lorena Cu\u00e9llar Cisneros inform\u00f3 que su estado de salud es estable y mantiene una saturaci\u00f3n al 92 por ciento, despu\u00e9s de ser diagnosticada positiva para Covid-19, por lo que trabaja de manera virtual.<\/p>\n<p style=\"text-align: justify;\">Expuso que est\u00e1 atenta de que las acciones gubernamentales contin\u00faen sin obst\u00e1culos en busca de lograr una nueva historia para Tlaxcala.<\/p>\n<p style=\"text-align: justify;\">A trav\u00e9s de un video publicado en redes sociales, la mandataria estatal agradeci\u00f3 el trabajo de todas y todos los integrantes de la administraci\u00f3n que encabeza, \u201cme siento muy bien, me siento con mucho \u00e1nimo, estoy trabajando de manera virtual estos d\u00edas, desde que di positivo no he dejado de estar al pendiente, ni lo estar\u00e9, porque saben la preocupaci\u00f3n que tengo de que todo marche bien\u201d.<\/p>\n<p style=\"text-align: justify;\">Al mismo tiempo, conmin\u00f3 a la ciudadan\u00eda a seguir con los cuidados preventivos ante la presencia de la variante \u00d3micron de Covid-19, as\u00ed como aplicarse las vacunas conforme a sus rangos de edades.<\/p>\n<p style=\"text-align: justify;\">\u201cSig\u00e1monos cuidando, porque esta variante nos da un contagio mayor, sin embargo, sabemos que no es grave, siempre y cuando tengamos las dos vacunas y estemos cuid\u00e1ndonos de manera permanente\u00bb, asever\u00f3 Cu\u00e9llar Cisneros.<\/p>\n<p style=\"text-align: justify;\">Tambi\u00e9n agradeci\u00f3 las muestras de afecto que la poblaci\u00f3n le ha brindado, \u201clos llev\u00f3 aqu\u00ed en el coraz\u00f3n, cuid\u00e9monos mucho todos porque es muy importante que estemos sanos, yo estar\u00e9 pendiente de todos ustedes, de mi estado\u00bb.<\/p>\n<p style=\"text-align: justify;\">Durante su mensaje, la titular del Ejecutivo local mostr\u00f3 una actitud optimista, adem\u00e1s de que refrend\u00f3 el compromiso que tiene por la entidad, para que les vaya bien a todas y todos los tlaxcaltecas.<\/p>\n<p style=\"text-align: justify;\">\n","protected":false},"excerpt":{"rendered":"<p>La gobernadora Lorena Cu\u00e9llar Cisneros inform\u00f3 que su estado de salud es estable y mantiene una saturaci\u00f3n al 92 por ciento, despu\u00e9s de ser diagnosticada positiva para Covid-19, por lo que trabaja de manera virtual. Expuso que est\u00e1 atenta de que las acciones gubernamentales contin\u00faen sin obst\u00e1culos en busca de lograr una nueva historia para [&hellip;]<\/p>\n","protected":false},"author":3,"featured_media":0,"comment_status":"open","ping_status":"open","sticky":false,"template":"","format":"standard","meta":{"footnotes":""},"categories":[7],"tags":[],"class_list":["post-11805","post","type-post","status-publish","format-standard","hentry","category-ciudadanos"],"amp_enabled":true,"_links":{"self":[{"href":"https:\/\/labestiapolitica.com.mx\/index.php?rest_route=\/wp\/v2\/posts\/11805","targetHints":{"allow":["GET"]}}],"collection":[{"href":"https:\/\/labestiapolitica.com.mx\/index.php?rest_route=\/wp\/v2\/posts"}],"about":[{"href":"https:\/\/labestiapolitica.com.mx\/index.php?rest_route=\/wp\/v2\/types\/post"}],"author":[{"embeddable":true,"href":"https:\/\/labestiapolitica.com.mx\/index.php?rest_route=\/wp\/v2\/users\/3"}],"replies":[{"embeddable":true,"href":"https:\/\/labestiapolitica.com.mx\/index.php?rest_route=%2Fwp%2Fv2%2Fcomments&post=11805"}],"version-history":[{"count":1,"href":"https:\/\/labestiapolitica.com.mx\/index.php?rest_route=\/wp\/v2\/posts\/11805\/revisions"}],"predecessor-version":[{"id":11806,"href":"https:\/\/labestiapolitica.com.mx\/index.php?rest_route=\/wp\/v2\/posts\/11805\/revisions\/11806"}],"wp:attachment":[{"href":"https:\/\/labestiapolitica.com.mx\/index.php?rest_route=%2Fwp%2Fv2%2Fmedia&parent=11805"}],"wp:term":[{"taxonomy":"category","embeddable":true,"href":"https:\/\/labestiapolitica.com.mx\/index.php?rest_route=%2Fwp%2Fv2%2Fcategories&post=11805"},{"taxonomy":"post_tag","embeddable":true,"href":"https:\/\/labestiapolitica.com.mx\/index.php?rest_route=%2Fwp%2Fv2%2Ftags&post=11805"}],"curies":[{"name":"wp","href":"https:\/\/api.w.org\/{rel}","templated":true}]}}