{"id":11807,"date":"2022-01-15T03:52:36","date_gmt":"2022-01-15T03:52:36","guid":{"rendered":"https:\/\/labestiapolitica.com.mx\/?p=11807"},"modified":"2022-04-19T03:58:46","modified_gmt":"2022-04-19T03:58:46","slug":"tras-superar-el-covid-lorena-cuellar-se-reincorpora-de-manera-presencial-a-actividades-del-ejecutivo","status":"publish","type":"post","link":"https:\/\/labestiapolitica.com.mx\/?p=11807","title":{"rendered":"Tras superar el Covid, Lorena Cu\u00e9llar se reincorpora de manera presencial a actividades del Ejecutivo"},"content":{"rendered":"<p style=\"text-align: justify;\">La Gobernadora Lorena Cu\u00e9llar Cisneros se reincorpor\u00f3 a sus actividades de forma presencial al frente del Ejecutivo local, luego de haberse practicado la prueba y dar negativo a Covid-19, por lo que este jueves encabez\u00f3 la mesa de seguridad para continuar con las acciones necesarias en la materia en favor de las y los tlaxcaltecas.<\/p>\n<p style=\"text-align: justify;\">Minutos antes de iniciar con los trabajos de manera presencial, la mandataria estatal comparti\u00f3 en sus redes sociales un video en el que agradeci\u00f3 a la ciudadan\u00eda las muestras de cari\u00f1o y afecto que recibi\u00f3 durante el tiempo que permaneci\u00f3 en aislamiento, tras haber dado positivo al SARS-CoV-2, tiempo en el que estuvo trabajando v\u00eda Zoom.<\/p>\n<p style=\"text-align: justify;\">\u201cNunca dej\u00e9 de trabajar, estuve muy activa todos estos d\u00edas en casa por el tema del aislamiento, pero el d\u00eda de ayer por la noche ya me entregaron la prueba negativa y hoy estaremos ya trabajando normalmente, les agradezco much\u00edsimo de todo coraz\u00f3n todo su cari\u00f1o, que como ustedes saben es muy correspondido\u201d, extern\u00f3.<\/p>\n<p style=\"text-align: justify;\">Ante este panorama, la titular del Ejecutivo reactiv\u00f3 con entusiasmo los trabajos, al presidir la reuni\u00f3n de seguridad, a la que asistieron representantes de las diferentes corporaciones en el estado.<\/p>\n<p style=\"text-align: justify;\">Ah\u00ed, reiter\u00f3 que es necesario reforzar el trabajo conjunto para fortalecer la paz social y hacer frente a la delincuencia con mecanismos certeros, al mismo tiempo que refiri\u00f3 se debe vigilar que se cumplan con los lineamientos de cuidado a la salud por la pandemia, con el prop\u00f3sito de evitar la propagaci\u00f3n del Covid-19.<\/p>\n<p style=\"text-align: justify;\">Es as\u00ed como Lorena Cu\u00e9llar refrenda el compromiso con las y los pobladores de trabajar firmemente para construir una nueva historia en Tlaxcala.<\/p>\n<p style=\"text-align: justify;\">\n<h1 style=\"text-align: justify;\">Entrega Lorena Cu\u00e9llar uniformes, equipo de protecci\u00f3n y herramientas a brigadistas de la Conafor<\/h1>\n<p style=\"text-align: justify;\">REDACCI\u00d3N \/ La gobernadora Lorena Cu\u00e9llar Cisneros, en coordinaci\u00f3n con la Comisi\u00f3n Nacional Forestal (Conafor), entreg\u00f3 53 apoyos a igual n\u00famero de brigadistas, consistentes en uniformes, equipos de protecci\u00f3n y herramientas, para hacer frente a la temporada de incendios que comprende del 16 de enero al 30 de junio de 2022.<\/p>\n<p style=\"text-align: justify;\">La Promotor\u00eda de Desarrollo Forestal de la Conafor, ubicada en Ixtacuixtla, fue sede del evento en el que la mandataria estatal reconoci\u00f3 la labor de los combatientes que diariamente trabajan para proteger y mantener en buenas condiciones las 84 mil hect\u00e1reas de bosque, entre las que destacan La Malinche, as\u00ed como la zona de Tlaxco, Calpulalpan y Nanacamilpa.<\/p>\n<p style=\"text-align: justify;\">La mandataria estatal reiter\u00f3 su compromiso de cuidar el medio ambiente a trav\u00e9s del aprovechamiento sustentable de los recursos naturales y con el mejoramiento de las condiciones laborales de los brigadistas.<\/p>\n<p style=\"text-align: justify;\">\u00abYo les agradezco su labor por todas esas hect\u00e1reas que han salvado, a nombre de los tlaxcaltecas que amamos la naturaleza quiero darles las gracias por esa labor (\u2026) cuenten conmigo tanto en su labor como tambi\u00e9n de manera personal, este a\u00f1o vamos a tener muchos programas para que ustedes tambi\u00e9n se beneficien, estamos trabajando todos los d\u00edas precisamente para hacer una nueva historia por Tlaxcala\u201d, expres\u00f3.<\/p>\n<p style=\"text-align: justify;\">En su intervenci\u00f3n, el titular de la Promotor\u00eda, Isaac Santiago Ju\u00e1rez destac\u00f3 la coordinaci\u00f3n entre la Federaci\u00f3n y el gobierno del estado para atender las problem\u00e1ticas de incendios, sanidad y manejo para cumplir las indicaciones del presidente de la Rep\u00fablica, Andr\u00e9s Manuel L\u00f3pez Obrador.<\/p>\n<p style=\"text-align: justify;\">Detall\u00f3 que durante el a\u00f1o 2021 las seis brigadas de la Conafor atendieron 275 incendios que afectaron una superficie 2 mil 258 hect\u00e1reas y en lo que va de 2021 han sofocado dos siniestros con una superficie de 1.6 hect\u00e1reas. Conjuntamente, realizaron actividades preventivas e impartieron pl\u00e1ticas a brigadistas comunitarios y a personal de la Sedena.<\/p>\n<p style=\"text-align: justify;\">\u201cCon recursos del Programa de Desarrollo Forestal para el Bienestar 2022 afinaremos recursos para la operaci\u00f3n y equipamiento, una brigada de incendios forestales estar\u00e1 bajo la coordinaci\u00f3n de la Secretar\u00eda de Medio Ambiente (SMA) y de la Conafor para atender zonas donde no tengamos brigadas\u201d, anunci\u00f3.<\/p>\n<p style=\"text-align: justify;\">Cada apoyo otorgado consta de tres playeras, camisolas y pantalones, una chamarra impermeables dos pares de botas, goggles, paliacates, un botiqu\u00edn, cantimplora, mochila de l\u00ednea, l\u00e1mpara, cuatro pares de guantes y dos gorras.<\/p>\n<p style=\"text-align: justify;\">En lo que respecta a herramienta, las brigadas voluntarias de San Pedro Tlalcuapan, Chiautempan y del ejido \u201cEl Rosario\u201d de Tlaxco, recibieron en comodato un lote de herramienta que incluye machetes, rastrillos, palas y escobas tipo jardinero.<\/p>\n<p style=\"text-align: justify;\">A su vez, el titular de la SMA, Luis Antonio Ram\u00edrez Hern\u00e1ndez coincidi\u00f3 en que \u201cpara proyectar un futuro cada vez m\u00e1s productivo en materia forestal con una visi\u00f3n de desarrollo integral, debemos empezar por cuidar el m\u00e1ximo de nuestros bosques y la entrega de estos equipos permite reconocer el profesionalismo y la valent\u00eda con la que cada brigadista hace su trabajo\u201d.<\/p>\n<p style=\"text-align: justify;\">En ese sentido, mencion\u00f3 que en pr\u00f3ximas fechas la dependencia que encabeza firmar\u00e1 un convenio con la Conafor para mejorar las condiciones laborales de los brigadistas, a trav\u00e9s de gestiones ante la Federaci\u00f3n y la inversi\u00f3n de recursos estatales para construir m\u00e1s casetas de vigilancia.<\/p>\n<p style=\"text-align: justify;\">La titular del Ejecutivo local estuvo acompa\u00f1ada por el director de la Comisi\u00f3n Nacional del Agua (Conagua) en Tlaxcala, Pedro Albornoz G\u00f3ngora y de los encargados de despacho de la Procuradur\u00eda Federal de Protecci\u00f3n al Ambiente (Profepa), Arturo Z\u00e1rate Flores; de la Secretar\u00eda de Medio Ambiente y Recursos Naturales (Semarnat), Iliana Castillo Algarra.<\/p>\n<p style=\"text-align: justify;\">Adem\u00e1s, estuvieron presentes la diputada presidenta de la Comisi\u00f3n de Medio Ambiente del Congreso local, Marcela Gonz\u00e1lez Castillo; el presidente municipal de Ixtacuixtla, Jes\u00fas Rolando P\u00e9rez Saavedra y el secretario general de la secci\u00f3n sindical 54 de la Semarnat, Miguel Romero Ahuactzin.<\/p>\n<p style=\"text-align: justify;\">\n<h1 style=\"text-align: justify;\">Respalda Lorena Cu\u00e9llar reforma energ\u00e9tica durante foros en el Congreso de la Uni\u00f3n<\/h1>\n<p style=\"text-align: justify;\">REDACCI\u00d3N \/ La gobernadora Lorena Cu\u00e9llar Cisneros particip\u00f3 en la inauguraci\u00f3n de los Foros de Parlamento Abierto sobre la Reforma El\u00e9ctrica realizados en el Palacio Legislativo de San L\u00e1zaro, donde junto con sus hom\u00f3logos respald\u00f3 la iniciativa impulsada por el presidente de la Rep\u00fablica, Andr\u00e9s Manuel L\u00f3pez Obrador.<\/p>\n<p style=\"text-align: justify;\">La mandataria estatal subray\u00f3 que \u201cla Reforma constituye un primer paso hacia la recuperaci\u00f3n de la soberan\u00eda y la rector\u00eda del Estado en materia energ\u00e9tica, situaci\u00f3n que es clave tanto para la seguridad nacional como para mantener la rector\u00eda del Estado en el sector\u201d.<\/p>\n<p style=\"text-align: justify;\">Expres\u00f3 abiertamente su total respaldo a la propuesta \u201cporque sabemos que esta reforma garantizar\u00e1 la electricidad y el internet al pueblo de M\u00e9xico, hagamos toda una nueva historia en materia energ\u00e9tica para beneficio de nuestro pa\u00eds\u201d.<\/p>\n<p style=\"text-align: justify;\">Se\u00f1al\u00f3 que la reforma energ\u00e9tica de 2013 estuvo llena de ambig\u00fcedades que permitieron la subordinaci\u00f3n de la pol\u00edtica y la industria energ\u00e9tica a las decisiones de empresas globales, lo que benefici\u00f3 solo a unos cuantos.<\/p>\n<p style=\"text-align: justify;\">\u201cLa aprobaci\u00f3n de esa Reforma no fue un logro pol\u00edtico como se dijo en su momento, sino producto de una estrategia deliberada, dolosa y manipuladora para no informar a nuestro pueblo sobre su verdadero contenido, efectos y consecuencias (\u2026) que nos han conducido hacia la dependencia energ\u00e9tica, al estancamiento, desindustrializaci\u00f3n e incapacidad de alcanzar sustentabilidad fiscal para nuestro pa\u00eds en el corto plazo\u201d, expuso.<\/p>\n<p style=\"text-align: justify;\">Durante el primer d\u00eda de actividades de los foros en los que participar\u00e1n especialistas, legisladores, empresarios y autoridades para debatir sobre la viabilidad de la propuesta, Cu\u00e9llar Cisneros lament\u00f3 que actualmente las empresas extranjeras produzcan m\u00e1s del 60 por ciento de la electricidad que se consume en el pa\u00eds y de continuar as\u00ed en menos de una d\u00e9cada abarcar\u00e1n un 85 por ciento.<\/p>\n<p style=\"text-align: justify;\">Agreg\u00f3 que estas empresas han recibido subsidios por m\u00e1s de 471 mil millones de pesos para luego vender la energ\u00eda con sobrecosto a la Comisi\u00f3n Federal de Electricidad (CFE).<\/p>\n<p style=\"text-align: justify;\">Por todo lo anterior, la gobernadora solicit\u00f3 a los diputados federales aprobar, sin modificaciones, la propuesta enviada por el Ejecutivo federal y reiter\u00f3 que es necesaria la planeaci\u00f3n con una visi\u00f3n de largo plazo, sustentada en los intereses de la naci\u00f3n, en apego a la soberan\u00eda y donde prevalezca el inter\u00e9s general.<\/p>\n<p style=\"text-align: justify;\">En el arranque de actividades participaron de manera presencial y remota los gobernadores de Hidalgo, Omar Fayad Meneses; San Luis Potos\u00ed, Ricardo Gallardo; Guerrero, Evelyn Salgado; Chiapas, Rutilio Escand\u00f3n; Sonora, Alfonso Durazo; Ciudad de M\u00e9xico, Claudia Sheinbaum; Campeche, Layda Sansores; Durango, Jos\u00e9 Rosas Aispuro; Michoac\u00e1n, Alfredo Ram\u00edrez Bedolla y Sinaloa, Rub\u00e9n Rocha, as\u00ed como representantes de los gobiernos de Baja California, Quintana Roo y Veracruz.<\/p>\n<p style=\"text-align: justify;\">As\u00ed como los coordinadores de los diferentes grupos parlamentarios de la C\u00e1mara de Diputados.<\/p>\n<p style=\"text-align: justify;\">\n<h1 style=\"text-align: justify;\">Abrir\u00e1 sus puertas\u00a0 Complejo de Salud y Bienestar el 25 de enero: Lorena Cu\u00e9llar<\/h1>\n<p style=\"text-align: justify;\">La gobernadora Lorena Cu\u00e9llar Cisneros anunci\u00f3 que el pr\u00f3ximo 25 de enero abrir\u00e1 sus puertas el Complejo de Salud y Bienestar, construido en los primeros 100 d\u00edas de gobierno con una inversi\u00f3n de 234 millones de pesos y que brindar\u00e1 servicios de hemodi\u00e1lisis y cirug\u00eda de m\u00ednima invasi\u00f3n a cientos de tlaxcaltecas.<\/p>\n<p style=\"text-align: justify;\">En la entrega de apoyos econ\u00f3micos a adultos mayores y con discapacidad en el municipio de Texoloc,\u00a0 Cu\u00e9llar Cisneros destac\u00f3\u00a0 que ambas cl\u00ednicas construidas en 45 d\u00edas,\u00a0 cuenta con los equipos m\u00e1s sofisticados para reactivar la atenci\u00f3n a los tlaxcaltecas, la cual qued\u00f3 pendiente ante la emergencia sanitaria.<\/p>\n<p style=\"text-align: justify;\">En su mensaje, tambi\u00e9n\u00a0 adelant\u00f3 que su administraci\u00f3n pondr\u00e1 en marcha\u00a0\u00a0 10 cl\u00ednicas de salud para la atenci\u00f3n gratuita de padecimientos como\u00a0 diabetes e hipertensi\u00f3n, la dotaci\u00f3n de\u00a0 medicamentos, estudios de laboratorio y el\u00a0 derecho a unos lentes de manera anual, as\u00ed como\u00a0 servicio de dentista.<\/p>\n<p style=\"text-align: justify;\">Ante decenas de beneficiarios, Cu\u00e9llar Cisneros anunci\u00f3 que su gobierno destinar\u00e1 recursos para garantizar la pensi\u00f3n a personas con discapacidad de 29 a 64 a\u00f1os , con la finalidad de que en coordinaci\u00f3n con la federaci\u00f3n se logr\u00e9 el apoyo universal a este sector en la entidad, \u00abporque tambi\u00e9n sabemos lo dif\u00edcil que es tener un enfermo en casa, una persona que no ve, que no oye, que no camina, que presenta alguna deficiencia mental, son gastos, por eso vamos hacer el esfuerzo en el estado para darles ese apoyo\u00bb.<\/p>\n<p style=\"text-align: justify;\">Precis\u00f3 que, se pondr\u00e1n en marcha programas sociales que permitan dotar de aparatos como silla de ruedas, bastones, sistemas auditivos, pr\u00f3tesis, entre otros sin costo, gesti\u00f3n que deber\u00e1 realizarse ante el Sistema Municipal DIF.<\/p>\n<p style=\"text-align: justify;\">\n","protected":false},"excerpt":{"rendered":"<p>La Gobernadora Lorena Cu\u00e9llar Cisneros se reincorpor\u00f3 a sus actividades de forma presencial al frente del Ejecutivo local, luego de haberse practicado la prueba y dar negativo a Covid-19, por lo que este jueves encabez\u00f3 la mesa de seguridad para continuar con las acciones necesarias en la materia en favor de las y los tlaxcaltecas. [&hellip;]<\/p>\n","protected":false},"author":3,"featured_media":0,"comment_status":"open","ping_status":"open","sticky":false,"template":"","format":"standard","meta":{"footnotes":""},"categories":[7],"tags":[],"class_list":["post-11807","post","type-post","status-publish","format-standard","hentry","category-ciudadanos"],"amp_enabled":true,"_links":{"self":[{"href":"https:\/\/labestiapolitica.com.mx\/index.php?rest_route=\/wp\/v2\/posts\/11807","targetHints":{"allow":["GET"]}}],"collection":[{"href":"https:\/\/labestiapolitica.com.mx\/index.php?rest_route=\/wp\/v2\/posts"}],"about":[{"href":"https:\/\/labestiapolitica.com.mx\/index.php?rest_route=\/wp\/v2\/types\/post"}],"author":[{"embeddable":true,"href":"https:\/\/labestiapolitica.com.mx\/index.php?rest_route=\/wp\/v2\/users\/3"}],"replies":[{"embeddable":true,"href":"https:\/\/labestiapolitica.com.mx\/index.php?rest_route=%2Fwp%2Fv2%2Fcomments&post=11807"}],"version-history":[{"count":1,"href":"https:\/\/labestiapolitica.com.mx\/index.php?rest_route=\/wp\/v2\/posts\/11807\/revisions"}],"predecessor-version":[{"id":11809,"href":"https:\/\/labestiapolitica.com.mx\/index.php?rest_route=\/wp\/v2\/posts\/11807\/revisions\/11809"}],"wp:attachment":[{"href":"https:\/\/labestiapolitica.com.mx\/index.php?rest_route=%2Fwp%2Fv2%2Fmedia&parent=11807"}],"wp:term":[{"taxonomy":"category","embeddable":true,"href":"https:\/\/labestiapolitica.com.mx\/index.php?rest_route=%2Fwp%2Fv2%2Fcategories&post=11807"},{"taxonomy":"post_tag","embeddable":true,"href":"https:\/\/labestiapolitica.com.mx\/index.php?rest_route=%2Fwp%2Fv2%2Ftags&post=11807"}],"curies":[{"name":"wp","href":"https:\/\/api.w.org\/{rel}","templated":true}]}}