{"id":11819,"date":"2022-01-26T04:17:08","date_gmt":"2022-01-26T04:17:08","guid":{"rendered":"https:\/\/labestiapolitica.com.mx\/?p=11819"},"modified":"2022-04-19T04:18:40","modified_gmt":"2022-04-19T04:18:40","slug":"encabezo-lorena-cuellar-el-encuentro-regional-de-beneficencias-publicas-con-sede-en-tlaxcala","status":"publish","type":"post","link":"https:\/\/labestiapolitica.com.mx\/?p=11819","title":{"rendered":"Encabez\u00f3 Lorena Cu\u00e9llar el encuentro regional de beneficencias p\u00fablicas con sede en Tlaxcala"},"content":{"rendered":"<p style=\"text-align: justify;\">REDACCI\u00d3N \/ La gobernadora Lorena Cu\u00e9llar Cisneros particip\u00f3 en el Encuentro Regional de Beneficencias P\u00fablicas, encabezada por el director general, Leonardo Antonio Verduzco \u00c1vila, en la que participaron los representantes de los estados de Puebla, Morelos y Quer\u00e9taro, quienes compartieron sus experiencias, estrategias y programas de apoyo impulsados a favor de las personas m\u00e1s desprotegidas.<\/p>\n<p style=\"text-align: justify;\">En el evento, con sede en Tlaxcala capital y organizado por la Administraci\u00f3n del Patrimonio de la Beneficencia P\u00fablica Federal, la titular del Ejecutivo local destac\u00f3 que en lo que va de su administraci\u00f3n ha acercado un importante n\u00famero de apoyos funcionales a personas con discapacidad, lo que gener\u00f3 un impacto positivo en su calidad de vida.<\/p>\n<p style=\"text-align: justify;\">Adem\u00e1s, con la reciente apertura del Complejo de Atenci\u00f3n Especializada en Salud y Bienestar, los tlaxcaltecas que no cuenten con seguridad social o recursos econ\u00f3micos suficientes para recibir tratamientos de hemodi\u00e1lisis o realizarse cirug\u00edas, recibir\u00e1n atenci\u00f3n m\u00e9dica gratuita.<\/p>\n<p style=\"text-align: justify;\">\u201cEn Tlaxcala construimos en 85 d\u00edas dos hospitales, uno para insuficiencia renal que es un tema muy delicado y tambi\u00e9n tenemos la cirug\u00eda de m\u00ednima invasi\u00f3n, vamos a poder hacer cirug\u00edas de cataratas, de rodillas, de cadera (\u2026) pongo, por lo menos en esta regi\u00f3n, a la orden los servicios hospitalarios y vamos a ver c\u00f3mo podemos trabajar en conjunto para poder llegar a m\u00e1s y m\u00e1s pacientes\u201d, dijo.<\/p>\n<p style=\"text-align: justify;\">Tras recordar el trabajo que realiz\u00f3 hace 35 a\u00f1os a trav\u00e9s de su fundaci\u00f3n social, la mandataria estatal reiter\u00f3 la voluntad del gobierno estatal para trabajar coordinadamente con la instituci\u00f3n federal y generar un mayor bienestar social en los sectores vulnerables.<\/p>\n<p style=\"text-align: justify;\">\u201cEstos apoyos que hoy la Beneficencia nos va a dar para el estado, los vamos a incrementar de manera muy importante porque yo s\u00e9 lo que es cambiarle la vida a una persona que es operada de cataratas, entregarle una pr\u00f3tesis y verla caminar, dar una silla de par\u00e1lisis cerebral a una mam\u00e1 (\u2026) hay una diferencia abismal de lo que la beneficencia ha hecho en este pa\u00eds para las personas con discapacidad\u201d, mencion\u00f3.<\/p>\n<p style=\"text-align: justify;\">En ese sentido, Verduzco \u00c1vila reconoci\u00f3 la sensibilidad y la experiencia de Cu\u00e9llar Cisneros en el servicio de asistencia social, lo que permiti\u00f3 que en los primeros 100 d\u00edas de su administraci\u00f3n obtuvieran excelentes resultados, ya que en tan solo 14 d\u00edas de jornadas Tlaxcala otorg\u00f3 7.3 por ciento m\u00e1s apoyos de los entregados durante el primer semestre de 2021, es decir, aproximadamente mil 700 ayudas.<\/p>\n<p style=\"text-align: justify;\">\u201cElla, antes de ser gobernadora, fue maestra y en paralelo una luchadora con una organizaci\u00f3n de la sociedad civil dedicada a esto (\u2026) gracias a su experiencia sumada a la del equipo logramos proyectar para este a\u00f1o 12 mil pr\u00f3tesis bucales, en lo que es cirug\u00eda de cadera, rodilla y lentes intraoculares tenemos que avanzar porque la pandemia cerr\u00f3 quir\u00f3fanos y no pudimos trabajar (\u2026) es largo el camino, pero estoy seguro que si salen m\u00e1s voluntades como la de Tlaxcala, podremos lograrlo\u201d, se\u00f1al\u00f3.<\/p>\n<p style=\"text-align: justify;\">En su oportunidad, la directora de Vinculaci\u00f3n Social, Filantrop\u00eda y Evaluaci\u00f3n de la Beneficencia P\u00fablica Federal, Mar\u00eda Elena del Valle Flores inform\u00f3 que la Declaratoria de Atenci\u00f3n de Zonas Prioritarias Rurales 2020-2022, publicada en el Diario Oficial de la Federaci\u00f3n, comprende mil 389 municipios, incluido Tlaltelulco que tiene un alto grado de rezago social, por lo que en coordinaci\u00f3n con el gobierno estatal reforzar\u00e1n las acciones hospitalarias para atender la problem\u00e1tica en materia de salud.<\/p>\n<p style=\"text-align: justify;\">A este encuentro tambi\u00e9n asisti\u00f3 el director de la Beneficencia P\u00fablica en Tlaxcala, Heriberto Antonio Flores Garc\u00eda y sus hom\u00f3logos de Morelos, Puebla y Quer\u00e9taro; como invitada de honor estuvo Mar\u00eda Fernanda Espinosa de los Monteros Cu\u00e9llar.<\/p>\n","protected":false},"excerpt":{"rendered":"<p>REDACCI\u00d3N \/ La gobernadora Lorena Cu\u00e9llar Cisneros particip\u00f3 en el Encuentro Regional de Beneficencias P\u00fablicas, encabezada por el director general, Leonardo Antonio Verduzco \u00c1vila, en la que participaron los representantes de los estados de Puebla, Morelos y Quer\u00e9taro, quienes compartieron sus experiencias, estrategias y programas de apoyo impulsados a favor de las personas m\u00e1s desprotegidas. [&hellip;]<\/p>\n","protected":false},"author":3,"featured_media":0,"comment_status":"open","ping_status":"open","sticky":false,"template":"","format":"standard","meta":{"footnotes":""},"categories":[7],"tags":[],"class_list":["post-11819","post","type-post","status-publish","format-standard","hentry","category-ciudadanos"],"amp_enabled":true,"_links":{"self":[{"href":"https:\/\/labestiapolitica.com.mx\/index.php?rest_route=\/wp\/v2\/posts\/11819","targetHints":{"allow":["GET"]}}],"collection":[{"href":"https:\/\/labestiapolitica.com.mx\/index.php?rest_route=\/wp\/v2\/posts"}],"about":[{"href":"https:\/\/labestiapolitica.com.mx\/index.php?rest_route=\/wp\/v2\/types\/post"}],"author":[{"embeddable":true,"href":"https:\/\/labestiapolitica.com.mx\/index.php?rest_route=\/wp\/v2\/users\/3"}],"replies":[{"embeddable":true,"href":"https:\/\/labestiapolitica.com.mx\/index.php?rest_route=%2Fwp%2Fv2%2Fcomments&post=11819"}],"version-history":[{"count":1,"href":"https:\/\/labestiapolitica.com.mx\/index.php?rest_route=\/wp\/v2\/posts\/11819\/revisions"}],"predecessor-version":[{"id":11821,"href":"https:\/\/labestiapolitica.com.mx\/index.php?rest_route=\/wp\/v2\/posts\/11819\/revisions\/11821"}],"wp:attachment":[{"href":"https:\/\/labestiapolitica.com.mx\/index.php?rest_route=%2Fwp%2Fv2%2Fmedia&parent=11819"}],"wp:term":[{"taxonomy":"category","embeddable":true,"href":"https:\/\/labestiapolitica.com.mx\/index.php?rest_route=%2Fwp%2Fv2%2Fcategories&post=11819"},{"taxonomy":"post_tag","embeddable":true,"href":"https:\/\/labestiapolitica.com.mx\/index.php?rest_route=%2Fwp%2Fv2%2Ftags&post=11819"}],"curies":[{"name":"wp","href":"https:\/\/api.w.org\/{rel}","templated":true}]}}