{"id":12775,"date":"2022-06-09T01:53:54","date_gmt":"2022-06-09T01:53:54","guid":{"rendered":"https:\/\/labestiapolitica.com.mx\/?p=12775"},"modified":"2022-06-10T04:56:09","modified_gmt":"2022-06-10T04:56:09","slug":"instala-gobernadora-unidades-de-bienestar-con-comidas-a-15-pesos-en-tlaxcala","status":"publish","type":"post","link":"https:\/\/labestiapolitica.com.mx\/?p=12775","title":{"rendered":"Instala gobernadora Unidades de Bienestar con comidas de a  15 pesos en Tlaxcala"},"content":{"rendered":"<p style=\"text-align: justify;\">ATIENDEN \u201cUNIDADES DE BIENESTAR PARA TU NUTRICI\u00d3N\u201d NECESIDADES ALIMENTARIAS DE PERSONAS VULNERABLES<\/p>\n<p style=\"text-align: justify;\">*La gobernadora Lorena Cu\u00e9llar Cisneros inaugur\u00f3 este programa en Ixtacuixtla, Tlaxcala y Chiautempan<\/p>\n<p style=\"text-align: justify;\">*Se invirtieron 50 mdp en 10 espacios que ofrecen comidas elaboradas, nutritivas y completas, abasto popular, as\u00ed como orientaci\u00f3n alimentaria<\/p>\n<p style=\"text-align: justify;\">La gobernadora Lorena Cu\u00e9llar Cisneros inaugur\u00f3 las \u201cUnidades de Bienestar para tu Nutrici\u00f3n\u201d en los municipios de Ixtacuixtla, Tlaxcala y Chiautempan, espacios que cuentan con un comedor comunitario y tienda de abasto, donde la poblaci\u00f3n en situaci\u00f3n de vulnerabilidad podr\u00e1 acceder a una alimentaci\u00f3n saludable. La inversi\u00f3n fue de 50 millones de pesos.<\/p>\n<p style=\"text-align: justify;\">Tambi\u00e9n entreg\u00f3, de manera simb\u00f3lica, \u201ctarjetas de nutrici\u00f3n\u201d a 15 mujeres beneficiarias para que adquieran productos de la canasta b\u00e1sica o alimentos preparados; mensualmente recibir\u00e1n un dep\u00f3sito de mil pesos.<\/p>\n<p style=\"text-align: justify;\">En el acto protocolario, la mandataria estatal inform\u00f3 que a trav\u00e9s de 10 unidades de este tipo brindar\u00e1n 48 mil comidas mensuales, prioritariamente a ni\u00f1as, ni\u00f1os, adolescentes, mujeres, madres solteras, personas con discapacidad y poblaci\u00f3n ind\u00edgena, quienes recibir\u00e1n orientaci\u00f3n de nutri\u00f3logos para mejorar sus h\u00e1bitos alimenticios.<\/p>\n<p style=\"text-align: justify;\">\u201cA trav\u00e9s del Consejo Nacional de Evaluaci\u00f3n de la Pol\u00edtica de Desarrollo Social (Coneval) y del Instituto Nacional de Estad\u00edstica y Geograf\u00eda (Inegi) identificamos los municipios donde hay m\u00e1s pobreza alimentaria, es por eso que la Secretar\u00eda de Bienestar tiene muchos otros programas para apoyar a la gente que m\u00e1s lo necesita, como son ayudas funcionales para personas con discapacidad y cirug\u00edas de cataratas gratuitas\u201d, subray\u00f3.<\/p>\n<p style=\"text-align: justify;\">En su momento, la presidenta del Comit\u00e9 Consultivo de Bienestar y Desarrollo Social del estado, Mar\u00eda Fernanda Espinosa de los Monteros Cu\u00e9llar destac\u00f3 que este es uno de los programas m\u00e1s sensibles y significativos de la pol\u00edtica social que impulsa la titular del Ejecutivo local y es muestra de su compromiso para erradicar la desigualdad.<\/p>\n<p style=\"text-align: justify;\">\u201cEstos comedores abren la posibilidad de otorgar a las madres de familia en situaci\u00f3n de vulnerabilidad la oportunidad de satisfacer sus necesidades alimentarias y con ello gozar de mejor salud, las unidades tienen un impacto positivo que abarca muchas dimensiones en la vida de las personas, pues contribuimos a un estado de bienestar en el que nadie vea sesgados sus derechos a una alimentaci\u00f3n digna\u201d, resalt\u00f3.<\/p>\n<p style=\"text-align: justify;\">Mientras que la secretaria de Bienestar, Mar\u00eda Estela \u00c1lvarez Corona detall\u00f3 que, de acuerdo con datos del Coneval, una tercera parte de la poblaci\u00f3n presenta un grado de inseguridad alimentaria.<\/p>\n<p style=\"text-align: justify;\">Para atender esta situaci\u00f3n, las unidades fueron instaladas estrat\u00e9gicamente en los municipios de Contla, Xaloztoc, Tequexquitla, Terrenate, Calpulalpan, San Pablo del Monte y Nativitas, que es donde las familias presentan condiciones de mayor vulnerabilidad.<\/p>\n<p style=\"text-align: justify;\">\u201cPara el gobierno de Tlaxcala, el derecho universal a la alimentaci\u00f3n es una prioridad y es importante que los programas sociales lleguen a todas las personas, que no exista comunidad, que no exista localidad, en donde no conozcan de los programas sociales que se llevan a trav\u00e9s de la Secretar\u00eda de Bienestar\u201d apunt\u00f3.<\/p>\n<p>A su vez, los alcaldes de Ixtacuixtla, Jes\u00fas Rolando P\u00e9rez Saavedra y de Chiautempan, Gustavo Jim\u00e9nez Romero, agradecieron a Cu\u00e9llar Cisneros por su labor y sentido humano al impulsar acciones en beneficio de los que menos tienen.<\/p>\n<p style=\"text-align: justify;\">Posteriormente, la gobernadora Lorena Cu\u00e9llar recorri\u00f3 las instalaciones de las unidades para verificar su funcionamiento y conocer los productos que se expenden; ah\u00ed, algunos de los comensales afirmaron que este espacio les permitir\u00e1 llevar una dieta saludable y a muy bajo costo, ya que cada raci\u00f3n de comida, que incluye sopa, plato fuerte, frijoles, tortillas y agua, tiene un costo de apenas 15 pesos.<\/p>\n<p style=\"text-align: justify;\">Las Unidades de Bienestar para tu Nutrici\u00f3n inauguradas este mi\u00e9rcoles se ubican en la comunidad de Tecuexcomac, Acuitlapilco y Tepetlapa de los municipios de Ixtacuixtla, Tlaxcala y Chiautempan, respectivamente, dar\u00e1n atenci\u00f3n de lunes a s\u00e1bado en un horario de 11:00 a 16:00 horas.<\/p>\n<p style=\"text-align: justify;\">En los diferentes eventos, la mandataria estuvo acompa\u00f1ada por el secretario de Cultura, Antonio Mart\u00ednez Vel\u00e1zquez; las diputadas y el diputado que integran la Comisi\u00f3n de Salud del Congreso local, Gabriela Esperanza Brito Jim\u00e9nez, Maribel Le\u00f3n Cruz, Leticia Mart\u00ednez Cer\u00f3n y Lenin Calva P\u00e9rez; las presidentas honor\u00edficas del DIF Municipal y presidentes de comunidad, as\u00ed como poblaci\u00f3n en general.<\/p>\n","protected":false},"excerpt":{"rendered":"<p>ATIENDEN \u201cUNIDADES DE BIENESTAR PARA TU NUTRICI\u00d3N\u201d NECESIDADES ALIMENTARIAS DE PERSONAS VULNERABLES *La gobernadora Lorena Cu\u00e9llar Cisneros inaugur\u00f3 este programa en Ixtacuixtla, Tlaxcala y Chiautempan *Se invirtieron 50 mdp en 10 espacios que ofrecen comidas elaboradas, nutritivas y completas, abasto popular, as\u00ed como orientaci\u00f3n alimentaria La gobernadora Lorena Cu\u00e9llar Cisneros inaugur\u00f3 las \u201cUnidades de Bienestar [&hellip;]<\/p>\n","protected":false},"author":3,"featured_media":0,"comment_status":"open","ping_status":"open","sticky":false,"template":"","format":"standard","meta":{"footnotes":""},"categories":[7],"tags":[],"class_list":["post-12775","post","type-post","status-publish","format-standard","hentry","category-ciudadanos"],"amp_enabled":true,"_links":{"self":[{"href":"https:\/\/labestiapolitica.com.mx\/index.php?rest_route=\/wp\/v2\/posts\/12775","targetHints":{"allow":["GET"]}}],"collection":[{"href":"https:\/\/labestiapolitica.com.mx\/index.php?rest_route=\/wp\/v2\/posts"}],"about":[{"href":"https:\/\/labestiapolitica.com.mx\/index.php?rest_route=\/wp\/v2\/types\/post"}],"author":[{"embeddable":true,"href":"https:\/\/labestiapolitica.com.mx\/index.php?rest_route=\/wp\/v2\/users\/3"}],"replies":[{"embeddable":true,"href":"https:\/\/labestiapolitica.com.mx\/index.php?rest_route=%2Fwp%2Fv2%2Fcomments&post=12775"}],"version-history":[{"count":2,"href":"https:\/\/labestiapolitica.com.mx\/index.php?rest_route=\/wp\/v2\/posts\/12775\/revisions"}],"predecessor-version":[{"id":12778,"href":"https:\/\/labestiapolitica.com.mx\/index.php?rest_route=\/wp\/v2\/posts\/12775\/revisions\/12778"}],"wp:attachment":[{"href":"https:\/\/labestiapolitica.com.mx\/index.php?rest_route=%2Fwp%2Fv2%2Fmedia&parent=12775"}],"wp:term":[{"taxonomy":"category","embeddable":true,"href":"https:\/\/labestiapolitica.com.mx\/index.php?rest_route=%2Fwp%2Fv2%2Fcategories&post=12775"},{"taxonomy":"post_tag","embeddable":true,"href":"https:\/\/labestiapolitica.com.mx\/index.php?rest_route=%2Fwp%2Fv2%2Ftags&post=12775"}],"curies":[{"name":"wp","href":"https:\/\/api.w.org\/{rel}","templated":true}]}}