{"id":12926,"date":"2022-06-13T21:37:34","date_gmt":"2022-06-13T21:37:34","guid":{"rendered":"https:\/\/labestiapolitica.com.mx\/?p=12926"},"modified":"2022-06-15T03:41:32","modified_gmt":"2022-06-15T03:41:32","slug":"reconoce-pablo-badillo-trayectoria-y-legado-de-don-emilio-sanchez-piedras-en-su-41-aniversario-luctuoso","status":"publish","type":"post","link":"https:\/\/labestiapolitica.com.mx\/?p=12926","title":{"rendered":"Reconoce Pablo Badillo trayectoria y legado de Don Emilio S\u00e1nchez Piedras, en su 41 aniversario luctuoso"},"content":{"rendered":"<p style=\"text-align: justify;\">El alcalde, Pablo Badillo, acompa\u00f1ado de la Gobernadora del Estado hizo entrega de la Presea al M\u00e9rito Ciudadano 2021 y 2022<\/p>\n<p style=\"text-align: justify;\">Reconociendo su aportaci\u00f3n a la pol\u00edtica tlaxcalteca, la industria, en sentar las bases para crear mejores condiciones para hoy tener grandes profesionistas, artistas, investigadores, comerciantes y empresarios, as\u00ed record\u00f3 el alcalde de Apizaco, Pablo Badillo, a Don Emilio S\u00e1nchez Piedras en el marco de su 41 aniversario luctuoso.<\/p>\n<p style=\"text-align: justify;\">Lo anterior, acompa\u00f1ado de la Gobernadora del Estado, Lorena Cuellar Cisneros; Mary Cruz Cort\u00e9s Ornelas, Magistrada Presidenta del Tribunal de Justicia de Tlaxcala; de la Presidenta de la Comisi\u00f3n Permanente del H. Congreso del Estado; familiares; integrantes de Cabildo; expresidentes y Beatriz Paredes Rangel, ex gobernadora de Tlaxcala.<\/p>\n<p style=\"text-align: justify;\">Durante la ceremonia, el edil y la Gobernadora del Estado, hicieron entrega de la Presea al M\u00e9rito Ciudadano 2021 y 2022, a Ma. Juliana Ang\u00e9lica Rodr\u00edguez Maldonado, por su destacada trayectoria como maestra en Historia y a Mario Bojalil Bojalil como historiador y cronista de la ciudad, respectivamente.<\/p>\n<p style=\"text-align: justify;\">En ese sentido, el municipe destac\u00f3 la influencia que sigue emanando de la historia, como desde 2008 que se inici\u00f3 a entregar este galard\u00f3n para distinguir a los apizaquenses m\u00e1s destacados por su labor en los \u00e1mbitos de la Investigaci\u00f3n, la docencia, en el rescate de la identidad, origen y de las ra\u00edces de ciudad rielera.<\/p>\n<p style=\"text-align: justify;\">\u201cA pesar de la pausa que nos oblig\u00f3 hacer la pandemia, hoy retomamos tan emotivo evento, con el \u00fanico prop\u00f3sito de hacer de nuestra identidad una catapulta de buenos y ejemplares ciudadanos, como lo fue, Don Emilio S\u00e1nchez Piedras\u201d, concluy\u00f3 Pablo Badillo.<\/p>\n<p><img loading=\"lazy\" decoding=\"async\" class=\"alignnone wp-image-12928 size-full\" src=\"https:\/\/labestiapolitica.com.mx\/wp-content\/uploads\/2022\/06\/pablo-3.jpg\" alt=\"\" width=\"1000\" height=\"600\" \/> <img loading=\"lazy\" decoding=\"async\" class=\"alignnone wp-image-12929 size-full\" src=\"https:\/\/labestiapolitica.com.mx\/wp-content\/uploads\/2022\/06\/pablo-2.jpg\" alt=\"\" width=\"1000\" height=\"600\" \/><\/p>\n","protected":false},"excerpt":{"rendered":"<p>El alcalde, Pablo Badillo, acompa\u00f1ado de la Gobernadora del Estado hizo entrega de la Presea al M\u00e9rito Ciudadano 2021 y 2022 Reconociendo su aportaci\u00f3n a la pol\u00edtica tlaxcalteca, la industria, en sentar las bases para crear mejores condiciones para hoy tener grandes profesionistas, artistas, investigadores, comerciantes y empresarios, as\u00ed record\u00f3 el alcalde de Apizaco, Pablo [&hellip;]<\/p>\n","protected":false},"author":3,"featured_media":0,"comment_status":"open","ping_status":"open","sticky":false,"template":"","format":"standard","meta":{"footnotes":""},"categories":[12],"tags":[],"class_list":["post-12926","post","type-post","status-publish","format-standard","hentry","category-brujula-2026"],"amp_enabled":true,"_links":{"self":[{"href":"https:\/\/labestiapolitica.com.mx\/index.php?rest_route=\/wp\/v2\/posts\/12926","targetHints":{"allow":["GET"]}}],"collection":[{"href":"https:\/\/labestiapolitica.com.mx\/index.php?rest_route=\/wp\/v2\/posts"}],"about":[{"href":"https:\/\/labestiapolitica.com.mx\/index.php?rest_route=\/wp\/v2\/types\/post"}],"author":[{"embeddable":true,"href":"https:\/\/labestiapolitica.com.mx\/index.php?rest_route=\/wp\/v2\/users\/3"}],"replies":[{"embeddable":true,"href":"https:\/\/labestiapolitica.com.mx\/index.php?rest_route=%2Fwp%2Fv2%2Fcomments&post=12926"}],"version-history":[{"count":1,"href":"https:\/\/labestiapolitica.com.mx\/index.php?rest_route=\/wp\/v2\/posts\/12926\/revisions"}],"predecessor-version":[{"id":12930,"href":"https:\/\/labestiapolitica.com.mx\/index.php?rest_route=\/wp\/v2\/posts\/12926\/revisions\/12930"}],"wp:attachment":[{"href":"https:\/\/labestiapolitica.com.mx\/index.php?rest_route=%2Fwp%2Fv2%2Fmedia&parent=12926"}],"wp:term":[{"taxonomy":"category","embeddable":true,"href":"https:\/\/labestiapolitica.com.mx\/index.php?rest_route=%2Fwp%2Fv2%2Fcategories&post=12926"},{"taxonomy":"post_tag","embeddable":true,"href":"https:\/\/labestiapolitica.com.mx\/index.php?rest_route=%2Fwp%2Fv2%2Ftags&post=12926"}],"curies":[{"name":"wp","href":"https:\/\/api.w.org\/{rel}","templated":true}]}}