{"id":12931,"date":"2022-06-13T21:56:26","date_gmt":"2022-06-13T21:56:26","guid":{"rendered":"https:\/\/labestiapolitica.com.mx\/?p=12931"},"modified":"2022-06-15T03:41:08","modified_gmt":"2022-06-15T03:41:08","slug":"hace-un-ano-en-tlaxcala-termino-el-cacicazgo-y-comenzo-la-transformacion-mario-delgado","status":"publish","type":"post","link":"https:\/\/labestiapolitica.com.mx\/?p=12931","title":{"rendered":"Hace un a\u00f1o en Tlaxcala termin\u00f3 el cacicazgo y comenz\u00f3 la transformaci\u00f3n: Mario Delgado"},"content":{"rendered":"<p style=\"text-align: justify;\">*La gobernadora Lorena Cu\u00e9llar Cisneros reitero su compromiso de trabajar para generar bienestar en las familias tlaxcaltecas<\/p>\n<p style=\"text-align: justify;\">Con un recinto ferial repleto de aproximadamente 20 mil personas, este s\u00e1bado la gobernadora de Tlaxcala Lorena Cu\u00e9llar Cisneros celebr\u00f3 el primer a\u00f1o de su triunfo en la elecci\u00f3n del pasado 7 de junio del 2021.<\/p>\n<p style=\"text-align: justify;\">Acompa\u00f1ada del dirigente nacional del Movimiento de Regeneraci\u00f3n Nacional (Morena), Mario Delgado Carrillo, el secretario de Gobernaci\u00f3n, Ad\u00e1n Augusto L\u00f3pez Hern\u00e1ndez y la jefa de gobierno de la Ciudad de M\u00e9xico, Claudia Sheinbaum Pardo, la mandataria estatal agradeci\u00f3 el apoyo de la ciudadan\u00eda que conf\u00edo en su proyecto de gobierno que tiene como objetivo lograr la Cuarta Transformaci\u00f3n.<\/p>\n<p style=\"text-align: justify;\">\u00abEste cambio que hemos emprendido nos obliga a trabajar con austeridad, con \u00e9tica y con honradez, teniendo como principios rectores el no mentir, no robar, y no traicionar al pueblo. Dejamos atr\u00e1s la pol\u00edtica tradicional de privilegios, pues no puede haber un gobierno rico y pueblo pobre, trabajamos por un estado donde prevalezca el respeto, la alegr\u00eda y un estado de bienestar\u00bb, sostuvo.<\/p>\n<p style=\"text-align: justify;\">Afirm\u00f3 que la entidad ser\u00e1 un referente a nivel nacional del cambio verdadero porque su gobierno trabaja por encima de intereses personales o de grupo, de ah\u00ed que pidi\u00f3 a todos los presentes mantener la unidad para lograr un desarrollo equitativo.<\/p>\n<p style=\"text-align: justify;\">\u00abNo tengo duda en afirmar que Tlaxcala tendr\u00e1 un antes y un despu\u00e9s en este gobierno porque nosotros llegamos a transformar, estamos cambiando de ra\u00edz y sabemos que el poder solo sirve cuando est\u00e1 al servicio del pueblo, donde servir al pueblo es lo primero, donde prevalezca el inter\u00e9s general por encima del inter\u00e9s personal, donde por el bien de todos, primero los pobres\u00bb recalc\u00f3.<\/p>\n<p style=\"text-align: justify;\">A su vez, el l\u00edder nacional de Morena, Mario Delgado Carillo, destac\u00f3 la participaci\u00f3n de los tlaxcaltecas en el proceso de revocaci\u00f3n de mandato del pasado 10 de abril.<\/p>\n<p style=\"text-align: justify;\">\u00abAh\u00ed estuvo el pueblo tlaxcalteca con una votaci\u00f3n hist\u00f3rica de m\u00e1s de 300 mil ciudadanos y ciudadanas, sacaron el segundo lugar con mayor participaci\u00f3n, as\u00ed que muchas felicidades (&#8230;), nuestro querido presidente mand\u00f3 darles las gracias por ese cari\u00f1o, y que amor con amor se paga\u00bb, se\u00f1alo.<\/p>\n<p style=\"text-align: justify;\">Apunto que el movimiento sigue creciendo en todo el pa\u00eds y 12 millones de mexicanos m\u00e1s van a ser gobernados por Morena y esta transformaci\u00f3n es resultado de contar con gobernantes que demuestran con su trabajo que son dignos de representar a cada una de sus entidades.<\/p>\n<p style=\"text-align: justify;\">\u00abQuiero felicitar a Lorena Cu\u00e9llar porque de nada valdr\u00eda ganar, por ganar ganar las gubernaturas y que no pasara nada, no, la gran diferencia de nuestro movimiento es que luchamos de manera democr\u00e1tica, legal y pac\u00edfica para ganar el poder y ponerlo al servicio de la gente, en estos meses Lorena ha dado un ejemplo de buen gobierno, de honestidad, de cercan\u00eda, de acompa\u00f1amiento al presidente de la rep\u00fablica en sus pol\u00edticas\u00bb, subray\u00f3.<\/p>\n<p style=\"text-align: justify;\">En su oportunidad, L\u00f3pez Hern\u00e1ndez auguro que Lorena Cu\u00e9llar ser\u00e1 la mejor gobernadora en la historia de Tlaxcala.<\/p>\n<p style=\"text-align: justify;\">\u00abAcompa\u00f1\u00e9 a Lorena en su toma de posesi\u00f3n y la vamos a seguir acompa\u00f1ando porque va a ser la mejor gobernadora en la historia de Tlaxcala.<br \/>\nAs\u00ed como la ven, yo la vacilaba cuando \u00e9ramos diputados, la chaparrita le dec\u00edamos, pero esta chaparrita es puro coraz\u00f3n, pura emoci\u00f3n, puro compromiso con Tlaxcala y con su gente\u00bb, afirm\u00f3.<\/p>\n<p style=\"text-align: justify;\">En tanto, Claudia Sheinbaum Pardo reconoci\u00f3 a Cu\u00e9llar Cisneros como una de las mejores gobernadoras de M\u00e9xico y de la entidad, quien no se dejo intimidar por sus detractores y ha demostrado que merec\u00eda ocupar este lugar.<\/p>\n<p style=\"text-align: justify;\">\u00abNuestra compa\u00f1era Lorena, vivi\u00f3 y ustedes lo saben, muchas cosas en el estado de Tlaxcala, amenazas, fraudes, violencia, pero ella nunca se venci\u00f3. No solamente por convicci\u00f3n, de transformaci\u00f3n sino por algo que tambi\u00e9n tiene nuestro presidente, un profundo amor al pueblo de Tlaxcala, y por eso es una de las mejores gobernadoras de nuestro pa\u00eds, y la mejor gobernadora de Tlaxcala\u00bb, apunt\u00f3.<\/p>\n<p style=\"text-align: justify;\">Al t\u00e9rmino del evento, la mandataria y los invitados especiales convivieron con las y los miles de tlaxcaltecas que acudieron este magno evento para reiterar su apoyo a Cu\u00e9llar Cisneros.<\/p>\n","protected":false},"excerpt":{"rendered":"<p>*La gobernadora Lorena Cu\u00e9llar Cisneros reitero su compromiso de trabajar para generar bienestar en las familias tlaxcaltecas Con un recinto ferial repleto de aproximadamente 20 mil personas, este s\u00e1bado la gobernadora de Tlaxcala Lorena Cu\u00e9llar Cisneros celebr\u00f3 el primer a\u00f1o de su triunfo en la elecci\u00f3n del pasado 7 de junio del 2021. Acompa\u00f1ada del [&hellip;]<\/p>\n","protected":false},"author":3,"featured_media":0,"comment_status":"open","ping_status":"open","sticky":false,"template":"","format":"standard","meta":{"footnotes":""},"categories":[12],"tags":[],"class_list":["post-12931","post","type-post","status-publish","format-standard","hentry","category-brujula-2026"],"amp_enabled":true,"_links":{"self":[{"href":"https:\/\/labestiapolitica.com.mx\/index.php?rest_route=\/wp\/v2\/posts\/12931","targetHints":{"allow":["GET"]}}],"collection":[{"href":"https:\/\/labestiapolitica.com.mx\/index.php?rest_route=\/wp\/v2\/posts"}],"about":[{"href":"https:\/\/labestiapolitica.com.mx\/index.php?rest_route=\/wp\/v2\/types\/post"}],"author":[{"embeddable":true,"href":"https:\/\/labestiapolitica.com.mx\/index.php?rest_route=\/wp\/v2\/users\/3"}],"replies":[{"embeddable":true,"href":"https:\/\/labestiapolitica.com.mx\/index.php?rest_route=%2Fwp%2Fv2%2Fcomments&post=12931"}],"version-history":[{"count":1,"href":"https:\/\/labestiapolitica.com.mx\/index.php?rest_route=\/wp\/v2\/posts\/12931\/revisions"}],"predecessor-version":[{"id":12933,"href":"https:\/\/labestiapolitica.com.mx\/index.php?rest_route=\/wp\/v2\/posts\/12931\/revisions\/12933"}],"wp:attachment":[{"href":"https:\/\/labestiapolitica.com.mx\/index.php?rest_route=%2Fwp%2Fv2%2Fmedia&parent=12931"}],"wp:term":[{"taxonomy":"category","embeddable":true,"href":"https:\/\/labestiapolitica.com.mx\/index.php?rest_route=%2Fwp%2Fv2%2Fcategories&post=12931"},{"taxonomy":"post_tag","embeddable":true,"href":"https:\/\/labestiapolitica.com.mx\/index.php?rest_route=%2Fwp%2Fv2%2Ftags&post=12931"}],"curies":[{"name":"wp","href":"https:\/\/api.w.org\/{rel}","templated":true}]}}