{"id":13173,"date":"2022-06-28T21:36:54","date_gmt":"2022-06-28T21:36:54","guid":{"rendered":"https:\/\/labestiapolitica.com.mx\/?p=13173"},"modified":"2022-06-28T21:42:26","modified_gmt":"2022-06-28T21:42:26","slug":"celebran-en-tlaxcala-dia-internacional-de-le-sordoceguera","status":"publish","type":"post","link":"https:\/\/labestiapolitica.com.mx\/?p=13173","title":{"rendered":"Celebran en Tlaxcala d\u00eda internacional de la sordoceguera"},"content":{"rendered":"<p style=\"text-align: justify;\">*Se realiza el movimiento \u201cGrafiteando Tlaxcala por la sordoceguera 2022\u201d en el z\u00f3calo de la capital<\/p>\n<p style=\"text-align: justify;\">En el D\u00eda Internacional de la Sordoceguera, la Secretar\u00eda de Educaci\u00f3n P\u00fablica del Estado (SEPE), a trav\u00e9s del departamento de Educaci\u00f3n Especial de la Unidad de Servicios Educativos de Tlaxcala (USET), particip\u00f3 en el movimiento \u201cGrafiteando Tlaxcala por la sordoceguera 2022\u201d, en el z\u00f3calo de la ciudad capital, con la finalidad de crear conciencia y sensibilizaci\u00f3n sobre esta discapacidad en la poblaci\u00f3n en general.<\/p>\n<p><img loading=\"lazy\" decoding=\"async\" class=\"alignnone size-medium wp-image-13175\" src=\"https:\/\/labestiapolitica.com.mx\/wp-content\/uploads\/2022\/06\/IMG-20220628-WA0097-300x180.jpg\" alt=\"\" width=\"300\" height=\"180\" \/><\/p>\n<p>&nbsp;<\/p>\n<p>&nbsp;<\/p>\n<p style=\"text-align: justify;\">Durante el evento, estudiantes, padres de familia y p\u00fablico en general se sumaron a la actividad con la donaci\u00f3n de cuadros tejidos de 20 por 20 cent\u00edmetros para forrar el quiosco de la capital, con la intenci\u00f3n de que las personas con esta discapacidad tuvieran la oportunidad de tocar la muestra que se llev\u00f3 a cabo de manera simult\u00e1nea en 18 estados de la Rep\u00fablica Mexicana y 20 pa\u00edses.<\/p>\n<p style=\"text-align: justify;\">La exposici\u00f3n fue inaugurada por autoridades educativas y del Sistema Estatal para el Desarrollo Integral de la Familia (Sedif), para conmemorar a las personas sordociegas y con discapacidad m\u00faltiple, al hacer conciencia en la sociedad y simbolizar la uni\u00f3n de las personas en el mundo.<\/p>\n<p style=\"text-align: justify;\">La directora general del Sedif, Flor de Mar\u00eda L\u00f3pez Hinojosa destac\u00f3 el compromiso del gobierno de Lorena Cu\u00e9llar Cisneros y de las diferentes instituciones como la SEPE-USET y el municipio de Tlaxcala, por buscar estrategias que permitan atender y mejorar la calidad de vida de las personas con discapacidad.<\/p>\n<p style=\"text-align: justify;\">Revel\u00f3 que actualmente el 15 por ciento de la poblaci\u00f3n tiene alguna discapacidad, por lo que se une al trabajo, esfuerzo y dedicaci\u00f3n de las diferentes autoridades para cumplir con una de las prioridades de la gobernadora que es lograr que Tlaxcala sea una entidad m\u00e1s inclusiva.<\/p>\n<p style=\"text-align: justify;\">Para atender las instrucciones del secretario de Educaci\u00f3n, Homero Meneses Hern\u00e1ndez, la jefa del departamento de Educaci\u00f3n Especial de la USET, Yolanda Espinoza D\u00e1vila explic\u00f3 que el D\u00eda Internacional de la Sordoceguera se celebra el 27 de junio, en conmemoraci\u00f3n a la activista, pol\u00edtica y oradora estadounidense sordociega, Helen Keller. Su vida fue un ejemplo para demostrar al mundo los aportes que hizo con su lucha para generar una toma de conciencia y sensibilizaci\u00f3n sobre esta discapacidad.<\/p>\n<p style=\"text-align: justify;\">En presencia de jefes de sector, maestras, maestros, figuras educativas, padres de familia y alumnos, coment\u00f3 que se super\u00f3 la meta y lograron juntar 3 mil 950 cuadros de colores que posteriormente se har\u00e1n colchitas para donarlas al albergue del DIF y a la casa para personas mayores.<\/p>\n<p style=\"text-align: justify;\">En su intervenci\u00f3n, la maestra con discapacidad visual, Carmen Garc\u00eda Varillas precis\u00f3 que la educaci\u00f3n inclusiva va m\u00e1s all\u00e1 de transformar vidas y poder ser conducidos a una vida plena y de \u00e9xito. \u201cLa disciplina y las metas bien puestas, son fundamentales para lograr los sue\u00f1os y tener un programa de intervenci\u00f3n bien definido para alcanzar metas reales\u201d, concluy\u00f3.<\/p>\n","protected":false},"excerpt":{"rendered":"<p>*Se realiza el movimiento \u201cGrafiteando Tlaxcala por la sordoceguera 2022\u201d en el z\u00f3calo de la capital En el D\u00eda Internacional de la Sordoceguera, la Secretar\u00eda de Educaci\u00f3n P\u00fablica del Estado (SEPE), a trav\u00e9s del departamento de Educaci\u00f3n Especial de la Unidad de Servicios Educativos de Tlaxcala (USET), particip\u00f3 en el movimiento \u201cGrafiteando Tlaxcala por la [&hellip;]<\/p>\n","protected":false},"author":3,"featured_media":0,"comment_status":"open","ping_status":"open","sticky":false,"template":"","format":"standard","meta":{"footnotes":""},"categories":[12],"tags":[],"class_list":["post-13173","post","type-post","status-publish","format-standard","hentry","category-brujula-2026"],"amp_enabled":true,"_links":{"self":[{"href":"https:\/\/labestiapolitica.com.mx\/index.php?rest_route=\/wp\/v2\/posts\/13173","targetHints":{"allow":["GET"]}}],"collection":[{"href":"https:\/\/labestiapolitica.com.mx\/index.php?rest_route=\/wp\/v2\/posts"}],"about":[{"href":"https:\/\/labestiapolitica.com.mx\/index.php?rest_route=\/wp\/v2\/types\/post"}],"author":[{"embeddable":true,"href":"https:\/\/labestiapolitica.com.mx\/index.php?rest_route=\/wp\/v2\/users\/3"}],"replies":[{"embeddable":true,"href":"https:\/\/labestiapolitica.com.mx\/index.php?rest_route=%2Fwp%2Fv2%2Fcomments&post=13173"}],"version-history":[{"count":2,"href":"https:\/\/labestiapolitica.com.mx\/index.php?rest_route=\/wp\/v2\/posts\/13173\/revisions"}],"predecessor-version":[{"id":13180,"href":"https:\/\/labestiapolitica.com.mx\/index.php?rest_route=\/wp\/v2\/posts\/13173\/revisions\/13180"}],"wp:attachment":[{"href":"https:\/\/labestiapolitica.com.mx\/index.php?rest_route=%2Fwp%2Fv2%2Fmedia&parent=13173"}],"wp:term":[{"taxonomy":"category","embeddable":true,"href":"https:\/\/labestiapolitica.com.mx\/index.php?rest_route=%2Fwp%2Fv2%2Fcategories&post=13173"},{"taxonomy":"post_tag","embeddable":true,"href":"https:\/\/labestiapolitica.com.mx\/index.php?rest_route=%2Fwp%2Fv2%2Ftags&post=13173"}],"curies":[{"name":"wp","href":"https:\/\/api.w.org\/{rel}","templated":true}]}}