{"id":13181,"date":"2022-06-28T21:48:15","date_gmt":"2022-06-28T21:48:15","guid":{"rendered":"https:\/\/labestiapolitica.com.mx\/?p=13181"},"modified":"2022-07-04T12:31:11","modified_gmt":"2022-07-04T12:31:11","slug":"tlaxcaltecas-recuperaran-su-vista-a-traves-de-jornadas-gratuitas-de-cirugias-de-cataratas-gobernadora","status":"publish","type":"post","link":"https:\/\/labestiapolitica.com.mx\/?p=13181","title":{"rendered":"Tlaxcaltecas recuperar\u00e1n su vista a trav\u00e9s de jornadas gratuitas de cirug\u00edas de cataratas: Gobernadora"},"content":{"rendered":"<p style=\"text-align: justify;\">*SESA tiene como meta realizar 500 intervenciones quir\u00fargicas de este tipo a pacientes de los 60 municipios.<\/p>\n<p><img loading=\"lazy\" decoding=\"async\" class=\"alignnone size-medium wp-image-13183\" src=\"https:\/\/labestiapolitica.com.mx\/wp-content\/uploads\/2022\/06\/IMG-20220628-WA0096-300x180.jpg\" alt=\"\" width=\"300\" height=\"180\" \/><\/p>\n<p style=\"text-align: justify;\">La gobernadora Lorena Cu\u00e9llar Cisneros encabez\u00f3 el arranque de las Jornadas de Cirug\u00edas de Cataratas en la Unidad de Cirug\u00eda, Endoscop\u00eda y M\u00ednima Invasi\u00f3n en el Complejo de Atenci\u00f3n Especializada en Salud y Bienestar ubicada en Tepetomatitl\u00e1n, municipio de Apetatitl\u00e1n.<\/p>\n<p style=\"text-align: justify;\">En el evento, la titular del Ejecutivo local resalt\u00f3 que estos apoyos quir\u00fargicos fueron posibles gracias a la Secretar\u00eda de Bienestar estatal y a la Administraci\u00f3n del Patrimonio de la Beneficencia P\u00fablica del Estado (APBPE) que gestionaron la donaci\u00f3n de lentes intraoculares.<\/p>\n<p style=\"text-align: justify;\">De igual forma, reconoci\u00f3 la voluntad de los diputados locales para aprobar el Presupuesto de Egresos donde se incluy\u00f3 la construcci\u00f3n de este inmueble.<\/p>\n<p style=\"text-align: justify;\">\u201cSiempre pens\u00e9 en crear la unidad de hemodi\u00e1lisis que hoy ya es una realidad, que tuvi\u00e9ramos la cl\u00ednica de oftalmolog\u00eda porque al principio en la asociaci\u00f3n llev\u00e1bamos a los pacientes a Cuba, ten\u00edamos que conseguir el transporte a\u00e9reo, medicamentos, muchos gastos y era dif\u00edcil; despu\u00e9s los llevamos a Monterrey y ah\u00ed mi hija Mar\u00eda Fernanda me acompa\u00f1aba, acept\u00f3 esta labor hermosa que tambi\u00e9n fue una lucha de muchos a\u00f1os\u201d, record\u00f3.<\/p>\n<p>La mandataria estatal adelant\u00f3 que en pr\u00f3ximas fechas iniciar\u00e1n unas jornadas similares, pero ahora dirigidas a infantes con labio leporino y paladar hendido, no solo del estado sino de todo el pa\u00eds.<\/p>\n<p style=\"text-align: justify;\">\u201cEstas instalaciones son de todos los tlaxcaltecas primeramente, pero igualmente podr\u00e1n llegar ni\u00f1as y ni\u00f1os de otros estados (&#8230;) es un sue\u00f1o hecho realidad, me llena de alegr\u00eda y de emoci\u00f3n saber que hoy todos juntos, no importa de qu\u00e9 colores o comunidad vengamos, pero si nos unimos todos a hacer el bien, vamos a poner en alto el nombre de Tlaxcala, como Tlaxcala lo merece\u201d, subray\u00f3.<\/p>\n<p style=\"text-align: justify;\">En su intervenci\u00f3n, la presidenta honor\u00edfica del Comit\u00e9 Consultivo de Bienestar y Desarrollo Social, Mar\u00eda Fernanda Espinosa de los Monteros Cu\u00e9llar mencion\u00f3 que con este programa muchas personas en situaci\u00f3n de vulnerabilidad recuperar\u00e1n su salud visual sin tener que preocuparse por no contar con los recursos econ\u00f3micos suficientes para costear la cirug\u00eda.<\/p>\n<p style=\"text-align: justify;\">\u201cLas personas que van a recuperar su vista volver\u00e1n a gozar de los colores de la naturaleza, recuperar la salud visual que es tan importante y que adem\u00e1s lo van a poder conseguir de manera gratuita y bajo el cuidado de los mejores m\u00e9dicos. A menos de un a\u00f1o del comienzo de esta nueva historia, vemos que el bienestar llega cada vez a m\u00e1s hogares tlaxcaltecas, esa es la realidad que todos queremos construir porque ese es el camino que debe seguir un estado que avanza\u201d, sostuvo.<\/p>\n<p style=\"text-align: justify;\">Mientras que el secretario de Salud, Rigoberto Zamudio Meneses detall\u00f3 que la meta para este a\u00f1o consiste en efectuar un total de 500 cirug\u00edas gratuitas a pacientes provenientes de los 60 municipios, mismos que ser\u00e1n canalizados por la Secretar\u00eda de Bienestar del estado y la APBPE.<\/p>\n<p style=\"text-align: justify;\">\u00abHoy pueden ver la unidad de hemodi\u00e1lisis que est\u00e1 dando servicio a 14 pacientes en este momento y tambi\u00e9n vamos a poder hacer m\u00e1s de 3 mil cirug\u00edas de m\u00ednima invasi\u00f3n este a\u00f1o (&#8230;) aqu\u00ed venimos a trabajar todos los d\u00edas con el coraz\u00f3n y dejar huella como lo ha hecho la gobernadora, esto indudablemente es un trabajo de todos y habla bien de Tlaxcala, queremos estar en el mapa nacional como el mejor estado en salud, en seguridad, en educaci\u00f3n, en ecolog\u00eda, es por eso que todos y cada uno de nosotros tenemos un gran proyecto\u201d, apunt\u00f3.<\/p>\n<p style=\"text-align: justify;\">Por otra parte, inform\u00f3 que en conjunto con la delegaci\u00f3n de la Secretar\u00eda de Bienestar federal, este lunes Tlaxcala fue una de las primeras 14 entidades en aplicar la vacuna contra el Covid-19 a 11 mil 300 ni\u00f1as y ni\u00f1os.<\/p>\n<p style=\"text-align: justify;\">Previamente, la gobernadora Lorena Cu\u00e9llar presenci\u00f3 una operaci\u00f3n realizada a un menor de edad y posteriormente convers\u00f3 con los familiares de las personas beneficiadas que ser\u00edan intervenidas este d\u00eda.<\/p>\n<p style=\"text-align: justify;\">A este evento asistieron la secretaria de Bienestar, Mar\u00eda Estela \u00c1lvarez Corona; el director General del Patrimonio de la Beneficencia P\u00fablica del Estado (APBPE), Heriberto Antonio Flores; el delegado de Bienestar, Carlos Luna V\u00e1zquez; funcionarios del gabinete legal, diputadas y diputados locales, as\u00ed como personal m\u00e9dico de la SESA.<\/p>\n","protected":false},"excerpt":{"rendered":"<p>*SESA tiene como meta realizar 500 intervenciones quir\u00fargicas de este tipo a pacientes de los 60 municipios. La gobernadora Lorena Cu\u00e9llar Cisneros encabez\u00f3 el arranque de las Jornadas de Cirug\u00edas de Cataratas en la Unidad de Cirug\u00eda, Endoscop\u00eda y M\u00ednima Invasi\u00f3n en el Complejo de Atenci\u00f3n Especializada en Salud y Bienestar ubicada en Tepetomatitl\u00e1n, municipio [&hellip;]<\/p>\n","protected":false},"author":3,"featured_media":0,"comment_status":"open","ping_status":"open","sticky":false,"template":"","format":"standard","meta":{"footnotes":""},"categories":[12],"tags":[],"class_list":["post-13181","post","type-post","status-publish","format-standard","hentry","category-brujula-2026"],"amp_enabled":true,"_links":{"self":[{"href":"https:\/\/labestiapolitica.com.mx\/index.php?rest_route=\/wp\/v2\/posts\/13181","targetHints":{"allow":["GET"]}}],"collection":[{"href":"https:\/\/labestiapolitica.com.mx\/index.php?rest_route=\/wp\/v2\/posts"}],"about":[{"href":"https:\/\/labestiapolitica.com.mx\/index.php?rest_route=\/wp\/v2\/types\/post"}],"author":[{"embeddable":true,"href":"https:\/\/labestiapolitica.com.mx\/index.php?rest_route=\/wp\/v2\/users\/3"}],"replies":[{"embeddable":true,"href":"https:\/\/labestiapolitica.com.mx\/index.php?rest_route=%2Fwp%2Fv2%2Fcomments&post=13181"}],"version-history":[{"count":2,"href":"https:\/\/labestiapolitica.com.mx\/index.php?rest_route=\/wp\/v2\/posts\/13181\/revisions"}],"predecessor-version":[{"id":13185,"href":"https:\/\/labestiapolitica.com.mx\/index.php?rest_route=\/wp\/v2\/posts\/13181\/revisions\/13185"}],"wp:attachment":[{"href":"https:\/\/labestiapolitica.com.mx\/index.php?rest_route=%2Fwp%2Fv2%2Fmedia&parent=13181"}],"wp:term":[{"taxonomy":"category","embeddable":true,"href":"https:\/\/labestiapolitica.com.mx\/index.php?rest_route=%2Fwp%2Fv2%2Fcategories&post=13181"},{"taxonomy":"post_tag","embeddable":true,"href":"https:\/\/labestiapolitica.com.mx\/index.php?rest_route=%2Fwp%2Fv2%2Ftags&post=13181"}],"curies":[{"name":"wp","href":"https:\/\/api.w.org\/{rel}","templated":true}]}}