{"id":13193,"date":"2022-06-28T22:24:23","date_gmt":"2022-06-28T22:24:23","guid":{"rendered":"https:\/\/labestiapolitica.com.mx\/?p=13193"},"modified":"2022-07-04T12:30:52","modified_gmt":"2022-07-04T12:30:52","slug":"designa-el-presidente-municipal-de-tlaxcala-jorge-corichi-a-nuevo-mando-de-la-policia","status":"publish","type":"post","link":"https:\/\/labestiapolitica.com.mx\/?p=13193","title":{"rendered":"Designa el presidente municipal de Tlaxcala, Jorge Corichi, a nuevo mando de la Polic\u00eda"},"content":{"rendered":"<ul style=\"text-align: justify;\">\n<li><b><\/b><i><span style=\"font-weight: 400;\">Israel Garc\u00eda Jasso es el\u00a0 nuevo\u00a0 director encargado de la corporaci\u00f3n<\/span><\/i><\/li>\n<\/ul>\n<p style=\"text-align: justify;\"><span style=\"font-weight: 400;\">La ciudad de Tlaxcala tiene a partir de hoy a un nuevo comandante de la Polic\u00eda municipal; el oficial Israel Garc\u00eda Jasso es el nombre del encargado del \u00e1rea por designaci\u00f3n directa del presidente municipal, Jorge Corichi.\u00a0<\/span><\/p>\n<p style=\"text-align: justify;\"><span style=\"font-weight: 400;\">\u00a0\u201cReforzamos nuestra Polic\u00eda todos los d\u00edas, la ciudadan\u00eda merece m\u00e1s y mejores resultados y estamos empe\u00f1ados a contribuir de manera importante para mantener al estado de Tlaxcala como la entidad m\u00e1s segura del pa\u00eds, gracias al trabajo colectivo que ha encabezado la gobernadora, Lorena Cu\u00e9llar\u201d, dijo el alcalde desde la sede de la Direcci\u00f3n de Seguridad Ciudadana y Movilidad.\u00a0<\/span><\/p>\n<p style=\"text-align: justify;\"><span style=\"font-weight: 400;\">Al emitir un mensaje por radio a todas y cada una de las personas que conforman la Polic\u00eda, el presidente pidi\u00f3 unidad en torno al nombramiento y \u201cque se priorice el compromiso que tenemos con la ciudadan\u00eda para salvaguardar su integridad\u201d, en las comunidades, colonias y zona centro.<\/span><\/p>\n<p style=\"text-align: justify;\"><span style=\"font-weight: 400;\">El presidente Corichi aprovech\u00f3 para adelantar que el pr\u00f3ximo jueves dar\u00e1 a conocer el incremento salarial gradual que tendr\u00e1n las y los integrantes de las fuerzas del orden.\u00a0<\/span><\/p>\n<p style=\"text-align: justify;\"><span style=\"font-weight: 400;\">Por su parte, el nuevo encargado de la Polic\u00eda se comprometi\u00f3 a dar el mejor esfuerzo para mejorar los resultados.\u00a0 Israel Garc\u00eda Jasso, de 52 a\u00f1os de edad, tiene una amplia experiencia en instituciones p\u00fablicas.\u00a0<\/span><\/p>\n<p style=\"text-align: justify;\"><span style=\"font-weight: 400;\">En su paso por la Administraci\u00f3n ha colaborado para el Centro de Investigaci\u00f3n y Seguridad Nacional (CISEN), la Polic\u00eda Federal Preventiva (PFP), la Agencia Federal de Investigaci\u00f3n (AFI) y la Secretar\u00eda de Seguridad P\u00fablica Federal (SSP).<\/span><\/p>\n<p style=\"text-align: justify;\"><span style=\"font-weight: 400;\">Finalmente, el Presidente municipal, Jorge Corichi, agradeci\u00f3 al director saliente, Francisco Javier Carreto, su labor en la corporaci\u00f3n en el periodo comprendido entre el 31 de agosto del 2021 al d\u00eda hoy.<\/span><\/p>\n<p style=\"text-align: justify;\"><span style=\"font-weight: 400;\">&#8212;000&#8212;<\/span><\/p>\n","protected":false},"excerpt":{"rendered":"<p>Israel Garc\u00eda Jasso es el\u00a0 nuevo\u00a0 director encargado de la corporaci\u00f3n La ciudad de Tlaxcala tiene a partir de hoy a un nuevo comandante de la Polic\u00eda municipal; el oficial Israel Garc\u00eda Jasso es el nombre del encargado del \u00e1rea por designaci\u00f3n directa del presidente municipal, Jorge Corichi.\u00a0 \u00a0\u201cReforzamos nuestra Polic\u00eda todos los d\u00edas, la [&hellip;]<\/p>\n","protected":false},"author":3,"featured_media":0,"comment_status":"open","ping_status":"open","sticky":false,"template":"","format":"standard","meta":{"footnotes":""},"categories":[12],"tags":[],"class_list":["post-13193","post","type-post","status-publish","format-standard","hentry","category-brujula-2026"],"amp_enabled":true,"_links":{"self":[{"href":"https:\/\/labestiapolitica.com.mx\/index.php?rest_route=\/wp\/v2\/posts\/13193","targetHints":{"allow":["GET"]}}],"collection":[{"href":"https:\/\/labestiapolitica.com.mx\/index.php?rest_route=\/wp\/v2\/posts"}],"about":[{"href":"https:\/\/labestiapolitica.com.mx\/index.php?rest_route=\/wp\/v2\/types\/post"}],"author":[{"embeddable":true,"href":"https:\/\/labestiapolitica.com.mx\/index.php?rest_route=\/wp\/v2\/users\/3"}],"replies":[{"embeddable":true,"href":"https:\/\/labestiapolitica.com.mx\/index.php?rest_route=%2Fwp%2Fv2%2Fcomments&post=13193"}],"version-history":[{"count":2,"href":"https:\/\/labestiapolitica.com.mx\/index.php?rest_route=\/wp\/v2\/posts\/13193\/revisions"}],"predecessor-version":[{"id":13196,"href":"https:\/\/labestiapolitica.com.mx\/index.php?rest_route=\/wp\/v2\/posts\/13193\/revisions\/13196"}],"wp:attachment":[{"href":"https:\/\/labestiapolitica.com.mx\/index.php?rest_route=%2Fwp%2Fv2%2Fmedia&parent=13193"}],"wp:term":[{"taxonomy":"category","embeddable":true,"href":"https:\/\/labestiapolitica.com.mx\/index.php?rest_route=%2Fwp%2Fv2%2Fcategories&post=13193"},{"taxonomy":"post_tag","embeddable":true,"href":"https:\/\/labestiapolitica.com.mx\/index.php?rest_route=%2Fwp%2Fv2%2Ftags&post=13193"}],"curies":[{"name":"wp","href":"https:\/\/api.w.org\/{rel}","templated":true}]}}