{"id":13203,"date":"2022-06-30T20:21:01","date_gmt":"2022-06-30T20:21:01","guid":{"rendered":"https:\/\/labestiapolitica.com.mx\/?p=13203"},"modified":"2022-07-06T17:29:15","modified_gmt":"2022-07-06T17:29:15","slug":"promueve-alcalde-de-tepetitla-un-municipio-limpio","status":"publish","type":"post","link":"https:\/\/labestiapolitica.com.mx\/?p=13203","title":{"rendered":"Promueve alcalde de Tepetitla un municipio limpio"},"content":{"rendered":"<p style=\"text-align: justify;\">Jornada de Limpieza en Tepetitla.<\/p>\n<p style=\"text-align: justify;\">El pasado viernes 24 de junio, la Unidad de Servicios M\u00e9dicos en colaboraci\u00f3n con la Comisi\u00f3n Estatal para la Protecci\u00f3n Contra Riesgos Sanitarios del Estado de Tlaxcala (COEPRIST), llevaron a cabo la Jornada de Limpieza de Salud en el municipio de Tepetitla de Lardiz\u00e1bal.<\/p>\n<p style=\"text-align: justify;\">La principal raz\u00f3n de esta jornada de limpieza es reducir el riesgo de infecciones en el municipio. En esta ocasi\u00f3n se realiz\u00f3 la Av. Canal San Lucas ubicada en la cabecera municipal.<\/p>\n<p style=\"text-align: justify;\">Personal del ayuntamiento, de COEPRIST y el presidente municipal de Tepetitla, Alan Alvarado Islas, recorrieron toda la avenida levantando la basura y ech\u00e1ndola en bolsas negras, las cuales fueron llevadas al cami\u00f3n compactador y posteriormente tirarla al relleno sanitario.<\/p>\n<p style=\"text-align: justify;\">En esta jornada de limpieza, Alan Alvarado recalc\u00f3 su compromiso con el medio ambiente, ya que en conjunto con las acciones en coordinaci\u00f3n con Conagua para el Saneamiento de la Cuenca del Alto Atoyac, Tepetitla de Lardiz\u00e1bal avanza en materia de ambiental aunque el alcalde est\u00e1 conciente de que falta mucho por hacer, mencion\u00f3 que van con muy buen paso.<\/p>\n<p><img loading=\"lazy\" decoding=\"async\" class=\"alignnone wp-image-13205 size-full\" src=\"https:\/\/labestiapolitica.com.mx\/wp-content\/uploads\/2022\/06\/alcalde-22.jpg\" alt=\"\" width=\"1000\" height=\"600\" \/><\/p>\n","protected":false},"excerpt":{"rendered":"<p>Jornada de Limpieza en Tepetitla. El pasado viernes 24 de junio, la Unidad de Servicios M\u00e9dicos en colaboraci\u00f3n con la Comisi\u00f3n Estatal para la Protecci\u00f3n Contra Riesgos Sanitarios del Estado de Tlaxcala (COEPRIST), llevaron a cabo la Jornada de Limpieza de Salud en el municipio de Tepetitla de Lardiz\u00e1bal. La principal raz\u00f3n de esta jornada [&hellip;]<\/p>\n","protected":false},"author":3,"featured_media":0,"comment_status":"open","ping_status":"open","sticky":false,"template":"","format":"standard","meta":{"footnotes":""},"categories":[7],"tags":[],"class_list":["post-13203","post","type-post","status-publish","format-standard","hentry","category-ciudadanos"],"amp_enabled":true,"_links":{"self":[{"href":"https:\/\/labestiapolitica.com.mx\/index.php?rest_route=\/wp\/v2\/posts\/13203","targetHints":{"allow":["GET"]}}],"collection":[{"href":"https:\/\/labestiapolitica.com.mx\/index.php?rest_route=\/wp\/v2\/posts"}],"about":[{"href":"https:\/\/labestiapolitica.com.mx\/index.php?rest_route=\/wp\/v2\/types\/post"}],"author":[{"embeddable":true,"href":"https:\/\/labestiapolitica.com.mx\/index.php?rest_route=\/wp\/v2\/users\/3"}],"replies":[{"embeddable":true,"href":"https:\/\/labestiapolitica.com.mx\/index.php?rest_route=%2Fwp%2Fv2%2Fcomments&post=13203"}],"version-history":[{"count":1,"href":"https:\/\/labestiapolitica.com.mx\/index.php?rest_route=\/wp\/v2\/posts\/13203\/revisions"}],"predecessor-version":[{"id":13206,"href":"https:\/\/labestiapolitica.com.mx\/index.php?rest_route=\/wp\/v2\/posts\/13203\/revisions\/13206"}],"wp:attachment":[{"href":"https:\/\/labestiapolitica.com.mx\/index.php?rest_route=%2Fwp%2Fv2%2Fmedia&parent=13203"}],"wp:term":[{"taxonomy":"category","embeddable":true,"href":"https:\/\/labestiapolitica.com.mx\/index.php?rest_route=%2Fwp%2Fv2%2Fcategories&post=13203"},{"taxonomy":"post_tag","embeddable":true,"href":"https:\/\/labestiapolitica.com.mx\/index.php?rest_route=%2Fwp%2Fv2%2Ftags&post=13203"}],"curies":[{"name":"wp","href":"https:\/\/api.w.org\/{rel}","templated":true}]}}