{"id":13227,"date":"2022-07-20T21:55:28","date_gmt":"2022-07-20T21:55:28","guid":{"rendered":"https:\/\/labestiapolitica.com.mx\/?p=13227"},"modified":"2022-08-08T16:17:59","modified_gmt":"2022-08-08T16:17:59","slug":"las-breves-municipales-en-texoloc","status":"publish","type":"post","link":"https:\/\/labestiapolitica.com.mx\/?p=13227","title":{"rendered":"Las breves municipales en Texoloc."},"content":{"rendered":"<div class=\"kvgmc6g5 cxmmr5t8 oygrvhab hcukyx3x c1et5uql ii04i59q\">\n<div dir=\"auto\">Capacita gobierno de Texoloc a los alumnos sobre temas importantes en su vida<\/div>\n<div dir=\"auto\"><\/div>\n<div dir=\"auto\" style=\"text-align: justify;\">El Sistema Municipal DIF, IMMujer y el Instituto Municipal de la Juventud, visitaron la Escuela Secundaria T\u00e9cnica #21 para impartir las pl\u00e1ticas sobre los temas:<\/div>\n<\/div>\n<div class=\"cxmmr5t8 oygrvhab hcukyx3x c1et5uql o9v6fnle ii04i59q\" style=\"text-align: justify;\">\n<div dir=\"auto\">-Violencia en el noviazgo<\/div>\n<div dir=\"auto\">-Violencia de g\u00e9nero<\/div>\n<div dir=\"auto\">-Enfermedades de transmisi\u00f3n sexual<\/div>\n<\/div>\n<div class=\"cxmmr5t8 oygrvhab hcukyx3x c1et5uql o9v6fnle ii04i59q\">\n<div dir=\"auto\" style=\"text-align: justify;\"><a class=\"oajrlxb2 g5ia77u1 qu0x051f esr5mh6w e9989ue4 r7d6kgcz rq0escxv nhd2j8a9 nc684nl6 p7hjln8o kvgmc6g5 cxmmr5t8 oygrvhab hcukyx3x jb3vyjys rz4wbd8a qt6c0cv9 a8nywdso i1ao9s8h esuyzwwr f1sip0of lzcic4wl gpro0wi8 q66pz984 b1v8xokw\" tabindex=\"0\" role=\"link\" href=\"https:\/\/web.facebook.com\/hashtag\/prosperidadqueavanza?__eep__=6&amp;__cft__[0]=AZWU-iiMPWUwEAFDRYHDL2KbmQuLzaS9-GjECW40D89mQDfNAnZP0dsrLwSlodBTKWVsjL2opE0E64XHUCUOYMMLegn5O1BlCH-uTV4Dw1eSloA54r6U7wG5J9hrb0Dpo4c_K-gHbd-2L0QoMDK-FiGgrRitfWQx4TYmj7kxwMdnsgKA_g9eETOsBt82gUhZw7w&amp;__tn__=*NK-R\">#ProsperidadQueAvanza<\/a><\/div>\n<\/div>\n<p><img loading=\"lazy\" decoding=\"async\" class=\"alignnone wp-image-13229 size-full\" src=\"https:\/\/labestiapolitica.com.mx\/wp-content\/uploads\/2022\/06\/texol22.jpg\" alt=\"\" width=\"1000\" height=\"600\" \/><\/p>\n<p>&nbsp;<\/p>\n<p style=\"text-align: justify;\"><em>Impulsa Gobierno municipal cat\u00e1logo fotogr\u00e1fico. <\/em><\/p>\n<div class=\"kvgmc6g5 cxmmr5t8 oygrvhab hcukyx3x c1et5uql ii04i59q\">\n<div dir=\"auto\">\u00bfCuentas alguna fotograf\u00eda antigua de nuestro municipio? <span class=\"pq6dq46d tbxw36s4 knj5qynh kvgmc6g5 ditlmg2l oygrvhab nvdbi5me sf5mxxl7 gl3lb2sf hhz5lgdu\"><img loading=\"lazy\" decoding=\"async\" src=\"https:\/\/static.xx.fbcdn.net\/images\/emoji.php\/v9\/tde\/1\/16\/1f4f8.png\" alt=\"\ud83d\udcf8\" width=\"16\" height=\"16\" \/><\/span> El \u00e1rea de <a class=\"oajrlxb2 g5ia77u1 qu0x051f esr5mh6w e9989ue4 r7d6kgcz rq0escxv nhd2j8a9 nc684nl6 p7hjln8o kvgmc6g5 cxmmr5t8 oygrvhab hcukyx3x jb3vyjys rz4wbd8a qt6c0cv9 a8nywdso i1ao9s8h esuyzwwr f1sip0of lzcic4wl gpro0wi8 q66pz984 b1v8xokw\" tabindex=\"0\" role=\"link\" href=\"https:\/\/web.facebook.com\/hashtag\/cronistamunicipal?__eep__=6&amp;__cft__[0]=AZX1yAHGZGIXQB399M7v95-QlrS0cXgQ8kwSyIPfJs2nbMoLl6dqekDFdj-qMwSP0Iu4yixrLtkU20F1BNK6GwsJ5vgBwOVUlsSI9K3GxP6blh2yl2XfmCsUN8MPH7J-q4beu_4ZZ05kUqGo7Wptrf2WWopc-_AXm3cT-08G7uoIFMNFQJpjcBzSviVz3QBEVNg&amp;__tn__=*NK-R\">#CronistaMunicipal<\/a> te invita a integrarla al Cat\u00e1logo Fotogr\u00e1fico de <a class=\"oajrlxb2 g5ia77u1 qu0x051f esr5mh6w e9989ue4 r7d6kgcz rq0escxv nhd2j8a9 nc684nl6 p7hjln8o kvgmc6g5 cxmmr5t8 oygrvhab hcukyx3x jb3vyjys rz4wbd8a qt6c0cv9 a8nywdso i1ao9s8h esuyzwwr f1sip0of lzcic4wl gpro0wi8 q66pz984 b1v8xokw\" tabindex=\"0\" role=\"link\" href=\"https:\/\/web.facebook.com\/hashtag\/texoloc?__eep__=6&amp;__cft__[0]=AZX1yAHGZGIXQB399M7v95-QlrS0cXgQ8kwSyIPfJs2nbMoLl6dqekDFdj-qMwSP0Iu4yixrLtkU20F1BNK6GwsJ5vgBwOVUlsSI9K3GxP6blh2yl2XfmCsUN8MPH7J-q4beu_4ZZ05kUqGo7Wptrf2WWopc-_AXm3cT-08G7uoIFMNFQJpjcBzSviVz3QBEVNg&amp;__tn__=*NK-R\">#Texoloc<\/a>. \u00a1Env\u00edanos tu mejor foto! <span class=\"pq6dq46d tbxw36s4 knj5qynh kvgmc6g5 ditlmg2l oygrvhab nvdbi5me sf5mxxl7 gl3lb2sf hhz5lgdu\"><img loading=\"lazy\" decoding=\"async\" src=\"https:\/\/static.xx.fbcdn.net\/images\/emoji.php\/v9\/t57\/1\/16\/1f609.png\" alt=\"\ud83d\ude09\" width=\"16\" height=\"16\" \/><\/span><\/div>\n<\/div>\n<div class=\"cxmmr5t8 oygrvhab hcukyx3x c1et5uql o9v6fnle ii04i59q\">\n<div dir=\"auto\"><a class=\"oajrlxb2 g5ia77u1 qu0x051f esr5mh6w e9989ue4 r7d6kgcz rq0escxv nhd2j8a9 nc684nl6 p7hjln8o kvgmc6g5 cxmmr5t8 oygrvhab hcukyx3x jb3vyjys rz4wbd8a qt6c0cv9 a8nywdso i1ao9s8h esuyzwwr f1sip0of lzcic4wl gpro0wi8 q66pz984 b1v8xokw\" tabindex=\"0\" role=\"link\" href=\"https:\/\/web.facebook.com\/hashtag\/prosperidadqueavanza?__eep__=6&amp;__cft__[0]=AZX1yAHGZGIXQB399M7v95-QlrS0cXgQ8kwSyIPfJs2nbMoLl6dqekDFdj-qMwSP0Iu4yixrLtkU20F1BNK6GwsJ5vgBwOVUlsSI9K3GxP6blh2yl2XfmCsUN8MPH7J-q4beu_4ZZ05kUqGo7Wptrf2WWopc-_AXm3cT-08G7uoIFMNFQJpjcBzSviVz3QBEVNg&amp;__tn__=*NK-R\">#ProsperidadQueAvanza<\/a><\/div>\n<\/div>\n<div dir=\"auto\"><img loading=\"lazy\" decoding=\"async\" class=\"alignnone wp-image-13230 size-full\" src=\"https:\/\/labestiapolitica.com.mx\/wp-content\/uploads\/2022\/06\/eeeee.jpg\" alt=\"\" width=\"1000\" height=\"600\" \/><\/div>\n<div dir=\"auto\"><\/div>\n<div dir=\"auto\">\n<div class=\"kvgmc6g5 cxmmr5t8 oygrvhab hcukyx3x c1et5uql ii04i59q\">\n<div dir=\"auto\">Entregan arbolitos en Texoloc<\/div>\n<div dir=\"auto\"><\/div>\n<div dir=\"auto\" style=\"text-align: justify;\">Gracias a una gesti\u00f3n oportuna de la Direcci\u00f3n de Ecolog\u00eda <span class=\"pq6dq46d tbxw36s4 knj5qynh kvgmc6g5 ditlmg2l oygrvhab nvdbi5me sf5mxxl7 gl3lb2sf hhz5lgdu\"><img loading=\"lazy\" decoding=\"async\" src=\"https:\/\/static.xx.fbcdn.net\/images\/emoji.php\/v9\/tf8\/1\/16\/267b.png\" alt=\"\u267b\ufe0f\" width=\"16\" height=\"16\" \/><\/span>, se realiz\u00f3 la entrega de arbolitos como cedro blanco, acacia, fresno y trueno a la poblaci\u00f3n de nuestro municipio. <span class=\"pq6dq46d tbxw36s4 knj5qynh kvgmc6g5 ditlmg2l oygrvhab nvdbi5me sf5mxxl7 gl3lb2sf hhz5lgdu\"><img loading=\"lazy\" decoding=\"async\" src=\"https:\/\/static.xx.fbcdn.net\/images\/emoji.php\/v9\/t33\/1\/16\/2705.png\" alt=\"\u2705\" width=\"16\" height=\"16\" \/><\/span><\/div>\n<\/div>\n<div class=\"cxmmr5t8 oygrvhab hcukyx3x c1et5uql o9v6fnle ii04i59q\">\n<div dir=\"auto\" style=\"text-align: justify;\"><a class=\"oajrlxb2 g5ia77u1 qu0x051f esr5mh6w e9989ue4 r7d6kgcz rq0escxv nhd2j8a9 nc684nl6 p7hjln8o kvgmc6g5 cxmmr5t8 oygrvhab hcukyx3x jb3vyjys rz4wbd8a qt6c0cv9 a8nywdso i1ao9s8h esuyzwwr f1sip0of lzcic4wl gpro0wi8 q66pz984 b1v8xokw\" tabindex=\"0\" role=\"link\" href=\"https:\/\/web.facebook.com\/hashtag\/prosperidadqueavanza?__eep__=6&amp;__cft__[0]=AZV5cV3aphXNl5M16-GXV8l8g0FV_2Mb8u-I3sG7qTpWOibEsEN7zQ0CTIRcoKflNEa9DlQmFG87UAzuUQ3hzKMPgpK9kupxhJYuTP2dglHryOV6zUIxVk614Y95l8n8IollhFVwTBg6WgF6wcHRTI0j8zyDRp7dki1R2m6AVrSMluSct8bp6ThANUxuqY9eW7nHjTlQVGGUO20npHHdVaMZ&amp;__tn__=*NK-R\">#ProsperidadQueAvanza<\/a><\/div>\n<\/div>\n<\/div>\n<div dir=\"auto\"><img loading=\"lazy\" decoding=\"async\" class=\"alignnone wp-image-13231 size-full\" src=\"https:\/\/labestiapolitica.com.mx\/wp-content\/uploads\/2022\/06\/arbo9les-.jpg\" alt=\"\" width=\"1000\" height=\"600\" \/><\/div>\n<div dir=\"auto\"><\/div>\n<div dir=\"auto\" style=\"text-align: justify;\"><\/div>\n<div dir=\"auto\" style=\"text-align: justify;\">Invita gobierno municipal para que la poblaci\u00f3n acceda a los huertos de traspatio.<\/div>\n<div dir=\"auto\" style=\"text-align: justify;\"><\/div>\n<div dir=\"auto\" style=\"text-align: justify;\">Accede a los huertos de traspatio<span class=\"pq6dq46d tbxw36s4 knj5qynh kvgmc6g5 ditlmg2l oygrvhab nvdbi5me sf5mxxl7 gl3lb2sf hhz5lgdu\"><img loading=\"lazy\" decoding=\"async\" src=\"https:\/\/static.xx.fbcdn.net\/images\/emoji.php\/v9\/t69\/1\/16\/1f331.png\" alt=\"\ud83c\udf31\" width=\"16\" height=\"16\" \/><\/span>, que son una excelente opci\u00f3n para alimentos de uso cotidiano y funciones productivas al autoconsumo familiar. \u00a1Aqu\u00ed la informaci\u00f3n!\u00a0<span class=\"pq6dq46d tbxw36s4 knj5qynh kvgmc6g5 ditlmg2l oygrvhab nvdbi5me sf5mxxl7 gl3lb2sf hhz5lgdu\"><img loading=\"lazy\" decoding=\"async\" src=\"https:\/\/static.xx.fbcdn.net\/images\/emoji.php\/v9\/t8a\/1\/16\/1f447_1f3fb.png\" alt=\"\ud83d\udc47\ud83c\udffb\" width=\"16\" height=\"16\" \/><\/span><\/div>\n<div dir=\"auto\"><\/div>\n<div dir=\"auto\"><img loading=\"lazy\" decoding=\"async\" class=\"alignnone wp-image-13232 size-full\" src=\"https:\/\/labestiapolitica.com.mx\/wp-content\/uploads\/2022\/06\/huertos-.jpg\" alt=\"\" width=\"1000\" height=\"600\" \/><\/div>\n<div dir=\"auto\"><\/div>\n<div dir=\"auto\"><\/div>\n<div dir=\"auto\">\n<div class=\"kvgmc6g5 cxmmr5t8 oygrvhab hcukyx3x c1et5uql ii04i59q\">\n<div dir=\"auto\">Invita gobierno municipal a torneo de B\u00e1squetbol para este 24 de julio.<\/div>\n<div dir=\"auto\"><\/div>\n<div dir=\"auto\">\u00bfTe gusta jugar baloncesto? <span class=\"pq6dq46d tbxw36s4 knj5qynh kvgmc6g5 ditlmg2l oygrvhab nvdbi5me sf5mxxl7 gl3lb2sf hhz5lgdu\"><img loading=\"lazy\" decoding=\"async\" src=\"https:\/\/static.xx.fbcdn.net\/images\/emoji.php\/v9\/tb8\/1\/16\/1f3c0.png\" alt=\"\ud83c\udfc0\" width=\"16\" height=\"16\" \/><\/span><\/div>\n<div dir=\"auto\">\u00a1Participa en pr\u00f3ximo Torneo de B\u00e1squetbol! <span class=\"pq6dq46d tbxw36s4 knj5qynh kvgmc6g5 ditlmg2l oygrvhab nvdbi5me sf5mxxl7 gl3lb2sf hhz5lgdu\"><img loading=\"lazy\" decoding=\"async\" src=\"https:\/\/static.xx.fbcdn.net\/images\/emoji.php\/v9\/t4f\/1\/16\/1f447.png\" alt=\"\ud83d\udc47\" width=\"16\" height=\"16\" \/><\/span><\/div>\n<\/div>\n<div class=\"cxmmr5t8 oygrvhab hcukyx3x c1et5uql o9v6fnle ii04i59q\">\n<div dir=\"auto\"><a class=\"oajrlxb2 g5ia77u1 qu0x051f esr5mh6w e9989ue4 r7d6kgcz rq0escxv nhd2j8a9 nc684nl6 p7hjln8o kvgmc6g5 cxmmr5t8 oygrvhab hcukyx3x jb3vyjys rz4wbd8a qt6c0cv9 a8nywdso i1ao9s8h esuyzwwr f1sip0of lzcic4wl gpro0wi8 q66pz984 b1v8xokw\" tabindex=\"0\" role=\"link\" href=\"https:\/\/web.facebook.com\/hashtag\/prosperidadqueavanza?__eep__=6&amp;__cft__[0]=AZU1Q8c6ZWlOpDr02g-5PaqcCslMeV4JVO4VAp7FxCdnpsZvFW7EKuQitFyfmgsMxlOzm1GAafIJJx0EHAd008ExYUwJL7mNDmstbflK-yfM1UZTFzWDwOEW63EdRUmE3lmGuOaZfi7q1rqRy6kbt6YQS-EyHX6FNhKPhMNXvd6u6p_yirjYrjqhO12DyzRROsI&amp;__tn__=*NK-R\">#ProsperidadQueAvanza<\/a><\/div>\n<\/div>\n<\/div>\n<div dir=\"auto\"><\/div>\n<div dir=\"auto\"><img loading=\"lazy\" decoding=\"async\" class=\"alignnone wp-image-13233 size-full\" src=\"https:\/\/labestiapolitica.com.mx\/wp-content\/uploads\/2022\/06\/torneo-.jpg\" alt=\"\" width=\"1000\" height=\"600\" \/><\/div>\n<div dir=\"auto\"><\/div>\n<div dir=\"auto\">Cambia de nombre Kinder Innominado\u00bb<\/div>\n<div dir=\"auto\"><\/div>\n<div dir=\"auto\">\n<div class=\"kvgmc6g5 cxmmr5t8 oygrvhab hcukyx3x c1et5uql ii04i59q\">\n<div dir=\"auto\" style=\"text-align: justify;\">El Cronista Municipal y el Regidor de Educaci\u00f3n estuvieron presentes en el \u00abKinder Innominado\u00bb donde directivos y padres de familia realizaron la votaci\u00f3n para darle nombre a esta escuela que ahora se llamar\u00e1 Mtra. Esther Hern\u00e1ndez Dur\u00e1n. \u00a1Enhorabuena! <span class=\"pq6dq46d tbxw36s4 knj5qynh kvgmc6g5 ditlmg2l oygrvhab nvdbi5me sf5mxxl7 gl3lb2sf hhz5lgdu\"><img loading=\"lazy\" decoding=\"async\" src=\"https:\/\/static.xx.fbcdn.net\/images\/emoji.php\/v9\/tf9\/1\/16\/1f44f_1f3fb.png\" alt=\"\ud83d\udc4f\ud83c\udffb\" width=\"16\" height=\"16\" \/><\/span><\/div>\n<\/div>\n<div class=\"cxmmr5t8 oygrvhab hcukyx3x c1et5uql o9v6fnle ii04i59q\" style=\"text-align: justify;\">\n<div dir=\"auto\"><a class=\"oajrlxb2 g5ia77u1 qu0x051f esr5mh6w e9989ue4 r7d6kgcz rq0escxv nhd2j8a9 nc684nl6 p7hjln8o kvgmc6g5 cxmmr5t8 oygrvhab hcukyx3x jb3vyjys rz4wbd8a qt6c0cv9 a8nywdso i1ao9s8h esuyzwwr f1sip0of lzcic4wl gpro0wi8 q66pz984 b1v8xokw\" tabindex=\"0\" role=\"link\" href=\"https:\/\/web.facebook.com\/hashtag\/prosperidadqueavanza?__eep__=6&amp;__cft__[0]=AZW6_vGouA8zozIulIScTzWK_ShJk2h5vVa5LAc76TtAxWNFOqpr3Nf4ztj7lQjseob0BK1t8IhSpWprFf7R_VgB2FnQVKWaybEZITWcTizrvcdFp6-ubVUw-G6seO9EnPfNkTpAeoBshF1E2NeXhM1tg2qNTgq4JJc5X_DlLH44PHwMDwx3ddq7h_ICpkNjzcE&amp;__tn__=*NK-R\">#ProsperidadQueAvanza<\/a><\/div>\n<\/div>\n<\/div>\n<div dir=\"auto\" style=\"text-align: justify;\"><\/div>\n","protected":false},"excerpt":{"rendered":"<p>Capacita gobierno de Texoloc a los alumnos sobre temas importantes en su vida El Sistema Municipal DIF, IMMujer y el Instituto Municipal de la Juventud, visitaron la Escuela Secundaria T\u00e9cnica #21 para impartir las pl\u00e1ticas sobre los temas: -Violencia en el noviazgo -Violencia de g\u00e9nero -Enfermedades de transmisi\u00f3n sexual #ProsperidadQueAvanza &nbsp; Impulsa Gobierno municipal cat\u00e1logo [&hellip;]<\/p>\n","protected":false},"author":3,"featured_media":0,"comment_status":"open","ping_status":"open","sticky":false,"template":"","format":"standard","meta":{"footnotes":""},"categories":[7],"tags":[],"class_list":["post-13227","post","type-post","status-publish","format-standard","hentry","category-ciudadanos"],"amp_enabled":true,"_links":{"self":[{"href":"https:\/\/labestiapolitica.com.mx\/index.php?rest_route=\/wp\/v2\/posts\/13227","targetHints":{"allow":["GET"]}}],"collection":[{"href":"https:\/\/labestiapolitica.com.mx\/index.php?rest_route=\/wp\/v2\/posts"}],"about":[{"href":"https:\/\/labestiapolitica.com.mx\/index.php?rest_route=\/wp\/v2\/types\/post"}],"author":[{"embeddable":true,"href":"https:\/\/labestiapolitica.com.mx\/index.php?rest_route=\/wp\/v2\/users\/3"}],"replies":[{"embeddable":true,"href":"https:\/\/labestiapolitica.com.mx\/index.php?rest_route=%2Fwp%2Fv2%2Fcomments&post=13227"}],"version-history":[{"count":2,"href":"https:\/\/labestiapolitica.com.mx\/index.php?rest_route=\/wp\/v2\/posts\/13227\/revisions"}],"predecessor-version":[{"id":13235,"href":"https:\/\/labestiapolitica.com.mx\/index.php?rest_route=\/wp\/v2\/posts\/13227\/revisions\/13235"}],"wp:attachment":[{"href":"https:\/\/labestiapolitica.com.mx\/index.php?rest_route=%2Fwp%2Fv2%2Fmedia&parent=13227"}],"wp:term":[{"taxonomy":"category","embeddable":true,"href":"https:\/\/labestiapolitica.com.mx\/index.php?rest_route=%2Fwp%2Fv2%2Fcategories&post=13227"},{"taxonomy":"post_tag","embeddable":true,"href":"https:\/\/labestiapolitica.com.mx\/index.php?rest_route=%2Fwp%2Fv2%2Ftags&post=13227"}],"curies":[{"name":"wp","href":"https:\/\/api.w.org\/{rel}","templated":true}]}}