{"id":13236,"date":"2022-06-30T22:10:24","date_gmt":"2022-06-30T22:10:24","guid":{"rendered":"https:\/\/labestiapolitica.com.mx\/?p=13236"},"modified":"2022-07-04T12:30:08","modified_gmt":"2022-07-04T12:30:08","slug":"llegan-a-tlaxcala-24-mil-vacunas-mas-contra-covid-19-para-menores-de-5-a-11-anos","status":"publish","type":"post","link":"https:\/\/labestiapolitica.com.mx\/?p=13236","title":{"rendered":"Llegan a Tlaxcala  24 mil vacunas m\u00e1s contra covid-19 para menores de 5 a 11 a\u00f1os"},"content":{"rendered":"<p style=\"text-align: justify;\">Instalar\u00e1n la siguiente semana puestos de vacunaci\u00f3n en los municipios de Tlaxcala, Chiautempan y Tlaxco<\/p>\n<p style=\"text-align: justify;\">El delegado de los Programas para el Desarrollo en Tlaxcala, Carlos Luna V\u00e1zquez inform\u00f3 que este d\u00eda lleg\u00f3 al estado una segunda remesa de 24 mil vacunas contra el Covid-19 de la farmac\u00e9utica Pfizer para ni\u00f1as y ni\u00f1os de 5 a 11 a\u00f1os de edad, con el objetivo de avanzar significativamente en la atenci\u00f3n a este sector de la poblaci\u00f3n.<\/p>\n<p style=\"text-align: justify;\">Luna V\u00e1zquez puntualiz\u00f3 que para la aplicaci\u00f3n de las vacunas se habilitar\u00e1n m\u00f3dulos de inmunizaci\u00f3n en los municipios de Tlaxcala, Chiautempan y Tlaxco la siguiente semana, con un horario de 8:30 a 16:00 horas.<\/p>\n<p style=\"text-align: justify;\">Precis\u00f3 que en el caso de Tlaxcala se instalar\u00e1n en las sedes del Centro de Convenciones del Recinto Ferial y en el Centro Cultural Universitario (CCU) los d\u00edas lunes y martes; mientras que en Chiautempan ser\u00e1 en el Centro de Salud de Texcacoac y en la Unidad Deportiva \u201cPr\u00f3spero Cahuantzi\u201d, lunes, martes y mi\u00e9rcoles; en tanto, a Tlaxco llegar\u00e1n los puestos de inoculaci\u00f3n al auditorio los d\u00edas martes y mi\u00e9rcoles.<\/p>\n<p style=\"text-align: justify;\">Aunado a los puntos que iniciaron operaciones la semana pasada en Huamantla y los que se ubicar\u00e1n este viernes en Amaxac, con los que concluir\u00e1 la aplicaci\u00f3n de la primera remesa de 24 mil dosis que lleg\u00f3 a la entidad en anteriores d\u00edas.<\/p>\n<p style=\"text-align: justify;\">\u201cLlevamos un avance de 18 mil 320 dosis aplicadas a ni\u00f1as y ni\u00f1os, hacemos el llamado a la poblaci\u00f3n para que inscriba a sus hijas e hijos en la plataforma de mivacuna.salud.gob.mx, porque es importante que lleguen con su registro en la mano para agilizar el proceso\u201d, indic\u00f3 Carlos Luna.<\/p>\n<p style=\"text-align: justify;\">De acuerdo con los registros, abund\u00f3, en Tlaxcala se tiene menos del 50 por ciento de 171 mil menores que no se han inscrito en la plataforma, de ah\u00ed que conmin\u00f3 a las madres y padres de familia a que incorporen a los menores a esta jornada que tiene como prop\u00f3sito salvaguardar la salud de la ciudadan\u00eda.<\/p>\n","protected":false},"excerpt":{"rendered":"<p>Instalar\u00e1n la siguiente semana puestos de vacunaci\u00f3n en los municipios de Tlaxcala, Chiautempan y Tlaxco El delegado de los Programas para el Desarrollo en Tlaxcala, Carlos Luna V\u00e1zquez inform\u00f3 que este d\u00eda lleg\u00f3 al estado una segunda remesa de 24 mil vacunas contra el Covid-19 de la farmac\u00e9utica Pfizer para ni\u00f1as y ni\u00f1os de 5 [&hellip;]<\/p>\n","protected":false},"author":3,"featured_media":0,"comment_status":"open","ping_status":"open","sticky":false,"template":"","format":"standard","meta":{"footnotes":""},"categories":[12],"tags":[],"class_list":["post-13236","post","type-post","status-publish","format-standard","hentry","category-brujula-2026"],"amp_enabled":true,"_links":{"self":[{"href":"https:\/\/labestiapolitica.com.mx\/index.php?rest_route=\/wp\/v2\/posts\/13236","targetHints":{"allow":["GET"]}}],"collection":[{"href":"https:\/\/labestiapolitica.com.mx\/index.php?rest_route=\/wp\/v2\/posts"}],"about":[{"href":"https:\/\/labestiapolitica.com.mx\/index.php?rest_route=\/wp\/v2\/types\/post"}],"author":[{"embeddable":true,"href":"https:\/\/labestiapolitica.com.mx\/index.php?rest_route=\/wp\/v2\/users\/3"}],"replies":[{"embeddable":true,"href":"https:\/\/labestiapolitica.com.mx\/index.php?rest_route=%2Fwp%2Fv2%2Fcomments&post=13236"}],"version-history":[{"count":1,"href":"https:\/\/labestiapolitica.com.mx\/index.php?rest_route=\/wp\/v2\/posts\/13236\/revisions"}],"predecessor-version":[{"id":13238,"href":"https:\/\/labestiapolitica.com.mx\/index.php?rest_route=\/wp\/v2\/posts\/13236\/revisions\/13238"}],"wp:attachment":[{"href":"https:\/\/labestiapolitica.com.mx\/index.php?rest_route=%2Fwp%2Fv2%2Fmedia&parent=13236"}],"wp:term":[{"taxonomy":"category","embeddable":true,"href":"https:\/\/labestiapolitica.com.mx\/index.php?rest_route=%2Fwp%2Fv2%2Fcategories&post=13236"},{"taxonomy":"post_tag","embeddable":true,"href":"https:\/\/labestiapolitica.com.mx\/index.php?rest_route=%2Fwp%2Fv2%2Ftags&post=13236"}],"curies":[{"name":"wp","href":"https:\/\/api.w.org\/{rel}","templated":true}]}}