{"id":13481,"date":"2022-07-20T20:19:43","date_gmt":"2022-07-20T20:19:43","guid":{"rendered":"https:\/\/labestiapolitica.com.mx\/?p=13481"},"modified":"2022-07-22T03:37:58","modified_gmt":"2022-07-22T03:37:58","slug":"ya-me-conoces-soy-veronica-benitez-flores","status":"publish","type":"post","link":"https:\/\/labestiapolitica.com.mx\/?p=13481","title":{"rendered":"#TlaxcaltecasConHuella&#8230;\u00bfYa me conoces?   Soy Ver\u00f3nica Ben\u00edtez Flores"},"content":{"rendered":"<p style=\"text-align: justify;\">A sus 27 a\u00f1os de edad, Ver\u00f3nica Ben\u00edtez Flores\u00a0 \u00a0aun recuerda la experiencia que le marc\u00f3 de por vida, al estar como enfermera en la primera l\u00ednea de combate al Covid-19, el virus que devast\u00f3 a cientos de familias tlaxcaltecas.<\/p>\n<p style=\"text-align: justify;\">Por ello, hoy desde la sexta regidur\u00eda del ayuntamiento de Chiautempan sue\u00f1a con un mejor Tlaxcala, donde haya condiciones para todos de crecer como personas y como profesionales.<\/p>\n<p style=\"text-align: justify;\">Es Licenciada en Enfermer\u00eda por la Universidad Aut\u00f3noma de Tlaxcala. Cuenta con especialidad en Enfermer\u00eda Quir\u00fargica por la Universidad Popular Aut\u00f3noma del Estado de Puebla.<\/p>\n<p style=\"text-align: justify;\">Su experiencia profesional es en el ramo de la salud, donde se ha desempe\u00f1ado en el \u00e1rea de atenci\u00f3n prehospitalaria del Centro Regulador de Urgencias M\u00e9dicas de Tlaxcala, as\u00ed como enfermera de traslados, urgencias b\u00e1sicas, avanzadas y terapia intensiva de Emergencias M\u00e9dicas de Tlaxcala.<\/p>\n<p style=\"text-align: justify;\"><strong>Actualmente en Sexta Regidora del Municipio de Chiautempan por el Partido Acci\u00f3n Nacional; preside las comisiones de Salud y Desarrollo Social.<\/strong><\/p>\n<p>Se define como una persona apasionada en lo que m\u00e1s le gusta que es ser param\u00e9dico, una profesi\u00f3n donde salvar vidas la hace sentirse bien, y el pago es una sonrisa o un \u00abMuchas gracias\u00bb, de quienes ayuda.<\/p>\n<p>Hoy, le toca estar en el espacio de #TlaxcaltecasConHuella de la Bestia Pol\u00edtica. Comunicaci\u00f3n y Poder.<\/p>\n<p><img loading=\"lazy\" decoding=\"async\" class=\"alignnone wp-image-13482 size-full\" src=\"https:\/\/labestiapolitica.com.mx\/wp-content\/uploads\/2022\/07\/REGIDORA-.jpg\" alt=\"\" width=\"1000\" height=\"600\" \/><\/p>\n<p>&nbsp;<\/p>\n<p>&nbsp;<\/p>\n","protected":false},"excerpt":{"rendered":"<p>A sus 27 a\u00f1os de edad, Ver\u00f3nica Ben\u00edtez Flores\u00a0 \u00a0aun recuerda la experiencia que le marc\u00f3 de por vida, al estar como enfermera en la primera l\u00ednea de combate al Covid-19, el virus que devast\u00f3 a cientos de familias tlaxcaltecas. Por ello, hoy desde la sexta regidur\u00eda del ayuntamiento de Chiautempan sue\u00f1a con un mejor [&hellip;]<\/p>\n","protected":false},"author":3,"featured_media":0,"comment_status":"open","ping_status":"open","sticky":false,"template":"","format":"standard","meta":{"footnotes":""},"categories":[7],"tags":[],"class_list":["post-13481","post","type-post","status-publish","format-standard","hentry","category-ciudadanos"],"amp_enabled":true,"_links":{"self":[{"href":"https:\/\/labestiapolitica.com.mx\/index.php?rest_route=\/wp\/v2\/posts\/13481","targetHints":{"allow":["GET"]}}],"collection":[{"href":"https:\/\/labestiapolitica.com.mx\/index.php?rest_route=\/wp\/v2\/posts"}],"about":[{"href":"https:\/\/labestiapolitica.com.mx\/index.php?rest_route=\/wp\/v2\/types\/post"}],"author":[{"embeddable":true,"href":"https:\/\/labestiapolitica.com.mx\/index.php?rest_route=\/wp\/v2\/users\/3"}],"replies":[{"embeddable":true,"href":"https:\/\/labestiapolitica.com.mx\/index.php?rest_route=%2Fwp%2Fv2%2Fcomments&post=13481"}],"version-history":[{"count":4,"href":"https:\/\/labestiapolitica.com.mx\/index.php?rest_route=\/wp\/v2\/posts\/13481\/revisions"}],"predecessor-version":[{"id":13502,"href":"https:\/\/labestiapolitica.com.mx\/index.php?rest_route=\/wp\/v2\/posts\/13481\/revisions\/13502"}],"wp:attachment":[{"href":"https:\/\/labestiapolitica.com.mx\/index.php?rest_route=%2Fwp%2Fv2%2Fmedia&parent=13481"}],"wp:term":[{"taxonomy":"category","embeddable":true,"href":"https:\/\/labestiapolitica.com.mx\/index.php?rest_route=%2Fwp%2Fv2%2Fcategories&post=13481"},{"taxonomy":"post_tag","embeddable":true,"href":"https:\/\/labestiapolitica.com.mx\/index.php?rest_route=%2Fwp%2Fv2%2Ftags&post=13481"}],"curies":[{"name":"wp","href":"https:\/\/api.w.org\/{rel}","templated":true}]}}