{"id":13558,"date":"2022-07-26T15:37:56","date_gmt":"2022-07-26T15:37:56","guid":{"rendered":"https:\/\/labestiapolitica.com.mx\/?p=13558"},"modified":"2022-07-27T19:38:48","modified_gmt":"2022-07-27T19:38:48","slug":"celebra-xiii-aniversario-el-ste-en-tlaxcala","status":"publish","type":"post","link":"https:\/\/labestiapolitica.com.mx\/?p=13558","title":{"rendered":"Celebra XIII Aniversario el STE en Tlaxcala"},"content":{"rendered":"<p style=\"text-align: justify;\"><em>Ya 13 a\u00f1os de estar en la lucha sindical a favor de los docentes de Tlaxcala.<\/em><\/p>\n<p style=\"text-align: justify;\">Para recordar y celebrar su movimiento sindical iniciado desde hace m\u00e1s de una d\u00e9cada y aprovechar para celebrar el D\u00eda de Maestro, el Sindicato de Trabajadores para la Educaci\u00f3n (STE) en Tlaxcala, organiz\u00f3 una convivencia con sus agremiados, el pasado viernes 22 de julio, en la Capital del Estado.<\/p>\n<p style=\"text-align: justify;\">M\u00e1s de 400 agremiados se dieron cita en este importante evento, acompa\u00f1ados por el Profesor Alberto Hern\u00e1ndez Olivares, representante de la Gobernadora del Estado Lorena Cu\u00e9llar Cisneros y de la SEPE-USET.<\/p>\n<p style=\"text-align: justify;\">Las Maestras y Maestros del STE, estuvieron encabezados por sus lideres Jacob Hern\u00e1ndez Corona, Secretario General del STE Nacional, Beneberto S\u00e1nchez V\u00e1zquez y N\u00e9stor Ram\u00edrez Rodr\u00edguez, Coordinadores de las \u00e1reas Estatal y Federal del Sindicato en Tlaxcala, respectivamente.<\/p>\n<p style=\"text-align: justify;\">El Consejero y l\u00edder Nacional del STE, Carlos Jonguitud Carrillo, transmiti\u00f3 un emotivo mensaje en video, destacando los logros y beneficios que su organizaci\u00f3n ha obtenido a favor de sus sindicalizados, en Tlaxcala y en todo el pa\u00eds.<\/p>\n<p style=\"text-align: justify;\">Por su parte, los l\u00edderes locales del Sindicato, coincidieron en destacar el esfuerzo de los agremiados del STE, que durante 13 a\u00f1os han luchado y lo seguir\u00e1n haciendo para construir una organizaci\u00f3n que privilegia la transparencia, la rendici\u00f3n de cuentas y la convicci\u00f3n por alcanzar una educaci\u00f3n de clase mundial.<\/p>\n<p style=\"text-align: justify;\">Adem\u00e1s, expresaron que en una realidad donde las pr\u00e1cticas gremiales de otros sindicatos siguen siendo las mismas, el STE se ha esmerado por ser diferente.<\/p>\n<p style=\"text-align: justify;\">Se\u00f1alaron que han actuado con honestidad, con seriedad, para defender los derechos de sus agremiados, que no ha importado que sea s\u00f3lo uno de sus compa\u00f1eros, algunos o muchos los que han necesitado del apoyo, pues su sindicato siempre ha estado presente para ayudar a sus compa\u00f1eros en la defensa de sus intereses.<\/p>\n<p style=\"text-align: justify;\">\u201cSiempre vamos o acudir a cumplir con la obligaci\u00f3n que tenemos de representar a nuestros compa\u00f1eros, cuando nos necesiten y se trate de defender sus intereses laborales y de sus familias; ellos saben que cuentan con nosotros\u201d, destac\u00f3 Beneberto S\u00e1nchez V\u00e1zquez.<\/p>\n<p style=\"text-align: justify;\">Amplio \u00a0reconocieron tambi\u00e9n recibieron los sindicalizados presentes, por su esmero y trabajo en las aulas y a trav\u00e9s de educaci\u00f3n a distancia, no obstante los obst\u00e1culos y limitaciones padecidas por la pandemia del COVID-19; \u201ca pesar de las condiciones adversas tanto materiales como emocionales que tuvieron que enfrentar, nuestros docentes pudieron salir avante con la preparaci\u00f3n acad\u00e9mica de los alumnos, modificando m\u00e9todos de estudio y acumulando una experiencia que en el futuro cercano ser\u00e1 de mucha utilidad en las aulas\u201d, abund\u00f3 S\u00e1nchez V\u00e1zquez.<\/p>\n<p style=\"text-align: justify;\">Por su parte, Jacob Hern\u00e1ndez Corona, pidi\u00f3 a sus agremiados seguir esforz\u00e1ndose y fortaleciendo el orgullo de ser docentes, pues \u201ces una de las m\u00e1s nobles profesiones que existen porque nos permite participar de manera importante en la formaci\u00f3n de las mentes de los ni\u00f1os y j\u00f3venes\u201d.<\/p>\n<p style=\"text-align: justify;\">La celebraci\u00f3n tambi\u00e9n fue ocasi\u00f3n, para la rifa de numerosos obsequios para los festejados maestros, culminando el evento hasta entrada la tarde con m\u00fasica y baile.<\/p>\n<p style=\"text-align: justify;\">Los agremiados presentes, reconocieron a su Sindicato, la excelente organizaci\u00f3n del evento y la determinaci\u00f3n de los lideres del STE por seguir fortaleciendo su sindicato; \u201chan logrado sembrar entre sus agremiados la confianza y la veracidad que necesita la clase trabajadora para que sus derechos laborales sean respetados\u201d, afirmaron.<\/p>\n<p style=\"text-align: justify;\">\n","protected":false},"excerpt":{"rendered":"<p>Ya 13 a\u00f1os de estar en la lucha sindical a favor de los docentes de Tlaxcala. Para recordar y celebrar su movimiento sindical iniciado desde hace m\u00e1s de una d\u00e9cada y aprovechar para celebrar el D\u00eda de Maestro, el Sindicato de Trabajadores para la Educaci\u00f3n (STE) en Tlaxcala, organiz\u00f3 una convivencia con sus agremiados, el [&hellip;]<\/p>\n","protected":false},"author":3,"featured_media":0,"comment_status":"open","ping_status":"open","sticky":false,"template":"","format":"standard","meta":{"footnotes":""},"categories":[7],"tags":[],"class_list":["post-13558","post","type-post","status-publish","format-standard","hentry","category-ciudadanos"],"amp_enabled":true,"_links":{"self":[{"href":"https:\/\/labestiapolitica.com.mx\/index.php?rest_route=\/wp\/v2\/posts\/13558","targetHints":{"allow":["GET"]}}],"collection":[{"href":"https:\/\/labestiapolitica.com.mx\/index.php?rest_route=\/wp\/v2\/posts"}],"about":[{"href":"https:\/\/labestiapolitica.com.mx\/index.php?rest_route=\/wp\/v2\/types\/post"}],"author":[{"embeddable":true,"href":"https:\/\/labestiapolitica.com.mx\/index.php?rest_route=\/wp\/v2\/users\/3"}],"replies":[{"embeddable":true,"href":"https:\/\/labestiapolitica.com.mx\/index.php?rest_route=%2Fwp%2Fv2%2Fcomments&post=13558"}],"version-history":[{"count":2,"href":"https:\/\/labestiapolitica.com.mx\/index.php?rest_route=\/wp\/v2\/posts\/13558\/revisions"}],"predecessor-version":[{"id":13568,"href":"https:\/\/labestiapolitica.com.mx\/index.php?rest_route=\/wp\/v2\/posts\/13558\/revisions\/13568"}],"wp:attachment":[{"href":"https:\/\/labestiapolitica.com.mx\/index.php?rest_route=%2Fwp%2Fv2%2Fmedia&parent=13558"}],"wp:term":[{"taxonomy":"category","embeddable":true,"href":"https:\/\/labestiapolitica.com.mx\/index.php?rest_route=%2Fwp%2Fv2%2Fcategories&post=13558"},{"taxonomy":"post_tag","embeddable":true,"href":"https:\/\/labestiapolitica.com.mx\/index.php?rest_route=%2Fwp%2Fv2%2Ftags&post=13558"}],"curies":[{"name":"wp","href":"https:\/\/api.w.org\/{rel}","templated":true}]}}