{"id":13575,"date":"2022-07-27T20:32:27","date_gmt":"2022-07-27T20:32:27","guid":{"rendered":"https:\/\/labestiapolitica.com.mx\/?p=13575"},"modified":"2022-07-27T20:38:57","modified_gmt":"2022-07-27T20:38:57","slug":"resumen-de-notas-destacadas-de-tepetitla-tlaxcala","status":"publish","type":"post","link":"https:\/\/labestiapolitica.com.mx\/?p=13575","title":{"rendered":"Resumen de notas destacadas de Tepetitla Tlaxcala"},"content":{"rendered":"<div class=\"kvgmc6g5 cxmmr5t8 oygrvhab hcukyx3x c1et5uql ii04i59q\">\n<div dir=\"auto\">\n<div class=\"kvgmc6g5 cxmmr5t8 oygrvhab hcukyx3x c1et5uql ii04i59q\">\n<div dir=\"auto\">\n<div class=\"kvgmc6g5 cxmmr5t8 oygrvhab hcukyx3x c1et5uql ii04i59q\">\n<div dir=\"auto\"><strong>Asiste presidenta del SMDIF\u00a0 a graduaci\u00f3n de\u00a0 Primaria Federal \u00abAbraham Castellanos\u00bb de la cabecera municipal.<\/strong><\/div>\n<\/div>\n<div dir=\"auto\"><\/div>\n<div class=\"kvgmc6g5 cxmmr5t8 oygrvhab hcukyx3x c1et5uql ii04i59q\">\n<div dir=\"auto\" style=\"text-align: justify;\">Ayer por la ma\u00f1ana, la Presidenta Honor\u00edfica del SMDIF asisti\u00f3 en representaci\u00f3n del alcalde, <a class=\"oajrlxb2 g5ia77u1 qu0x051f esr5mh6w e9989ue4 r7d6kgcz rq0escxv nhd2j8a9 nc684nl6 p7hjln8o kvgmc6g5 cxmmr5t8 oygrvhab hcukyx3x jb3vyjys rz4wbd8a qt6c0cv9 a8nywdso i1ao9s8h esuyzwwr f1sip0of lzcic4wl gpro0wi8 q66pz984 b1v8xokw\" tabindex=\"0\" role=\"link\" href=\"https:\/\/web.facebook.com\/dr.alanalvarado\/?__cft__[0]=AZUfkagNCJMHVI7wwjWz0UDPCh1wxjOgToAoPHG0_Y26-3bFGrns1Zq2k1Ra-D98xqAnG3X5kRs7n6fGvu-jHpoTHI5ptWe9MrtjegZGLv3F9pY-uv0anfQDw9_GmnHw5DvgYktaz5JiNZtDJhw2c254S6_mADP2Gya8Oold7-iwrQ&amp;__tn__=kK-R\"><span class=\"nc684nl6\">Alan Alvarado Islas<\/span><\/a>, a la graduaci\u00f3n de los peque\u00f1os de la Escuela Primaria Federal \u00abAbraham Castellanos\u00bb de la cabecera municipal. <span class=\"pq6dq46d tbxw36s4 knj5qynh kvgmc6g5 ditlmg2l oygrvhab nvdbi5me sf5mxxl7 gl3lb2sf hhz5lgdu\"><img loading=\"lazy\" decoding=\"async\" src=\"https:\/\/static.xx.fbcdn.net\/images\/emoji.php\/v9\/t4f\/1\/16\/1f601.png\" alt=\"\ud83d\ude01\" width=\"16\" height=\"16\" \/><\/span><\/div>\n<div dir=\"auto\" style=\"text-align: justify;\">Nos da mucho gusto y alegr\u00eda ver a estos ni\u00f1os graduarse para continuar un nuevo ciclo en su etapa de escolaridad. Les dejamos el mayor \u00e9xito del mundo, \u00a1Felicidades!, expres\u00f3.<\/div>\n<div dir=\"auto\"><\/div>\n<\/div>\n<div dir=\"auto\"><img loading=\"lazy\" decoding=\"async\" class=\"alignnone wp-image-13578 size-full\" src=\"https:\/\/labestiapolitica.com.mx\/wp-content\/uploads\/2022\/07\/fffff.jpg\" alt=\"\" width=\"1000\" height=\"600\" \/><\/div>\n<\/div>\n<div dir=\"auto\"><\/div>\n<div dir=\"auto\"><strong>Convoca gobierno a rescatar el R\u00edo Atoyac.<\/strong><\/div>\n<div dir=\"auto\"><\/div>\n<div dir=\"auto\" style=\"text-align: justify;\"><a class=\"oajrlxb2 g5ia77u1 qu0x051f esr5mh6w e9989ue4 r7d6kgcz rq0escxv nhd2j8a9 nc684nl6 p7hjln8o kvgmc6g5 cxmmr5t8 oygrvhab hcukyx3x jb3vyjys rz4wbd8a qt6c0cv9 a8nywdso i1ao9s8h esuyzwwr f1sip0of lzcic4wl gpro0wi8 q66pz984 b1v8xokw\" tabindex=\"0\" role=\"link\" href=\"https:\/\/web.facebook.com\/hashtag\/medioambiente?__eep__=6&amp;__cft__[0]=AZW-YV7RZpOWM2mqiL9vzscuchKI_1yxfoI3NkNyEelyP9UOH-OzJZ918gqVd2liBc-4D6nImIFqK9gomGR-wm4x7ZGQekVoB7rzw6bDkbPruu-S5MqqObWL_LhVJ59KrEgoDGRq3YMzWICWRP419_optU0W5hHV9L2rcECV6FFrEw&amp;__tn__=*NK-R\">#MedioAmbiente<\/a> <span class=\"pq6dq46d tbxw36s4 knj5qynh kvgmc6g5 ditlmg2l oygrvhab nvdbi5me sf5mxxl7 gl3lb2sf hhz5lgdu\"><img loading=\"lazy\" decoding=\"async\" src=\"https:\/\/static.xx.fbcdn.net\/images\/emoji.php\/v9\/t69\/1\/16\/1f331.png\" alt=\"\ud83c\udf31\" width=\"16\" height=\"16\" \/><\/span><\/div>\n<div dir=\"auto\" style=\"text-align: justify;\">\u00abAtender la contaminaci\u00f3n del <a class=\"oajrlxb2 g5ia77u1 qu0x051f esr5mh6w e9989ue4 r7d6kgcz rq0escxv nhd2j8a9 nc684nl6 p7hjln8o kvgmc6g5 cxmmr5t8 oygrvhab hcukyx3x jb3vyjys rz4wbd8a qt6c0cv9 a8nywdso i1ao9s8h esuyzwwr f1sip0of lzcic4wl gpro0wi8 q66pz984 b1v8xokw\" tabindex=\"0\" role=\"link\" href=\"https:\/\/web.facebook.com\/hashtag\/r%C3%ADoatoyac?__eep__=6&amp;__cft__[0]=AZW-YV7RZpOWM2mqiL9vzscuchKI_1yxfoI3NkNyEelyP9UOH-OzJZ918gqVd2liBc-4D6nImIFqK9gomGR-wm4x7ZGQekVoB7rzw6bDkbPruu-S5MqqObWL_LhVJ59KrEgoDGRq3YMzWICWRP419_optU0W5hHV9L2rcECV6FFrEw&amp;__tn__=*NK-R\">#R\u00edoAtoyac<\/a> es una prioridad para este gobierno. Por eso te invitamos este lunes primero de agosto a las instalaciones de la presidencia municipal para conocer las medidas que se est\u00e1n tomando para su saneamiento en conjunto con el <a class=\"oajrlxb2 g5ia77u1 qu0x051f esr5mh6w e9989ue4 r7d6kgcz rq0escxv nhd2j8a9 nc684nl6 p7hjln8o kvgmc6g5 cxmmr5t8 oygrvhab hcukyx3x jb3vyjys rz4wbd8a qt6c0cv9 a8nywdso i1ao9s8h esuyzwwr f1sip0of lzcic4wl gpro0wi8 q66pz984 b1v8xokw\" tabindex=\"0\" role=\"link\" href=\"https:\/\/web.facebook.com\/GobTlaxcala?__cft__[0]=AZW-YV7RZpOWM2mqiL9vzscuchKI_1yxfoI3NkNyEelyP9UOH-OzJZ918gqVd2liBc-4D6nImIFqK9gomGR-wm4x7ZGQekVoB7rzw6bDkbPruu-S5MqqObWL_LhVJ59KrEgoDGRq3YMzWICWRP419_optU0W5hHV9L2rcECV6FFrEw&amp;__tn__=-]K-R\"><span class=\"nc684nl6\">Gobierno del Estado de Tlaxcala<\/span><\/a>. Ven y descubre como puedes ayudar a rescatar la Cuenca del Alto Atoyac\u00bb, detall\u00f3.<\/div>\n<\/div>\n<\/div>\n<div dir=\"auto\"><img loading=\"lazy\" decoding=\"async\" class=\"alignnone wp-image-13577 size-full\" src=\"https:\/\/labestiapolitica.com.mx\/wp-content\/uploads\/2022\/07\/ayoyac-.jpg\" alt=\"\" width=\"1000\" height=\"600\" \/><\/div>\n<\/div>\n<div dir=\"auto\"><\/div>\n<div class=\"kvgmc6g5 cxmmr5t8 oygrvhab hcukyx3x c1et5uql ii04i59q\">\n<div dir=\"auto\"><strong>Convocan a participar en cert\u00e1menes de belleza \u00abSe\u00f1orita Lardiz\u00e1bal y Miss Teen Lardiz\u00e1bal\u00bb.<\/strong><\/div>\n<div dir=\"auto\"><\/div>\n<div dir=\"auto\" style=\"text-align: justify;\">\u00a1Es tu momento de brillar! <span class=\"pq6dq46d tbxw36s4 knj5qynh kvgmc6g5 ditlmg2l oygrvhab nvdbi5me sf5mxxl7 gl3lb2sf hhz5lgdu\"><img loading=\"lazy\" decoding=\"async\" src=\"https:\/\/static.xx.fbcdn.net\/images\/emoji.php\/v9\/t58\/1\/16\/1f929.png\" alt=\"\ud83e\udd29\" width=\"16\" height=\"16\" \/><\/span><\/div>\n<div dir=\"auto\" style=\"text-align: justify;\">Si juntas todos los requisitos, ven y participa en los cert\u00e1menes de belleza \u00abSe\u00f1orita Lardiz\u00e1bal y Miss Teen Lardiz\u00e1bal\u00bb Para participar, es muy importante verificar los requisitos que aqu\u00ed te compartimos. <span class=\"pq6dq46d tbxw36s4 knj5qynh kvgmc6g5 ditlmg2l oygrvhab nvdbi5me sf5mxxl7 gl3lb2sf hhz5lgdu\"><img loading=\"lazy\" decoding=\"async\" src=\"https:\/\/static.xx.fbcdn.net\/images\/emoji.php\/v9\/t3c\/1\/16\/261d_1f3fc.png\" alt=\"\u261d\ud83c\udffc\" width=\"16\" height=\"16\" \/><\/span><span class=\"pq6dq46d tbxw36s4 knj5qynh kvgmc6g5 ditlmg2l oygrvhab nvdbi5me sf5mxxl7 gl3lb2sf hhz5lgdu\"><img loading=\"lazy\" decoding=\"async\" src=\"https:\/\/static.xx.fbcdn.net\/images\/emoji.php\/v9\/t81\/1\/16\/1f60c.png\" alt=\"\ud83d\ude0c\" width=\"16\" height=\"16\" \/><\/span> Tienes hasta el 8 de Agosto para inscribirte en las oficinas del SMDIF.<\/div>\n<\/div>\n<div class=\"cxmmr5t8 oygrvhab hcukyx3x c1et5uql o9v6fnle ii04i59q\" style=\"text-align: justify;\">\n<div dir=\"auto\">\u00a1T\u00fa puedes ser la pr\u00f3xima reina de belleza del municipio! <span class=\"pq6dq46d tbxw36s4 knj5qynh kvgmc6g5 ditlmg2l oygrvhab nvdbi5me sf5mxxl7 gl3lb2sf hhz5lgdu\"><img loading=\"lazy\" decoding=\"async\" src=\"https:\/\/static.xx.fbcdn.net\/images\/emoji.php\/v9\/t4\/1\/16\/1f60f.png\" alt=\"\ud83d\ude0f\" width=\"16\" height=\"16\" \/><\/span><\/div>\n<div dir=\"auto\"><span class=\"pq6dq46d tbxw36s4 knj5qynh kvgmc6g5 ditlmg2l oygrvhab nvdbi5me sf5mxxl7 gl3lb2sf hhz5lgdu\"><img loading=\"lazy\" decoding=\"async\" src=\"https:\/\/static.xx.fbcdn.net\/images\/emoji.php\/v9\/tf4\/1\/16\/2728.png\" alt=\"\u2728\" width=\"16\" height=\"16\" \/><\/span> Tenemos un incre\u00edble premio sorpresa para la ganadora.<\/div>\n<\/div>\n<div class=\"cxmmr5t8 oygrvhab hcukyx3x c1et5uql o9v6fnle ii04i59q\">\n<div dir=\"auto\" style=\"text-align: justify;\"><\/div>\n<\/div>\n<div dir=\"auto\"><\/div>\n<div dir=\"auto\"><img loading=\"lazy\" decoding=\"async\" class=\"alignnone wp-image-13576 size-full\" src=\"https:\/\/labestiapolitica.com.mx\/wp-content\/uploads\/2022\/07\/tepe33.jpg\" alt=\"\" width=\"1000\" height=\"600\" \/><\/div>\n<div dir=\"auto\"><\/div>\n<div dir=\"auto\">\n<div class=\"kvgmc6g5 cxmmr5t8 oygrvhab hcukyx3x c1et5uql ii04i59q\">\n<div dir=\"auto\"><strong>Rehabilita Protecci\u00f3n Civil cruces peatonales.<\/strong><\/div>\n<div dir=\"auto\"><\/div>\n<div dir=\"auto\" style=\"text-align: justify;\">La Coordinaci\u00f3n Municipal de Protecci\u00f3n Civil realiz\u00f3 esta ma\u00f1ana labores de pintura de cruces peatonales en la Av. Revoluci\u00f3n de la cabecera municipal frente al preescolar \u00abFederico Froebel\u00bb, de igual manera se pintaron los puntos de reuni\u00f3n en caso de emergencia y flechas indicadoras al interior de la instituci\u00f3n.<\/div>\n<\/div>\n<div dir=\"auto\"><\/div>\n<div class=\"cxmmr5t8 oygrvhab hcukyx3x c1et5uql o9v6fnle ii04i59q\">\n<div dir=\"auto\" style=\"text-align: justify;\"><img loading=\"lazy\" decoding=\"async\" class=\"alignnone wp-image-13579 size-full\" src=\"https:\/\/labestiapolitica.com.mx\/wp-content\/uploads\/2022\/07\/33333.jpg\" alt=\"\" width=\"1000\" height=\"600\" \/><\/div>\n<\/div>\n<\/div>\n<div dir=\"auto\"><\/div>\n<div dir=\"auto\"><strong>Convoca gobierno municipal a caravana cultural.\u00a0<\/strong><\/div>\n<div dir=\"auto\"><\/div>\n<div dir=\"auto\">El gobierno municipal de Tepetitla convoca a una caravana cultural el pr\u00f3ximo 30 de julio en favor de las familias.<\/div>\n<div dir=\"auto\">\n<div class=\"kvgmc6g5 cxmmr5t8 oygrvhab hcukyx3x c1et5uql ii04i59q\">\n<div dir=\"auto\"><\/div>\n<div dir=\"auto\" style=\"text-align: justify;\">Para ello, invitaron al pr\u00f3ximo s\u00e1bado 30 de julio a la primera <a class=\"oajrlxb2 g5ia77u1 qu0x051f esr5mh6w e9989ue4 r7d6kgcz rq0escxv nhd2j8a9 nc684nl6 p7hjln8o kvgmc6g5 cxmmr5t8 oygrvhab hcukyx3x jb3vyjys rz4wbd8a qt6c0cv9 a8nywdso i1ao9s8h esuyzwwr f1sip0of lzcic4wl gpro0wi8 q66pz984 b1v8xokw\" tabindex=\"0\" role=\"link\" href=\"https:\/\/web.facebook.com\/hashtag\/caravanacultural?__eep__=6&amp;__cft__[0]=AZU-LbPsNi5gjeBDEZVUZlwcdFBHLAHEYEAARQ3h1YHoeqJ51G-BFGP1tgWOfkDT3Y4ro7zI7Z7u_XBIyB1uoSW3AJTfeJzO3SFsndaJNKX75YM3U4jCc0PjMmNgbqeCSRaUULM0lwr1StK2bm0Cw0N1FVExS2iRpWygJYfRdh9tyQ&amp;__tn__=*NK-R\">#CaravanaCultural<\/a> Estatal en donde habr\u00e1 Artes visuales, talleres, gastronom\u00eda, m\u00fasica y m\u00e1s cosas.\u00a0 La cita es en las canchas de b\u00e1squetbol de la comunidad de Villa Alta, a partir de las 10:00 de la ma\u00f1ana. \u00a1No te la puedes perder!<\/div>\n<\/div>\n<div class=\"cxmmr5t8 oygrvhab hcukyx3x c1et5uql o9v6fnle ii04i59q\">\n<div dir=\"auto\"><\/div>\n<\/div>\n<div dir=\"auto\"><img loading=\"lazy\" decoding=\"async\" class=\"alignnone wp-image-13580 size-full\" src=\"https:\/\/labestiapolitica.com.mx\/wp-content\/uploads\/2022\/07\/99999.jpg\" alt=\"\" width=\"1000\" height=\"600\" \/><\/div>\n<\/div>\n<div dir=\"auto\"><\/div>\n<div dir=\"auto\">\n<div class=\"kvgmc6g5 cxmmr5t8 oygrvhab hcukyx3x c1et5uql ii04i59q\">\n<div dir=\"auto\"><strong>Promociona gobierno municipal examen gratuito para la vista<\/strong><\/div>\n<div dir=\"auto\"><\/div>\n<div dir=\"auto\" style=\"text-align: justify;\">\u00bfTe faltan lentes? <span class=\"pq6dq46d tbxw36s4 knj5qynh kvgmc6g5 ditlmg2l oygrvhab nvdbi5me sf5mxxl7 gl3lb2sf hhz5lgdu\"><img loading=\"lazy\" decoding=\"async\" src=\"https:\/\/static.xx.fbcdn.net\/images\/emoji.php\/v9\/tb3\/1\/16\/1f913.png\" alt=\"\ud83e\udd13\" width=\"16\" height=\"16\" \/><\/span><\/div>\n<div dir=\"auto\" style=\"text-align: justify;\">No busques m\u00e1s, acude toda esta semana a la explanada de la presidencia municipal a la brigada de Salud Visual. El ex\u00e1men de la vista por computaci\u00f3n es gratis y los precios son accesibles. <span class=\"pq6dq46d tbxw36s4 knj5qynh kvgmc6g5 ditlmg2l oygrvhab nvdbi5me sf5mxxl7 gl3lb2sf hhz5lgdu\"><img loading=\"lazy\" decoding=\"async\" src=\"https:\/\/static.xx.fbcdn.net\/images\/emoji.php\/v9\/t57\/1\/16\/1f609.png\" alt=\"\ud83d\ude09\" width=\"16\" height=\"16\" \/><\/span><\/div>\n<\/div>\n<div dir=\"auto\"><img loading=\"lazy\" decoding=\"async\" class=\"alignnone wp-image-13581 size-full\" src=\"https:\/\/labestiapolitica.com.mx\/wp-content\/uploads\/2022\/07\/9999999999.jpg\" alt=\"\" width=\"1000\" height=\"600\" \/><\/div>\n<div class=\"cxmmr5t8 oygrvhab hcukyx3x c1et5uql o9v6fnle ii04i59q\">\n<div dir=\"auto\" style=\"text-align: justify;\"><\/div>\n<\/div>\n<\/div>\n","protected":false},"excerpt":{"rendered":"<p>Asiste presidenta del SMDIF\u00a0 a graduaci\u00f3n de\u00a0 Primaria Federal \u00abAbraham Castellanos\u00bb de la cabecera municipal. Ayer por la ma\u00f1ana, la Presidenta Honor\u00edfica del SMDIF asisti\u00f3 en representaci\u00f3n del alcalde, Alan Alvarado Islas, a la graduaci\u00f3n de los peque\u00f1os de la Escuela Primaria Federal \u00abAbraham Castellanos\u00bb de la cabecera municipal. Nos da mucho gusto y alegr\u00eda [&hellip;]<\/p>\n","protected":false},"author":3,"featured_media":0,"comment_status":"open","ping_status":"open","sticky":false,"template":"","format":"standard","meta":{"footnotes":""},"categories":[7],"tags":[],"class_list":["post-13575","post","type-post","status-publish","format-standard","hentry","category-ciudadanos"],"amp_enabled":true,"_links":{"self":[{"href":"https:\/\/labestiapolitica.com.mx\/index.php?rest_route=\/wp\/v2\/posts\/13575","targetHints":{"allow":["GET"]}}],"collection":[{"href":"https:\/\/labestiapolitica.com.mx\/index.php?rest_route=\/wp\/v2\/posts"}],"about":[{"href":"https:\/\/labestiapolitica.com.mx\/index.php?rest_route=\/wp\/v2\/types\/post"}],"author":[{"embeddable":true,"href":"https:\/\/labestiapolitica.com.mx\/index.php?rest_route=\/wp\/v2\/users\/3"}],"replies":[{"embeddable":true,"href":"https:\/\/labestiapolitica.com.mx\/index.php?rest_route=%2Fwp%2Fv2%2Fcomments&post=13575"}],"version-history":[{"count":2,"href":"https:\/\/labestiapolitica.com.mx\/index.php?rest_route=\/wp\/v2\/posts\/13575\/revisions"}],"predecessor-version":[{"id":13583,"href":"https:\/\/labestiapolitica.com.mx\/index.php?rest_route=\/wp\/v2\/posts\/13575\/revisions\/13583"}],"wp:attachment":[{"href":"https:\/\/labestiapolitica.com.mx\/index.php?rest_route=%2Fwp%2Fv2%2Fmedia&parent=13575"}],"wp:term":[{"taxonomy":"category","embeddable":true,"href":"https:\/\/labestiapolitica.com.mx\/index.php?rest_route=%2Fwp%2Fv2%2Fcategories&post=13575"},{"taxonomy":"post_tag","embeddable":true,"href":"https:\/\/labestiapolitica.com.mx\/index.php?rest_route=%2Fwp%2Fv2%2Ftags&post=13575"}],"curies":[{"name":"wp","href":"https:\/\/api.w.org\/{rel}","templated":true}]}}