{"id":13584,"date":"2022-07-27T21:20:15","date_gmt":"2022-07-27T21:20:15","guid":{"rendered":"https:\/\/labestiapolitica.com.mx\/?p=13584"},"modified":"2022-08-08T02:42:32","modified_gmt":"2022-08-08T02:42:32","slug":"participa-ayuntamiento-de-tlaxcala-en-la-salvaguarda-proteccion-y-conservacion-del-conjunto-conventual-a-un-ano-de-declaratoria","status":"publish","type":"post","link":"https:\/\/labestiapolitica.com.mx\/?p=13584","title":{"rendered":"Participa Ayuntamiento de Tlaxcala en la salvaguarda, protecci\u00f3n y conservaci\u00f3n del Conjunto Conventual a un a\u00f1o de declaratoria"},"content":{"rendered":"<p style=\"text-align: justify;\"><em>El presidente Jorge Corichi reafirma trabajo colaborativo con autoridades estatales y federales para la conservaci\u00f3n del patrimonio de las y los tlaxcaltecas.<\/em><\/p>\n<p style=\"text-align: justify;\">El presidente municipal de Tlaxcala, Jorge Corichi, particip\u00f3 junto con autoridades estatales y federales en la Conmemoraci\u00f3n del Aniversario de la Declaratoria del Conjunto Conventual Franciscano y Catedralicio de Nuestra Se\u00f1ora de la Asunci\u00f3n como Patrimonio de la Humanidad por la UNESCO.<\/p>\n<p style=\"text-align: justify;\">En la ceremonia protocolaria, el edil manifest\u00f3 que su gobierno est\u00e1 comprometido con la salvaguarda, protecci\u00f3n y conservaci\u00f3n de los monumentos hist\u00f3ricos que forman parte de este patrimonio.<\/p>\n<p style=\"text-align: justify;\">\u201cEs muy grato para m\u00ed compartirles que, en el \u00e1mbito de nuestra competencia, la presente administraci\u00f3n municipal ha puesto en marcha los programas y proyectos con los que el Ayuntamiento de Tlaxcala se suma a la instrumentaci\u00f3n del Plan de manejo del Conjunto franciscano, entre ellos el de Imagen Urbana, Seguridad Ciudadana, Servicios P\u00fablicos y Protecci\u00f3n Civil, s\u00f3lo por mencionar algunos\u201d, explic\u00f3 el alcalde Corichi durante su intervenci\u00f3n.<\/p>\n<p style=\"text-align: justify;\">Como miembro honor\u00edfico del Consejo Interinstitucional para la Salvaguarda, Protecci\u00f3n y Conservaci\u00f3n del Conjunto Conventual Franciscano y Catedralicio de Nuestra Se\u00f1ora de la Asunci\u00f3n y la Zona de Monumentos de la Ciudad de Tlaxcala (CONSAFRAN), el edil capitalino inst\u00f3 a todas las instituciones para coadyuvar en la custodia del patrimonio de las y los tlaxcaltecas, el mismo que desde hace un a\u00f1o es formalmente herencia de Tlaxcala para el mundo.<\/p>\n<p style=\"text-align: justify;\">En la ceremonia de conmemoraci\u00f3n estuvieron presentes Sergio Gonz\u00e1lez Hern\u00e1ndez, Secretario de Gobierno, en representaci\u00f3n de la gobernadora Lorena Cu\u00e9llar; Antonio Mart\u00ednez Vel\u00e1zquez, secretario de Cultura de Tlaxcala, Homero Meneses Hern\u00e1ndez, secretario de Educaci\u00f3n P\u00fablica del Estado, Jos\u00e9 Vicente de la Rosa Herrera, director del Centro INAH Tlaxcala; Francisco Vidargas Acosta, de la Direcci\u00f3n de Patrimonio Mundial y Punto Focal Nacional Cultural ante UNESCO y Jos\u00e9 Antonio Aguilar Dur\u00e1n, Secretario T\u00e9cnico del CONSEJO; as\u00ed como Josefina Rodr\u00edguez Zamora, secretaria de Turismo; Luis Armando Gonz\u00e1lez Placencia, rector de la UATx y Alfonso S\u00e1nchez Garc\u00eda, secretario de Infraestructura.<\/p>\n<p style=\"text-align: justify;\">Al finalizar el acto protocolario, alumnas y alumnos de diversas instituciones de educaci\u00f3n b\u00e1sica de la capital, fueron reconocidos por el CONSAFRAN como Custodios Infantiles Honor\u00edficos del Patrimonio Cultural.<\/p>\n<p style=\"text-align: justify;\"><img loading=\"lazy\" decoding=\"async\" class=\"alignnone wp-image-13586 size-full\" src=\"https:\/\/labestiapolitica.com.mx\/wp-content\/uploads\/2022\/07\/corichi44.jpg\" alt=\"\" width=\"1000\" height=\"600\" \/><\/p>\n","protected":false},"excerpt":{"rendered":"<p>El presidente Jorge Corichi reafirma trabajo colaborativo con autoridades estatales y federales para la conservaci\u00f3n del patrimonio de las y los tlaxcaltecas. El presidente municipal de Tlaxcala, Jorge Corichi, particip\u00f3 junto con autoridades estatales y federales en la Conmemoraci\u00f3n del Aniversario de la Declaratoria del Conjunto Conventual Franciscano y Catedralicio de Nuestra Se\u00f1ora de la [&hellip;]<\/p>\n","protected":false},"author":3,"featured_media":0,"comment_status":"open","ping_status":"open","sticky":false,"template":"","format":"standard","meta":{"footnotes":""},"categories":[7],"tags":[],"class_list":["post-13584","post","type-post","status-publish","format-standard","hentry","category-ciudadanos"],"amp_enabled":true,"_links":{"self":[{"href":"https:\/\/labestiapolitica.com.mx\/index.php?rest_route=\/wp\/v2\/posts\/13584","targetHints":{"allow":["GET"]}}],"collection":[{"href":"https:\/\/labestiapolitica.com.mx\/index.php?rest_route=\/wp\/v2\/posts"}],"about":[{"href":"https:\/\/labestiapolitica.com.mx\/index.php?rest_route=\/wp\/v2\/types\/post"}],"author":[{"embeddable":true,"href":"https:\/\/labestiapolitica.com.mx\/index.php?rest_route=\/wp\/v2\/users\/3"}],"replies":[{"embeddable":true,"href":"https:\/\/labestiapolitica.com.mx\/index.php?rest_route=%2Fwp%2Fv2%2Fcomments&post=13584"}],"version-history":[{"count":1,"href":"https:\/\/labestiapolitica.com.mx\/index.php?rest_route=\/wp\/v2\/posts\/13584\/revisions"}],"predecessor-version":[{"id":13587,"href":"https:\/\/labestiapolitica.com.mx\/index.php?rest_route=\/wp\/v2\/posts\/13584\/revisions\/13587"}],"wp:attachment":[{"href":"https:\/\/labestiapolitica.com.mx\/index.php?rest_route=%2Fwp%2Fv2%2Fmedia&parent=13584"}],"wp:term":[{"taxonomy":"category","embeddable":true,"href":"https:\/\/labestiapolitica.com.mx\/index.php?rest_route=%2Fwp%2Fv2%2Fcategories&post=13584"},{"taxonomy":"post_tag","embeddable":true,"href":"https:\/\/labestiapolitica.com.mx\/index.php?rest_route=%2Fwp%2Fv2%2Ftags&post=13584"}],"curies":[{"name":"wp","href":"https:\/\/api.w.org\/{rel}","templated":true}]}}