{"id":13603,"date":"2022-07-28T06:30:32","date_gmt":"2022-07-28T06:30:32","guid":{"rendered":"https:\/\/labestiapolitica.com.mx\/?p=13603"},"modified":"2022-07-28T06:30:32","modified_gmt":"2022-07-28T06:30:32","slug":"resumen-notas-informativas-del-gobierno-de-tlaxcala","status":"publish","type":"post","link":"https:\/\/labestiapolitica.com.mx\/?p=13603","title":{"rendered":"Resumen notas informativas del gobierno de Tlaxcala"},"content":{"rendered":"<p style=\"text-align: justify;\">COBAT E ITIFE FIRMAN CONVENIO DE COLABORACION PARA MEJOR INFRAESTRUCTURA<\/p>\n<p style=\"text-align: justify;\">*Planteles de Panotla, Papalotla y Texoloc ser\u00e1n beneficiados con el programa FAM 2022<\/p>\n<p style=\"text-align: justify;\">El Instituto Tlaxcalteca de Infraestructura F\u00edsica Educativa (Itife) y el Colegio de Bachilleres del Estado de Tlaxcala (Cobat) signaron un convenio de colaboraci\u00f3n para beneficiar a los planteles y alumnos con infraestructura para un mejor desarrollo acad\u00e9mico.<\/p>\n<p style=\"text-align: justify;\">Lo anterior, mediante el Fondo de Aportaciones M\u00faltiples (FAM), que integra el ramo general 33, compuesto por tres subfondos, de los cuales uno se asigna para la atenci\u00f3n de las necesidades relacionadas con la creaci\u00f3n, mantenimiento y rehabilitaci\u00f3n de la infraestructura f\u00edsica de la educaci\u00f3n.<\/p>\n<p style=\"text-align: justify;\">En este a\u00f1o se priorizaron el plantel 11 de Panotla, 13 de Papalotla y el 22 ubicado en Texoloc, los cuales recibir\u00e1n mobiliario y equipamiento en los laboratorios de ingl\u00e9s e inform\u00e1tica, computadoras de escritorio, mesas binarias, sillas, proyectores y equipos de audio, con un total de mil 742 alumnos beneficiados.<\/p>\n<p style=\"text-align: justify;\">El director general del Cobat, Darwin P\u00e9rez y P\u00e9rez agradeci\u00f3 el respaldo en las diferentes gestiones por parte del Itife y se\u00f1al\u00f3 que las acciones, as\u00ed como la ejecuci\u00f3n de este recurso para equipar aulas de ingl\u00e9s y de computaci\u00f3n son importantes, ya que brindan a los alumnos las herramientas necesarias para una educaci\u00f3n de calidad.<\/p>\n<p style=\"text-align: justify;\">Por su parte, el director del Itife, Miguel Piedras D\u00edaz mencion\u00f3 la disposici\u00f3n y el acompa\u00f1amiento con el Cobat, adem\u00e1s de la colaboraci\u00f3n para un mejor trabajo de toda la comunidad estudiantil y se\u00f1al\u00f3 que se proporcionar\u00e1 la mejor calidad en el equipamiento a los planteles beneficiados.<\/p>\n<p><img loading=\"lazy\" decoding=\"async\" class=\"alignnone wp-image-13604 size-full\" src=\"https:\/\/labestiapolitica.com.mx\/wp-content\/uploads\/2022\/07\/eeeeeeeee-1.jpg\" alt=\"\" width=\"1000\" height=\"600\" \/><\/p>\n<p>&nbsp;<\/p>\n<p style=\"text-align: justify;\">FIRMAN CONVENIO DE COLABORACI\u00d3N TECNOL\u00d3GICO DE TLAXCO Y CASA DE LAS ARTESAN\u00cdAS DE TLAXCALA<\/p>\n<p style=\"text-align: justify;\">*Buscar\u00e1n fomentar y mantener las actividades art\u00edsticas y culturales del estado<\/p>\n<p style=\"text-align: justify;\">El Instituto Tecnol\u00f3gico Superior de Tlaxco (ITST) llev\u00f3 a cabo la firma de convenio de colaboraci\u00f3n con Casa de las Artesan\u00edas de Tlaxcala (CAT), con el objetivo de mantener y fomentar las tradiciones por medio de la comunidad estudiantil.<\/p>\n<p style=\"text-align: justify;\">Asimismo, los alumnos del ITST podr\u00e1n realizar su servicio social y pr\u00e1cticas profesionales en la CAT, para conocer el proceso de los artesanos y aportar sus conocimientos adquiridos en las ingenier\u00edas con las que cuenta el Tecnol\u00f3gico de Tlaxco, principalmente Log\u00edstica y Gesti\u00f3n Empresarial, las cuales podr\u00e1n apoyar a la comercializaci\u00f3n de los productos en diversas partes del pa\u00eds y del extranjero.<\/p>\n<p style=\"text-align: justify;\">Durante la firma del convenio se cont\u00f3 con la presencia de Sa\u00fal P\u00e9rez Bravo, titular de la CAT y Blas Marvin Mora Olvera, director general del ITST, quien mencion\u00f3 que \u201cel Tecnol\u00f3gico de Tlaxco est\u00e1 comprometido con la formaci\u00f3n de cada persona y lograr el desarrollo profesional tanto de los alumnos como de la parte trabajadora. Por ello, invito al personal de la CAT, de las dependencias y de las empresas, a estudiar con nosotros; el instituto es el ente de educaci\u00f3n superior m\u00e1s econ\u00f3mico del estado de Tlaxcala\u201d.<\/p>\n<p style=\"text-align: justify;\">Al culminar la firma del convenio, se estableci\u00f3 el orden que se llevar\u00e1 a cabo para lograr un trabajo en conjunto y de manera colaborativa, para as\u00ed consolidar la transformaci\u00f3n y el desarrollo de Tlaxcala.<\/p>\n<p><img loading=\"lazy\" decoding=\"async\" class=\"alignnone wp-image-13605 size-full\" src=\"https:\/\/labestiapolitica.com.mx\/wp-content\/uploads\/2022\/07\/tlaxco-.jpg\" alt=\"\" width=\"1000\" height=\"600\" \/><\/p>\n<p>&nbsp;<\/p>\n<p style=\"text-align: justify;\">ENTREGAN CONSTANCIAS DE \u201cCRIANZA POSITIVA\u201d A INTERNAS DE TLAXCALA<\/p>\n<p style=\"text-align: justify;\">*Fueron 17 mujeres que recibieron su constancia tras dos meses de capacitaci\u00f3n por parte de instructores de Fundaci\u00f3n Televisa<\/p>\n<p style=\"text-align: justify;\">Un total de 17 internas del Centro de Reinserci\u00f3n Social (Cereso) femenil, ubicado en Apizaco, obtuvieron su constancia de acreditaci\u00f3n tras participar en la segunda etapa de capacitaci\u00f3n denominada \u201cCrianza Positiva\u201d, cuya finalidad es que las mujeres privadas de su libertad eduquen y acompa\u00f1en a sus hijos e hijas de forma positiva.<\/p>\n<p style=\"text-align: justify;\">Este programa que se lleva en conjunto con la Fundaci\u00f3n Televisa, la Confederaci\u00f3n Patronal de la Rep\u00fablica Mexicana (Coparmex) de la Ciudad de M\u00e9xico, el Gobierno de Tlaxcala y la Secretar\u00eda de Seguridad Ciudadana (SSC), busca dotar de herramientas a las madres de familia, de tal manera que cuando salgan del Cereso, progresen y se incorporen sin problema a la sociedad.<\/p>\n<p style=\"text-align: justify;\">Al respecto, el titular de la Direcci\u00f3n de Prevenci\u00f3n y Reinserci\u00f3n Social de la SSC, Salom\u00f3n Amador Gonz\u00e1lez expres\u00f3 que este programa es una muestra de la corresponsabilidad que tienen las instituciones p\u00fablicas y privadas para logar una verdadera reinserci\u00f3n social que cumpla lo que marca la Ley Nacional de Ejecuci\u00f3n Penal.<\/p>\n<p style=\"text-align: justify;\">\u201cHoy adem\u00e1s de los esfuerzos del gobierno, se suma la sociedad civil y el mensaje es muy importante, porque solo as\u00ed con la corresponsabilidad es como lograremos una verdadera reinserci\u00f3n social, una verdadera reconstrucci\u00f3n del tejido social\u201d, expuso.<\/p>\n<p style=\"text-align: justify;\">En su intervenci\u00f3n, el coordinador del programa \u201cEmpieza Temprano\u201d, de Fundaci\u00f3n Televisa, Manuel Bravo Valladolid felicit\u00f3 a las internas quienes, en un periodo de dos meses, trabajaron en t\u00e9rminos educativos y de salud mental para permitirles reinventarse y cumplir sus objetivos como madres.<\/p>\n<p style=\"text-align: justify;\">Por su lado, el vicepresidente de Seguridad y Justicia de Coparmex de la Ciudad de M\u00e9xico, H\u00e9ctor Manuel Romero S\u00e1nchez reconoci\u00f3 la suma de voluntades de las distintas dependencias que se involucraron para acompa\u00f1ar a las internas en su proceso de capacitaci\u00f3n.<\/p>\n<p style=\"text-align: justify;\">Cabe destacar que en el evento tambi\u00e9n estuvo presente Karla Azc\u00e1rraga Jean, l\u00edder de capacitaci\u00f3n del programa \u201cEmpieza temprano\u201d, de Fundaci\u00f3n Televisa; C\u00e9sar Javier Payares Ortega, representante de la subdirecci\u00f3n de \u00e1rea de la Secretar\u00eda de Gobernaci\u00f3n; Janeth Aguilar Flores, directora del Anexo Femenil; as\u00ed como la presidenta de la Comisi\u00f3n Estatal de Derechos Humanos (CEDH), Jakqueline Ordo\u00f1ez Brasdefer, y personal del Cereso femenil y varonil que tambi\u00e9n se ubica en Apizaco.<\/p>\n<p style=\"text-align: justify;\">\n<p style=\"text-align: justify;\"><img loading=\"lazy\" decoding=\"async\" class=\"alignnone wp-image-13606 size-full\" src=\"https:\/\/labestiapolitica.com.mx\/wp-content\/uploads\/2022\/07\/ffffffff.jpg\" alt=\"\" width=\"1000\" height=\"600\" \/><\/p>\n<p style=\"text-align: justify;\">\n<p style=\"text-align: justify;\">SEPE-USET INFORMAN QUE NO SE CONDICIONAR\u00c1 LA ENTREGA DE DOCUMENTOS OFICIALES<\/p>\n<p style=\"text-align: justify;\">*La instituci\u00f3n estar\u00e1 atenta en caso de que suceda alg\u00fan hecho que vaya en contra de lo establecido<\/p>\n<p style=\"text-align: justify;\">Autoridades de la Secretar\u00eda de Educaci\u00f3n P\u00fablica del Estado (SEPE) y de la Unidad de Servicios Educativos de Tlaxcala (USET) informan a los padres de familia que ninguna instituci\u00f3n oficial de educaci\u00f3n deber\u00e1 condicionar la entrega de documentos por ning\u00fan motivo.<\/p>\n<p style=\"text-align: justify;\">El secretario de Educaci\u00f3n P\u00fablica del estado, Homero Meneses Hern\u00e1ndez afirm\u00f3 que la dependencia a su cargo se mantendr\u00e1 atenta a los comentarios que emitan las madres y padres de familia.<\/p>\n<p style=\"text-align: justify;\">\u201cLos directivos de las escuelas conocen muy bien las funciones, obligaciones y responsabilidades que establece la ley y bajo ning\u00fan motivo se debe condicionar la entrega de documentos oficiales a las y los alumnos que concluyan su educaci\u00f3n y avancen al siguiente nivel educativo; la entrega de los documentos se deber\u00e1 realizar ajeno al tema de las cuotas escolares\u201d, afirm\u00f3.<\/p>\n<p style=\"text-align: justify;\">El funcionario dijo que las cuotas escolares son acuerdos entre los padres de familia, que aprueban en asamblea previo al inicio de cada ciclo escolar, dicho acuerdo para la aportaci\u00f3n voluntaria econ\u00f3mica a la escuela, es ajena a la educaci\u00f3n laica y gratuita que indica el art\u00edculo tercero constitucional.<\/p>\n<p style=\"text-align: justify;\">Todos los niveles educativos est\u00e1n sabedores que no se debe limitar la entrega de documentos oficiales a las madres y padres de familia.<\/p>\n<p><img loading=\"lazy\" decoding=\"async\" class=\"alignnone wp-image-13607 size-full\" src=\"https:\/\/labestiapolitica.com.mx\/wp-content\/uploads\/2022\/07\/qqq.jpg\" alt=\"\" width=\"1000\" height=\"600\" \/><\/p>\n<p>&nbsp;<\/p>\n<p style=\"text-align: justify;\">ATIENDE SIA A 199 PRODUCTORES DE DURAZNO EN 16 MUNICIPIOS DE LA ENTIDAD<\/p>\n<p style=\"text-align: justify;\">*Se cuenta con 21 variedades de las cuales cinco son las m\u00e1s representativas en el estado<\/p>\n<p style=\"text-align: justify;\">El gobierno del estado, a trav\u00e9s de la Secretar\u00eda de Impulso Agropecuario (SIA), mantiene un acompa\u00f1amiento t\u00e9cnico directo durante todo el a\u00f1o a productoras y productores de durazno, por lo que atiende a 199 fruticultores en 16 municipios, quienes producen m\u00e1s de 2 mil 552 toneladas al a\u00f1o.<\/p>\n<p style=\"text-align: justify;\">Durante un d\u00eda demostrativo con el grupo \u201cProductores de durazno selecto de Tlaxcala\u201d, realizado en Concepci\u00f3n Hidalgo, municipio de Atltzayanca, el titular de Impulso Agropecuario, Rafael de la Pe\u00f1a Bernal inform\u00f3 que con la capacitaci\u00f3n se conserva la biodiversidad, se le hace frente al cambio clim\u00e1tico con una producci\u00f3n org\u00e1nica, logrando que la fruticultura local sea un agente generador de empleos y representa un aumento en los ingresos de muchas familias rurales.<\/p>\n<p style=\"text-align: justify;\">De la Pe\u00f1a Bernal coment\u00f3 que \u201cla producci\u00f3n de durazno en la entidad est\u00e1 distribuida de julio a agosto, con 21 variedades. de las cuales cinco son las m\u00e1s representativas como el Roc\u00edo o Toro, Escarcha o Tetela, Atlax, Amarillo, Oro de Tlaxcala y variedades de CNF1, Atardecer, Fresnillo, Arcanzas, Oro Azteca, entre otras\u201d.<\/p>\n<p style=\"text-align: justify;\">Por su parte, el director de Desarrollo Rural, Ismael Quintero Hern\u00e1ndez dijo que \u201cel intermediarismo est\u00e1 presente en m\u00e1s de un 80 por ciento de la comercializaci\u00f3n y representa una de las formas m\u00e1s comunes de la venta de la fruta en fresco, por ello, a trav\u00e9s de la asistencia t\u00e9cnica, se ha planteado el tema de dar valor agregado con colecta, selecci\u00f3n y dar tratamiento a las frutas para aumentar la vida de anaquel del durazno, as\u00ed como su transformaci\u00f3n como alternativa socioecon\u00f3mica\u201d.<\/p>\n<p style=\"text-align: justify;\">Al evento se dieron cita productores del estado, en donde expusieron las innovaciones aprendidas con apoyo del personal t\u00e9cnico, mostraron el uso e importancia de los injertos en la producci\u00f3n de durazno, tipos de poda, manejo de las principales plagas y enfermedades en el cultivo, as\u00ed como las variedades de \u00e1rboles con las que ellos cuentan en sus huertas.<\/p>\n<p style=\"text-align: justify;\">De esta forma, la SIA fortalece la actividad primaria en Tlaxcala y atiende las necesidades agr\u00edcolas de las familias rurales.<\/p>\n<p>&nbsp;<\/p>\n<p><img loading=\"lazy\" decoding=\"async\" class=\"alignnone wp-image-13608 size-full\" src=\"https:\/\/labestiapolitica.com.mx\/wp-content\/uploads\/2022\/07\/3333.jpg\" alt=\"\" width=\"1000\" height=\"600\" \/><\/p>\n<p>&nbsp;<\/p>\n<p style=\"text-align: justify;\">AUTORIDADES EDUCATIVAS ASISTEN A CEREMONIA DE CLAUSURA EN PRIMARIA \u201cCANDELARIO NAVA JIM\u00c9NEZ\u201d<\/p>\n<p style=\"text-align: justify;\">*Se reconoci\u00f3 a los maestros por su compromiso y responsabilidad con las y los alumnos<\/p>\n<p style=\"text-align: justify;\">Al asistir a la ceremonia de clausura de la generaci\u00f3n 2016-2022 de la escuela primaria \u201cProf. Candelario Nava Jim\u00e9nez\u201d de la ciudad capital, el secretario de Educaci\u00f3n, Homero Meneses Hern\u00e1ndez habl\u00f3 del compromiso de la gobernadora Lorena Cu\u00e9llar Cisneros con la educaci\u00f3n, a trav\u00e9s del programa \u201cLa escuela es de las y los tlaxcaltecas\u201d.<\/p>\n<p style=\"text-align: justify;\">Durante el acto que se llev\u00f3 a cabo en la explanada de la escuela Normal Urbana Federal \u201cEmilio S\u00e1nchez Piedras\u201d, agradeci\u00f3 a las maestras y maestros que trabajaron directamente en este periodo de pandemia.<\/p>\n<p style=\"text-align: justify;\">En presencia de autoridades educativas, personal docente, padres de familia y las 75 alumnas y alumnos egresados, explic\u00f3 que con la finalidad de contribuir a la econom\u00eda de las familias tlaxcaltecas, se est\u00e1 migrando a un esquema de uniforme \u00fanico para el nivel de educaci\u00f3n b\u00e1sica y media superior.<\/p>\n<p style=\"text-align: justify;\">Por ello, se\u00f1al\u00f3 que en los pr\u00f3ximos 180 d\u00edas los diferentes niveles educativos de preescolar, primaria y secundaria en sus diferentes modalidades y los bachilleratos, habr\u00e1n de establecer el uniforme \u00fanico, bajo especificaciones para cada nivel y modalidad que se usar\u00e1n a partir del ciclo escolar 2023-2024.<\/p>\n<p style=\"text-align: justify;\">Asimismo, refiri\u00f3 que la instituci\u00f3n educativa recibir\u00e1 para el pr\u00f3ximo ciclo escolar 2022-2023 una aportaci\u00f3n a trav\u00e9s del programa espejo \u201cLa Escuela es de las y los tlaxcaltecas\u201d que administrar\u00e1 el Comit\u00e9 de Padres de Familia, a fin de cubrir las necesidades m\u00e1s apremiantes de la instituci\u00f3n.<\/p>\n<p style=\"text-align: justify;\">\u201cNo queremos prohibir las cuotas escolares, porque en muchas ocasiones son necesarias, buscamos que los gobiernos se comprometan con la gratuidad de la educaci\u00f3n para que nunca m\u00e1s se le cierre la escuela a un ni\u00f1o o ni\u00f1a porque no hay una aportaci\u00f3n, \u00e9stas pueden ser necesarias, pero nunca obligatorias\u201d.<\/p>\n<p style=\"text-align: justify;\">En su intervenci\u00f3n, el director de la escuela primaria, Hilario Piantzi Salda\u00f1a resalt\u00f3 el compromiso, entrega y dedicaci\u00f3n de las y los maestros que durante este ciclo escolar cumplieron con los planes y programas que estableci\u00f3 la SEP federal, para que sus alumnos puedan continuar con su instrucci\u00f3n secundaria.<\/p>\n<p style=\"text-align: justify;\">Como parte de esta ceremonia, se llev\u00f3 a cabo el \u00faltimo pase de lista a las y los graduados por sus maestras de sexto a\u00f1o, as\u00ed como la entrega de un presente que obsequi\u00f3 el padrino de generaci\u00f3n.<\/p>\n<p><img loading=\"lazy\" decoding=\"async\" class=\"alignnone wp-image-13609 size-full\" src=\"https:\/\/labestiapolitica.com.mx\/wp-content\/uploads\/2022\/07\/444.jpg\" alt=\"\" width=\"1000\" height=\"600\" \/><\/p>\n","protected":false},"excerpt":{"rendered":"<p>COBAT E ITIFE FIRMAN CONVENIO DE COLABORACION PARA MEJOR INFRAESTRUCTURA *Planteles de Panotla, Papalotla y Texoloc ser\u00e1n beneficiados con el programa FAM 2022 El Instituto Tlaxcalteca de Infraestructura F\u00edsica Educativa (Itife) y el Colegio de Bachilleres del Estado de Tlaxcala (Cobat) signaron un convenio de colaboraci\u00f3n para beneficiar a los planteles y alumnos con infraestructura [&hellip;]<\/p>\n","protected":false},"author":3,"featured_media":0,"comment_status":"open","ping_status":"open","sticky":false,"template":"","format":"standard","meta":{"footnotes":""},"categories":[7],"tags":[],"class_list":["post-13603","post","type-post","status-publish","format-standard","hentry","category-ciudadanos"],"amp_enabled":true,"_links":{"self":[{"href":"https:\/\/labestiapolitica.com.mx\/index.php?rest_route=\/wp\/v2\/posts\/13603","targetHints":{"allow":["GET"]}}],"collection":[{"href":"https:\/\/labestiapolitica.com.mx\/index.php?rest_route=\/wp\/v2\/posts"}],"about":[{"href":"https:\/\/labestiapolitica.com.mx\/index.php?rest_route=\/wp\/v2\/types\/post"}],"author":[{"embeddable":true,"href":"https:\/\/labestiapolitica.com.mx\/index.php?rest_route=\/wp\/v2\/users\/3"}],"replies":[{"embeddable":true,"href":"https:\/\/labestiapolitica.com.mx\/index.php?rest_route=%2Fwp%2Fv2%2Fcomments&post=13603"}],"version-history":[{"count":1,"href":"https:\/\/labestiapolitica.com.mx\/index.php?rest_route=\/wp\/v2\/posts\/13603\/revisions"}],"predecessor-version":[{"id":13610,"href":"https:\/\/labestiapolitica.com.mx\/index.php?rest_route=\/wp\/v2\/posts\/13603\/revisions\/13610"}],"wp:attachment":[{"href":"https:\/\/labestiapolitica.com.mx\/index.php?rest_route=%2Fwp%2Fv2%2Fmedia&parent=13603"}],"wp:term":[{"taxonomy":"category","embeddable":true,"href":"https:\/\/labestiapolitica.com.mx\/index.php?rest_route=%2Fwp%2Fv2%2Fcategories&post=13603"},{"taxonomy":"post_tag","embeddable":true,"href":"https:\/\/labestiapolitica.com.mx\/index.php?rest_route=%2Fwp%2Fv2%2Ftags&post=13603"}],"curies":[{"name":"wp","href":"https:\/\/api.w.org\/{rel}","templated":true}]}}