{"id":13632,"date":"2022-07-28T07:58:50","date_gmt":"2022-07-28T07:58:50","guid":{"rendered":"https:\/\/labestiapolitica.com.mx\/?p=13632"},"modified":"2022-08-01T07:59:31","modified_gmt":"2022-08-01T07:59:31","slug":"resumen-informativo-del-gobierno-de-tlaxcala-destacan-avances-en-seguridad-y-asistencia-social","status":"publish","type":"post","link":"https:\/\/labestiapolitica.com.mx\/?p=13632","title":{"rendered":"Resumen informativo del Gobierno de Tlaxcala, destacan avances en seguridad y asistencia social"},"content":{"rendered":"<p style=\"text-align: justify;\">SE HAN EJECUTADO 22 \u00d3RDENES DE APREHENSI\u00d3N POR EL DELITO DE HOMICIDIO DE ENERO A JUNIO: PGJE<\/p>\n<p style=\"text-align: justify;\">*Los mandamientos judiciales por este il\u00edcito fueron cumplimentados en Tlaxcala y otras entidades para llevarlos ante el Juez de la Causa<\/p>\n<p style=\"text-align: justify;\">La titular de la Procuradur\u00eda General de Justicia del Estado (PGJE), Ernestina Carro Rold\u00e1n inform\u00f3 que se ejecutaron 22 \u00f3rdenes de aprehensi\u00f3n de enero a junio de 2022 por el delito de homicidio, cumpliment\u00e1ndose 16 en Tlaxcala, una en Jalisco, otra en Yucat\u00e1n, otra m\u00e1s en el estado de Puebla, otra en Hidalgo y dos en Ciudad de M\u00e9xico (CDMX).<\/p>\n<p style=\"text-align: justify;\">As\u00ed lo dio a conocer durante la presentaci\u00f3n del Informe sobre Incidencia Delictiva correspondiente al segundo trimestre del a\u00f1o que se realiz\u00f3 en Centro Estatal de Evaluaci\u00f3n y Control de Confianza (C3) de Tlaxcala este jueves, y que cont\u00f3 con la presencia de la gobernadora Lorena Cu\u00e9llar Cisneros y autoridades que integran el Gabinete de Seguridad.<\/p>\n<p style=\"text-align: justify;\">La procuradora hizo \u00e9nfasis que, de enero a junio, 719 carpetas de investigaci\u00f3n fueron judicializadas, se cumplimentaron 142 \u00f3rdenes de aprehensi\u00f3n y el agente del Ministerio P\u00fablico vincul\u00f3 a proceso a 239 personas por diversos delitos, entre ellos homicidio calificado, violaci\u00f3n, secuestro, privaci\u00f3n ilegal de la libertad, allanamiento de morada y da\u00f1os, entre otros, adem\u00e1s de que el agente del Ministerio P\u00fablico del fuero com\u00fan consigui\u00f3 siete sentencias condenatorias por juicio.<\/p>\n<p style=\"text-align: justify;\">Precis\u00f3 que en el delito de homicidio doloso existen este a\u00f1o 41 carpetas de investigaci\u00f3n y mencion\u00f3 que nueve de las v\u00edctimas fueron localizadas en la zona lim\u00edtrofe entre Puebla y Tlaxcala, lo que significa que no necesariamente fue el lugar de la muerte, sino del hallazgo y por lo que se va a determinar la competencia respectiva.<\/p>\n<p style=\"text-align: justify;\">Refiri\u00f3 que en robo a transe\u00fante en v\u00eda p\u00fablica durante el segundo trimestre tambi\u00e9n hubo una disminuci\u00f3n del 35.5 por ciento. En 2022, la PGJE integr\u00f3 20 expedientes en comparaci\u00f3n con 2021 cuando fueron 31.<\/p>\n<p style=\"text-align: justify;\">Finalmente, sostuvo que dentro de las acciones realizadas en el Centro de Justicia para las Mujeres (CJM) durante este semestre fueron atendidas 5 mil 770 personas en diferentes servicios como trabajo social, psicolog\u00eda, Ministerio P\u00fablico y solicitud de orden de protecci\u00f3n.<\/p>\n<p style=\"text-align: justify;\">ENTREGA SEDIF CARTAS DE PRESENTACI\u00d3N PARA SERVICIO SOCIAL Y FIRMAS DE CONVENIOS<\/p>\n<p style=\"text-align: justify;\">*Mediante esta colaboraci\u00f3n se abre un nuevo futuro para los j\u00f3venes estudiantes e investigadores universitarios<\/p>\n<p style=\"text-align: justify;\">El Sistema Estatal para el Desarrollo Integral de la Familia (Sedif) realiz\u00f3 la entrega de Cartas de Presentaci\u00f3n para Servicio Social a pasantes de medicina, enfermer\u00eda, odontolog\u00eda, nutrici\u00f3n y fisioterapia, as\u00ed como la firma de convenios con las universidades Popular del Estado de Tlaxcala (Upet), Tolteca de M\u00e9xico, del Valle de Puebla (UVP) y Mexicana de Puebla, con el prop\u00f3sito de fomentar y fortalecer la formaci\u00f3n profesional.<\/p>\n<p>El evento estuvo encabezado por la presidenta honor\u00edfica del Sistema Estatal DIF, Mariana Espinosa de los Monteros Cu\u00e9llar, quien en su mensaje destac\u00f3 la decisi\u00f3n de las y los universitarios por realizar su servicio social en una instituci\u00f3n dedicada a la atenci\u00f3n de sectores vulnerables y agreg\u00f3 que con su dedicaci\u00f3n, conocimientos y profesionalismo se fortalecer\u00e1n los sistemas de salud de los DIF estatal y municipales.<\/p>\n<p style=\"text-align: justify;\">Tambi\u00e9n, \u201cpermitir\u00e1n mejorar la atenci\u00f3n de la poblaci\u00f3n, impulsando y favoreciendo los procesos operativos y de desarrollo institucional, robusteciendo la capacidad para optimizar dise\u00f1ar, ejecutar, resignificar y elevar la calidad de los servicios\u201d, puntualiz\u00f3.<\/p>\n<p style=\"text-align: justify;\">Acompa\u00f1ada de la directora general del Sedif, Flor L\u00f3pez Hinojosa, as\u00ed como de directivos y representantes de las universidades y del Sistema Estatal DIF, explic\u00f3 que un total de 132 pasantes de servicio social iniciar\u00e1n el periodo 01 de agosto 2022 al 31 de julio de 2023 para reforzar el sistema de salud del DIF estatal y los municipales.<\/p>\n<p style=\"text-align: justify;\">Adem\u00e1s, 24 pasantes de servicio social de medicina, 10 de servicio social de odontolog\u00eda, 54 universitarios en el servicio social de enfermer\u00eda, 18 en nutrici\u00f3n y 26 en fisioterapia de las universidades Aut\u00f3noma de Tlaxcala, del Valle de Puebla y Popular del Estado de Tlaxcala, as\u00ed como del Centro Universitario Iberoamericano en Humanidades y Ciencias de la Salud, de las Escuelas de Enfermer\u00eda \u201cIsabel de Hungr\u00eda\u201d y \u201cFlorencia Nightingale\u201d, apoyar\u00e1n con consultas y atenci\u00f3n en la Unidad M\u00f3vil de Servicios M\u00e9dicos, en el Centro de Asistencia Social, albergues y en la Direcci\u00f3n de Servicios de Salud del Sedif y de sistemas municipales DIF.<\/p>\n<p style=\"text-align: justify;\">Se firmaron cuatro convenios de colaboraci\u00f3n con las universidades Popular del Estado de Tlaxcala, del Valle de Puebla, Tolteca y Mexicana de Puebla, en las \u00e1reas de medicina, enfermer\u00eda, nutrici\u00f3n, odontolog\u00eda y fisioterapia, para fortalecer y fomentar la formaci\u00f3n profesional.<\/p>\n<p style=\"text-align: justify;\">En su discurso, la vicerrectora de Administraci\u00f3n y Finanzas de la UVP, Irma Illescas Lozano destac\u00f3 que la apertura de campos cl\u00ednicos en Tlaxcala permitir\u00e1 ofrecer un servicio social a la comunidad universitaria, pero adem\u00e1s sumar\u00e1 esfuerzos en la conducci\u00f3n de la asistencia social que promueve el Sedif.<\/p>\n<p style=\"text-align: justify;\">Al respecto, el apoderado legal de la Universidad Popular del Estado de Tlaxcala, Miguel \u00c1ngel Ramos Cervantes consider\u00f3 que esta suma de esfuerzos entre instituciones educativas de nivel superior y dependencias gubernamentales, permite a las y los universitarios mostrar su capacidad y conocimientos en beneficio de la comunidad, as\u00ed como afrontar los retos que ambas instituciones tienen.<\/p>\n<p><img loading=\"lazy\" decoding=\"async\" class=\"alignnone wp-image-13633 size-full\" src=\"https:\/\/labestiapolitica.com.mx\/wp-content\/uploads\/2022\/07\/seede.jpg\" alt=\"\" width=\"1000\" height=\"600\" \/><\/p>\n<p style=\"text-align: justify;\">COBAT RECONOCE A LOS ALUMNOS DESTACADOS<\/p>\n<p style=\"text-align: justify;\">*Se entregaron 148 documentos de \u201cExcelencia Bachiller\u201d<\/p>\n<p style=\"text-align: justify;\">El Colegio de Bachilleres del Estado de Tlaxcala (Cobat) entreg\u00f3 los reconocimientos de \u201cExcelencia Bachiller\u201d a 148 estudiantes de los 24 planteles y cinco telebachilleratos pertenecientes al subsistema. Con ello se enaltece la constancia y el compromiso de las y los alumnos con el aprovechamiento acad\u00e9mico.<\/p>\n<p style=\"text-align: justify;\">\u201cExcelencia Bachiller\u201d es el documento distintivo que reconoce al alumno acad\u00e9micamente por lograr un aprovechamiento ejemplar, adem\u00e1s de una buena conducta, pr\u00e1ctica de valores y de actividades extracurriculares. Con ello se motiva la dedicaci\u00f3n del estudiante a la educaci\u00f3n integral que se imparte en el Colegio.<\/p>\n<p style=\"text-align: justify;\">Por primera vez se entreg\u00f3 este reconocimiento a estudiantes con un promedio m\u00ednimo de 9.8, adem\u00e1s de contar con destacadas participaciones en el \u00e1mbito deportivo, cultural, cient\u00edfico, tecnol\u00f3gico, human\u00edstico y brindar asistencia social en su comunidad.<\/p>\n<p style=\"text-align: justify;\">El evento tuvo lugar en el gimnasio del plantel 01 de Tlaxcala, a donde asistieron el jefe del departamento de Educaci\u00f3n Media Superior y Terminal de la USET, Jos\u00e9 Lucio P\u00e9rez Fragoso; la rectora de la Universidad Metropolitana de Tlaxcala (UMT), Marcelina Cruz Ordaz y Marco Antonio Morales Miguel, en representaci\u00f3n del Instituto Tecnol\u00f3gico Superior de Tlaxco.<\/p>\n<p style=\"text-align: justify;\">El director general del Cobat, Darwin P\u00e9rez y P\u00e9rez se\u00f1al\u00f3 que la raz\u00f3n e intenci\u00f3n de la entrega de estos reconocimientos es dejar constancia del esfuerzo y la disciplina que las y los alumnos demostraron durante su estancia en el Colegio.<\/p>\n<p style=\"text-align: justify;\">Agreg\u00f3 que el Cobat entrega una generaci\u00f3n de m\u00e1s de 5 mil alumnos, una generaci\u00f3n en la cual los directivos, los maestros y el personal administrativo puso todo el empe\u00f1o en formar y en transmitir los conocimientos a los egresados que durante seis semestres pertenecieron orgullosamente a esta instituci\u00f3n.<\/p>\n<p style=\"text-align: justify;\">DIFUNDE IEM MEDIDAS DE PREVENCI\u00d3N DE LA VIOLENCIA A TRAV\u00c9S DE CAPACITACI\u00d3N<\/p>\n<p style=\"text-align: justify;\">*Los cursos han sido para autoridades estatales, municipales, iniciativa privada y sociedad en general<\/p>\n<p style=\"text-align: justify;\">El gobierno de Tlaxcala y el Instituto Estatal de la Mujer (IEM) han coordinado esfuerzos para sensibilizar a funcionarios, servidores p\u00fablicos y sociedad en general para difundir acciones pertinentes sobre prevenci\u00f3n de la violencia contra mujeres, ni\u00f1as y ni\u00f1os a trav\u00e9s de la capacitaci\u00f3n.<\/p>\n<p style=\"text-align: justify;\">Por lo anterior, la oficina de Prevenci\u00f3n de la Violencia del IEM ha creado programas de capacitaci\u00f3n dirigidos a adolescentes, mujeres adultas, servidores y funcionarios p\u00fablicos de las dependencias municipales y estatales.<\/p>\n<p style=\"text-align: justify;\">En el caso de los adolescentes, se han impartido cursos en secundarias, telesecundarias y bachilleratos los temas de \u201cNoviazgo sin violencia\u201d, \u201cAcoso digital\u201d, \u201cMachismo no\u201d, \u201cEquidad de g\u00e9nero\u201d y \u201cEducar sin violencia\u201d, dirigidos a alumnos, autoridades escolares y padres de familia.<\/p>\n<p style=\"text-align: justify;\">Para autoridades municipales, estatales y elementos de polic\u00eda los temas fueron: \u201cProtocolo de atenci\u00f3n a mujeres v\u00edctimas de violencia\u201d y \u201c\u00d3rdenes de protecci\u00f3n\u201d. Se ha capacitado al sistema estatal y municipales para el Desarrollo Integral de la Familia (DIF), a abogados, trabajadores sociales y psic\u00f3logos, en la sensibilizaci\u00f3n para la atenci\u00f3n a mujeres v\u00edctimas de violencia y atenci\u00f3n de primer contacto.<\/p>\n<p style=\"text-align: justify;\">Tambi\u00e9n se imparti\u00f3 un taller a los titulares de las unidades de Igualdad de G\u00e9nero, con el tema \u201cDiversidad sexual, los retos hacia la inclusi\u00f3n y la igualdad\u201d.<\/p>\n<p style=\"text-align: justify;\">El IEM capacit\u00f3 a diversas empresas sobre hostigamiento y acoso sexual, a fin de sensibilizar y prevenir este tipo de conductas.<\/p>\n<p style=\"text-align: justify;\">Adem\u00e1s, se ha capacitado a propietarios de negocios como tiendas que han decido formar parte de la estrategia de la Red de Puntos Naranja, referente al primer contacto con mujeres v\u00edctimas de violencia y entre los municipios que ya cuentan con alg\u00fan establecimiento con punto naranja son Zacatelco, Ixtenco, Tepeyanco, Axocomanitla y Contla.<\/p>\n<p style=\"text-align: justify;\">Asimismo, con la sociedad en general se compartieron contenidos sobre nuevas masculinidades, educar sin violencia e igualdad desde el hogar.<\/p>\n<p style=\"text-align: justify;\">Los Centros de Desarrollo para las Mujeres (CDMS) han realizado foros con el objetivo de proporcionar informaci\u00f3n a las comunidades, consolidar acciones coordinadas para la prevenci\u00f3n de la violencia de g\u00e9nero, el refugio en las drogas a causa de la violencia, derecho de las mujeres, ni\u00f1os y ni\u00f1as y \u00f3rdenes de protecci\u00f3n.<\/p>\n<p style=\"text-align: justify;\">REALIZA EMSAD REUNI\u00d3N EXTRAORDINARIA PARA INICIO DEL CICLO ESCOLAR 2022-2023 A<\/p>\n<p style=\"text-align: justify;\">*Se entregaron constancias de participaci\u00f3n por cursos de capacitaci\u00f3n<\/p>\n<p style=\"text-align: justify;\">Con el prop\u00f3sito de dar seguimiento y cumplimiento a los trabajos administrativos y acad\u00e9micos de los centros de Educaci\u00f3n Media Superior a Distancia (EMSaD), se llev\u00f3 a cabo una reuni\u00f3n extraordinaria con directivos para preparar temas de importancia previo al inicio del ciclo escolar 2022-2023 A.<\/p>\n<p style=\"text-align: justify;\">En la reuni\u00f3n se solicit\u00f3 a los directivos fortalecer la planeaci\u00f3n estrat\u00e9gica para alcanzar metas y objetivos de la instituci\u00f3n, y reforzar la elaboraci\u00f3n en tiempo y forma de la planeaci\u00f3n did\u00e1ctica, ya que esto es el instrumento que da cuenta del trabajo que realiza el docente.<\/p>\n<p style=\"text-align: justify;\">El director general, Jos\u00e9 Luis Flores Aguilar se\u00f1al\u00f3 que este nivel educativo merece especial atenci\u00f3n para continuar con una educaci\u00f3n de calidad, con equidad, pertinencia y sustentabilidad.<\/p>\n<p style=\"text-align: justify;\">Asimismo, recibieron constancias de participaci\u00f3n por cursos de capacitaci\u00f3n que se llevaron a cabo en diciembre del a\u00f1o 2021 con el tema \u201cPlan de mejora continua como herramienta para alcanzar la excelencia en el servicio educativo\u201d, impartido por la Coordinaci\u00f3n de Organismos Descentralizados Estatales de los CECyTES.<\/p>\n<p style=\"text-align: justify;\">Adem\u00e1s, se realiz\u00f3 el taller \u201cGesti\u00f3n estrat\u00e9gica para el liderazgo directivo\u201d, impartido por el maestro del Centro de Investigaci\u00f3n y Docencia del estado de Puebla, Edgar G\u00f3mez Bonilla.<\/p>\n<p style=\"text-align: justify;\">REALIZARON CUARTA FERIA NACIONAL DEL EMPLEO EN APIZACO<\/p>\n<p style=\"text-align: justify;\">*Se ofertaron 400 vacantes de 40 empresas entre estatales, nacionales e internacionales<\/p>\n<p style=\"text-align: justify;\">El Gobierno del Estado, a trav\u00e9s de la Secretar\u00eda de Trabajo y Competitividad, en coordinaci\u00f3n con el Servicio Nacional del Empleo (SNE), as\u00ed como el Fideicomiso de Ciudad Industrial Xicoht\u00e9ncatl (Fidecix) y el municipio de Apizaco, realizaron la Cuarta Feria Nacional del Empleo en la que se ofertaron 400 vacantes de 40 empresas, entre estatales, nacionales e internacionales, en el auditorio Emilio S\u00e1nchez Piedras.<\/p>\n<p style=\"text-align: justify;\">Lo anterior, como parte de las estrategias del gobierno que encabeza la gobernadora Lorena Cu\u00e9llar Cisneros, para apoyar el proceso de la reactivaci\u00f3n econ\u00f3mica de las familias tlaxcaltecas que viven una situaci\u00f3n de vulnerabilidad por falta de empleo.<\/p>\n<p style=\"text-align: justify;\">El evento fue encabezado por la directora del Servicio Nacional del Empleo (SNE), Azalia Cort\u00e9s Garc\u00eda; el presidente municipal de Apizaco, Pablo Badillo, as\u00ed como la presidenta de la C\u00e1mara Nacional de Comercio (Canaco) de Apizaco, Mar\u00eda Magdalena Yolanda Dom\u00ednguez V\u00e1zquez y Fernando Paredes Lara, del departamento de Vinculaci\u00f3n del Fidecix.<\/p>\n<p style=\"text-align: justify;\">En su oportunidad, Cort\u00e9s Garc\u00eda agradeci\u00f3 el apoyo del gobierno municipal y dio la bienvenida a los buscadores de empleo, les augur\u00f3 \u00e9xito en la contrataci\u00f3n y adem\u00e1s inform\u00f3 que las vacantes ofertadas aseguran el trabajo digno con enfoque a ingenieros, m\u00e9dicos, contadores, abogados, qu\u00edmicos, as\u00ed como operarios y t\u00e9cnicos, con una oferta de salarios que oscila desde los 5 mil 365 a los 35 mil pesos mensuales, por lo que mencion\u00f3 que en primera instancia se tiene la meta de lograr la colocaci\u00f3n asegurada de 150 personas.<\/p>\n<p style=\"text-align: justify;\">\u201cEl estado de Tlaxcala ha sido muy preciso para que la reactivaci\u00f3n econ\u00f3mica sea hoy esa tarea y encomienda que nos ha dado nuestra gobernadora, es traer esos empleos a los hogares que han sido m\u00e1s vulnerables. Son m\u00e1s de 40 empresas que hoy nos acompa\u00f1an que van a traer a ustedes un sustento econ\u00f3mico\u201d, dijo.<\/p>\n<p style=\"text-align: justify;\">Asimismo, hizo hincapi\u00e9 que, en esta ocasi\u00f3n, dentro de las empresas empleadoras hay una importante participaci\u00f3n de los hoteles de la Riviera Maya, entre los que se encuentran Bah\u00eda Pr\u00edncipe, Iberostar, Hilton, Barcel\u00f3, y Palladium, que ofrecen trabajos para recamaristas, chefs, bartenders, carpinteros, electricistas y mec\u00e1nicos, jefes de tienda, para quienes ofrecen transporte v\u00eda terrestre o a\u00e9rea y alimentaci\u00f3n.<\/p>\n<p style=\"text-align: justify;\">De la misma forma, entre las empresas que participan en esta edici\u00f3n se encuentran Femsa Coca-Cola, Chedraui, Owens Corning, Convertitap, Movistar, ODN Elektrik, Global Flock, Episa, Ecobus, Celfimex, CAME Servicios Financieros, por mencionar algunas.<\/p>\n<p style=\"text-align: justify;\">Posteriormente, Azalia Cort\u00e9s recalc\u00f3 que desde el SNE se trabaja por la inclusi\u00f3n laboral para que tanto hombres y mujeres, as\u00ed como personas con discapacidad y de la tercera edad, tengan igualdad en las oportunidades para encontrar empleo.<\/p>\n<p style=\"text-align: justify;\">Finalmente, invit\u00f3 a todos los interesados por encontrar empleo, a visitar las redes sociales y el portal del SNE, y\/o asistir a las oficinas con ubicaci\u00f3n en Apetatitl\u00e1n, Apizaco, Calpulalpan y Zacatelco.<\/p>\n<p style=\"text-align: justify;\">COBAT E ITIFE FIRMAN CONVENIO DE COLABORACION PARA MEJOR INFRAESTRUCTURA<\/p>\n<p style=\"text-align: justify;\">*Planteles de Panotla, Papalotla y Texoloc ser\u00e1n beneficiados con el programa FAM 2022<\/p>\n<p style=\"text-align: justify;\">El Instituto Tlaxcalteca de Infraestructura F\u00edsica Educativa (Itife) y el Colegio de Bachilleres del Estado de Tlaxcala (Cobat) signaron un convenio de colaboraci\u00f3n para beneficiar a los planteles y alumnos con infraestructura para un mejor desarrollo acad\u00e9mico.<\/p>\n<p style=\"text-align: justify;\">Lo anterior, mediante el Fondo de Aportaciones M\u00faltiples (FAM), que integra el ramo general 33, compuesto por tres subfondos, de los cuales uno se asigna para la atenci\u00f3n de las necesidades relacionadas con la creaci\u00f3n, mantenimiento y rehabilitaci\u00f3n de la infraestructura f\u00edsica de la educaci\u00f3n.<\/p>\n<p style=\"text-align: justify;\">En este a\u00f1o se priorizaron el plantel 11 de Panotla, 13 de Papalotla y el 22 ubicado en Texoloc, los cuales recibir\u00e1n mobiliario y equipamiento en los laboratorios de ingl\u00e9s e inform\u00e1tica, computadoras de escritorio, mesas binarias, sillas, proyectores y equipos de audio, con un total de mil 742 alumnos beneficiados.<\/p>\n<p style=\"text-align: justify;\">El director general del Cobat, Darwin P\u00e9rez y P\u00e9rez agradeci\u00f3 el respaldo en las diferentes gestiones por parte del Itife y se\u00f1al\u00f3 que las acciones, as\u00ed como la ejecuci\u00f3n de este recurso para equipar aulas de ingl\u00e9s y de computaci\u00f3n son importantes, ya que brindan a los alumnos las herramientas necesarias para una educaci\u00f3n de calidad.<\/p>\n<p style=\"text-align: justify;\">Por su parte, el director del Itife, Miguel Piedras D\u00edaz mencion\u00f3 la disposici\u00f3n y el acompa\u00f1amiento con el Cobat, adem\u00e1s de la colaboraci\u00f3n para un mejor trabajo de toda la comunidad estudiantil y se\u00f1al\u00f3 que se proporcionar\u00e1 la mejor calidad en el equipamiento a los planteles beneficiados.<\/p>\n<p style=\"text-align: justify;\">FIRMAN CONVENIO DE COLABORACI\u00d3N TECNOL\u00d3GICO DE TLAXCO Y CASA DE LAS ARTESAN\u00cdAS DE TLAXCALA<\/p>\n<p style=\"text-align: justify;\">*Buscar\u00e1n fomentar y mantener las actividades art\u00edsticas y culturales del estado<\/p>\n<p style=\"text-align: justify;\">El Instituto Tecnol\u00f3gico Superior de Tlaxco (ITST) llev\u00f3 a cabo la firma de convenio de colaboraci\u00f3n con Casa de las Artesan\u00edas de Tlaxcala (CAT), con el objetivo de mantener y fomentar las tradiciones por medio de la comunidad estudiantil.<\/p>\n<p style=\"text-align: justify;\">Asimismo, los alumnos del ITST podr\u00e1n realizar su servicio social y pr\u00e1cticas profesionales en la CAT, para conocer el proceso de los artesanos y aportar sus conocimientos adquiridos en las ingenier\u00edas con las que cuenta el Tecnol\u00f3gico de Tlaxco, principalmente Log\u00edstica y Gesti\u00f3n Empresarial, las cuales podr\u00e1n apoyar a la comercializaci\u00f3n de los productos en diversas partes del pa\u00eds y del extranjero.<\/p>\n<p style=\"text-align: justify;\">Durante la firma del convenio se cont\u00f3 con la presencia de Sa\u00fal P\u00e9rez Bravo, titular de la CAT y Blas Marvin Mora Olvera, director general del ITST, quien mencion\u00f3 que \u201cel Tecnol\u00f3gico de Tlaxco est\u00e1 comprometido con la formaci\u00f3n de cada persona y lograr el desarrollo profesional tanto de los alumnos como de la parte trabajadora. Por ello, invito al personal de la CAT, de las dependencias y de las empresas, a estudiar con nosotros; el instituto es el ente de educaci\u00f3n superior m\u00e1s econ\u00f3mico del estado de Tlaxcala\u201d.<\/p>\n<p style=\"text-align: justify;\">Al culminar la firma del convenio, se estableci\u00f3 el orden que se llevar\u00e1 a cabo para lograr un trabajo en conjunto y de manera colaborativa, para as\u00ed consolidar la transformaci\u00f3n y el desarrollo de Tlaxcala.<\/p>\n<p style=\"text-align: justify;\">CELEBRAN ANIVERSARIO DE LA DECLARACI\u00d3N DEL CONJUNTO CONVENTUAL FRANCISCANO COMO PATRIMONIO MUNDIAL<\/p>\n<p style=\"text-align: justify;\">*Ni\u00f1as y ni\u00f1os de primaria de distintas escuelas fueron nombrados Guardianes del Patrimonio Cultural de estado<\/p>\n<p style=\"text-align: justify;\">En el marco del primer aniversario de la incorporaci\u00f3n del Conjunto Conventual y Catedralicio de Nuestra Se\u00f1ora de la Asunci\u00f3n a la Lista de Patrimonio Mundial de la Organizaci\u00f3n de las Naciones Unidas para la Educaci\u00f3n, la Ciencia y la Cultura (Unesco), en representaci\u00f3n de la gobernadora Lorena Cu\u00e9llar Cisneros, el secretario de Gobierno, Sergio Gonz\u00e1lez Hern\u00e1ndez, se\u00f1al\u00f3 que este gobierno seguir\u00e1 trabajando en la conservaci\u00f3n de este espacio, al tiempo que hizo la declaratoria inaugural de la sesi\u00f3n extraordinaria.<\/p>\n<p style=\"text-align: justify;\">Durante el acto, 40 ni\u00f1as y ni\u00f1os de las primarias Emiliano Zapata, Manuel Lardiz\u00e1bal y Candelario Nava Jim\u00e9nez recibieron un certificado como Guardianes del Patrimonio Cultural del estado de Tlaxcala.<\/p>\n<p style=\"text-align: justify;\">En el uso de la palabra, el director de Patrimonio Mundial y Punto Focal Nacional Cultural ante la Unesco, Francisco Vidargas Acosta mencion\u00f3 que \u201cTlaxcala hizo bien las cosas para incluir a este conjunto conventual como patrimonio mundial, pues se lograron conjuntar de manera correcta las 5 C: conservaci\u00f3n, capacitaci\u00f3n, comunicaci\u00f3n, coordinaci\u00f3n y comunidad.<\/p>\n<p style=\"text-align: justify;\">En su intervenci\u00f3n, el secretario de Cultura local, Antonio Mart\u00ednez Vel\u00e1zquez record\u00f3 que \u201calgo de lo m\u00e1s importante de este a\u00f1o es la creaci\u00f3n del Consejo Interinstitucional, que de manera colectiva toma decisiones a favor del patrimonio, de una manera donde las distintas visiones institucionales puedan magnificar la influencia y el reconocimiento que este lugar ya tiene por la Unesco, es un punto de partida que nos pone a trabajar m\u00e1s que nunca y de manera conjunta\u201d.<\/p>\n<p style=\"text-align: justify;\">Agreg\u00f3 que las instituciones involucradas \u201cestamos poniendo todo nuestro esfuerzo y capacidades para apoyar esta y otras incitativas patrimoniales, por ejemplo, la talavera, las alfombras de aserr\u00edn, entre otros; felicidades a los nuevos Guardianes del Patrimonio, gracias a los padres de familia, feliz primer aniversario\u201d.<\/p>\n<p style=\"text-align: justify;\">En tanto, la alumna Camila Ram\u00edrez Cervantes, de quinto grado de primaria \u201cEducaci\u00f3n y Patria\u201d de la ciudad capital, mencion\u00f3 que \u201ces importante respetar y cuidar lo que hace mucho tiempo otros construyeron y nos dejaron como herencia, hoy es un gran d\u00eda porque los ni\u00f1os y ni\u00f1as que recibimos este certificado queremos proteger nuestra historia, este exconvento y tambi\u00e9n nuestra ciudad\u201d.<\/p>\n<p style=\"text-align: justify;\">Para abrir el acto protocolario se present\u00f3 la Orquesta Sinf\u00f3nica de la Casa de M\u00fasica del Estado de la Secretar\u00eda de Cultura, que deleit\u00f3 con su m\u00fasica a chicos y grandes.<\/p>\n<p style=\"text-align: justify;\">ENTREGAN CONSTANCIAS DE \u201cCRIANZA POSITIVA\u201d A INTERNAS DE TLAXCALA<\/p>\n<p style=\"text-align: justify;\">*Fueron 17 mujeres que recibieron su constancia tras dos meses de capacitaci\u00f3n por parte de instructores de Fundaci\u00f3n Televisa<\/p>\n<p style=\"text-align: justify;\">Un total de 17 internas del Centro de Reinserci\u00f3n Social (Cereso) femenil, ubicado en Apizaco, obtuvieron su constancia de acreditaci\u00f3n tras participar en la segunda etapa de capacitaci\u00f3n denominada \u201cCrianza Positiva\u201d, cuya finalidad es que las mujeres privadas de su libertad eduquen y acompa\u00f1en a sus hijos e hijas de forma positiva.<\/p>\n<p style=\"text-align: justify;\">Este programa que se lleva en conjunto con la Fundaci\u00f3n Televisa, la Confederaci\u00f3n Patronal de la Rep\u00fablica Mexicana (Coparmex) de la Ciudad de M\u00e9xico, el Gobierno de Tlaxcala y la Secretar\u00eda de Seguridad Ciudadana (SSC), busca dotar de herramientas a las madres de familia, de tal manera que cuando salgan del Cereso, progresen y se incorporen sin problema a la sociedad.<\/p>\n<p style=\"text-align: justify;\">Al respecto, el titular de la Direcci\u00f3n de Prevenci\u00f3n y Reinserci\u00f3n Social de la SSC, Salom\u00f3n Amador Gonz\u00e1lez expres\u00f3 que este programa es una muestra de la corresponsabilidad que tienen las instituciones p\u00fablicas y privadas para logar una verdadera reinserci\u00f3n social que cumpla lo que marca la Ley Nacional de Ejecuci\u00f3n Penal.<\/p>\n<p style=\"text-align: justify;\">\u201cHoy adem\u00e1s de los esfuerzos del gobierno, se suma la sociedad civil y el mensaje es muy importante, porque solo as\u00ed con la corresponsabilidad es como lograremos una verdadera reinserci\u00f3n social, una verdadera reconstrucci\u00f3n del tejido social\u201d, expuso.<\/p>\n<p style=\"text-align: justify;\">En su intervenci\u00f3n, el coordinador del programa \u201cEmpieza Temprano\u201d, de Fundaci\u00f3n Televisa, Manuel Bravo Valladolid felicit\u00f3 a las internas quienes, en un periodo de dos meses, trabajaron en t\u00e9rminos educativos y de salud mental para permitirles reinventarse y cumplir sus objetivos como madres.<\/p>\n<p style=\"text-align: justify;\">Por su lado, el vicepresidente de Seguridad y Justicia de Coparmex de la Ciudad de M\u00e9xico, H\u00e9ctor Manuel Romero S\u00e1nchez reconoci\u00f3 la suma de voluntades de las distintas dependencias que se involucraron para acompa\u00f1ar a las internas en su proceso de capacitaci\u00f3n.<\/p>\n<p style=\"text-align: justify;\">Cabe destacar que en el evento tambi\u00e9n estuvo presente Karla Azc\u00e1rraga Jean, l\u00edder de capacitaci\u00f3n del programa \u201cEmpieza temprano\u201d, de Fundaci\u00f3n Televisa; C\u00e9sar Javier Payares Ortega, representante de la subdirecci\u00f3n de \u00e1rea de la Secretar\u00eda de Gobernaci\u00f3n; Janeth Aguilar Flores, directora del Anexo Femenil; as\u00ed como la presidenta de la Comisi\u00f3n Estatal de Derechos Humanos (CEDH), Jakqueline Ordo\u00f1ez Brasdefer, y personal del Cereso femenil y varonil que tambi\u00e9n se ubica en Apizaco.<\/p>\n<p style=\"text-align: justify;\">SIGNAN SEDECO Y COMIT\u00c9 CONSULTIVO DE BIENESTAR CONVENIO PARA USO DE FIRMA ELECTR\u00d3NICA AVANZADA<\/p>\n<p style=\"text-align: justify;\">*Esta herramienta agilizar\u00e1 los tiempos de respuesta a la ciudadan\u00eda y los procesos internos del organismo<\/p>\n<p style=\"text-align: justify;\">El Comit\u00e9 Consultivo de Bienestar y Desarrollo Social y la Secretar\u00eda de Desarrollo Econ\u00f3mico (Sedeco) signaron un convenio de colaboraci\u00f3n para el uso de la Firma Electr\u00f3nica Avanzada, con lo que el organismo se suma a la modernidad tecnol\u00f3gica para mejorar sus procesos administrativos y el ahorro de recursos.<\/p>\n<p style=\"text-align: justify;\">La presidenta honor\u00edfica del Comit\u00e9 Consultivo, Mar\u00eda Fernanda Espinosa de los Monteros Cu\u00e9llar expuso que este acuerdo refleja el compromiso de la gobernadora Lorena Cu\u00e9llar Cisneros para impulsar la mejora regulatoria en aras de priorizar el bienestar de la ciudadan\u00eda tlaxcalteca en todos los \u00e1mbitos.<\/p>\n<p style=\"text-align: justify;\">\u201cUn gobierno cercano a la gente es aquel que ayuda al ciudadano, que le simplifica la vida, que pone en el centro el bienestar de las personas y por ello toma decisiones que priorizan el mejor rendimiento del servicio p\u00fablico en beneficio de la gente generando escenarios que favorezcan la confianza en las instituciones y agilizando los tr\u00e1mites y procesos en la administraci\u00f3n p\u00fablica\u201d, sostuvo.<\/p>\n<p style=\"text-align: justify;\">En su oportunidad, el titular de la Sedeco, Javier Marroqu\u00edn Calder\u00f3n consider\u00f3 que esta herramienta ayudar\u00e1 a que las dependencias sean m\u00e1s eficientes y eficaces tanto en la atenci\u00f3n a los ciudadanos como en su operaci\u00f3n interna.<\/p>\n<p style=\"text-align: justify;\">\u201cLa firma electr\u00f3nica avanzada aumenta la productividad de los funcionarios p\u00fablicos, mejora la calidad de los servicios gubernamentales al reducir tiempos de respuesta por parte de las dependencias, disminuye significativamente los costos de papeler\u00eda y optimiza la comunicaci\u00f3n entre organismos, dependencias y entes del gobierno del estado\u201d, explic\u00f3.<\/p>\n<p style=\"text-align: justify;\">En la firma del convenio tambi\u00e9n participaron el comisionado estatal de Mejora Regulatoria, Germ\u00e1n Del\u00f3n P\u00e1ez y el enlace operativo de la plataforma del Comit\u00e9 Consultivo, Juan Pablo Morales Rico.<\/p>\n<p><img loading=\"lazy\" decoding=\"async\" class=\"alignnone wp-image-13634 size-full\" src=\"https:\/\/labestiapolitica.com.mx\/wp-content\/uploads\/2022\/07\/eeeeeeeeee-1.jpg\" alt=\"\" width=\"1000\" height=\"600\" \/><\/p>\n","protected":false},"excerpt":{"rendered":"<p>SE HAN EJECUTADO 22 \u00d3RDENES DE APREHENSI\u00d3N POR EL DELITO DE HOMICIDIO DE ENERO A JUNIO: PGJE *Los mandamientos judiciales por este il\u00edcito fueron cumplimentados en Tlaxcala y otras entidades para llevarlos ante el Juez de la Causa La titular de la Procuradur\u00eda General de Justicia del Estado (PGJE), Ernestina Carro Rold\u00e1n inform\u00f3 que se [&hellip;]<\/p>\n","protected":false},"author":3,"featured_media":0,"comment_status":"open","ping_status":"open","sticky":false,"template":"","format":"standard","meta":{"footnotes":""},"categories":[7],"tags":[],"class_list":["post-13632","post","type-post","status-publish","format-standard","hentry","category-ciudadanos"],"amp_enabled":true,"_links":{"self":[{"href":"https:\/\/labestiapolitica.com.mx\/index.php?rest_route=\/wp\/v2\/posts\/13632","targetHints":{"allow":["GET"]}}],"collection":[{"href":"https:\/\/labestiapolitica.com.mx\/index.php?rest_route=\/wp\/v2\/posts"}],"about":[{"href":"https:\/\/labestiapolitica.com.mx\/index.php?rest_route=\/wp\/v2\/types\/post"}],"author":[{"embeddable":true,"href":"https:\/\/labestiapolitica.com.mx\/index.php?rest_route=\/wp\/v2\/users\/3"}],"replies":[{"embeddable":true,"href":"https:\/\/labestiapolitica.com.mx\/index.php?rest_route=%2Fwp%2Fv2%2Fcomments&post=13632"}],"version-history":[{"count":2,"href":"https:\/\/labestiapolitica.com.mx\/index.php?rest_route=\/wp\/v2\/posts\/13632\/revisions"}],"predecessor-version":[{"id":13636,"href":"https:\/\/labestiapolitica.com.mx\/index.php?rest_route=\/wp\/v2\/posts\/13632\/revisions\/13636"}],"wp:attachment":[{"href":"https:\/\/labestiapolitica.com.mx\/index.php?rest_route=%2Fwp%2Fv2%2Fmedia&parent=13632"}],"wp:term":[{"taxonomy":"category","embeddable":true,"href":"https:\/\/labestiapolitica.com.mx\/index.php?rest_route=%2Fwp%2Fv2%2Fcategories&post=13632"},{"taxonomy":"post_tag","embeddable":true,"href":"https:\/\/labestiapolitica.com.mx\/index.php?rest_route=%2Fwp%2Fv2%2Ftags&post=13632"}],"curies":[{"name":"wp","href":"https:\/\/api.w.org\/{rel}","templated":true}]}}