{"id":13642,"date":"2022-07-21T15:47:03","date_gmt":"2022-07-21T15:47:03","guid":{"rendered":"https:\/\/labestiapolitica.com.mx\/?p=13642"},"modified":"2022-08-02T15:48:43","modified_gmt":"2022-08-02T15:48:43","slug":"atiende-alan-alvarado-problematica-ambiental-en-tepetitla","status":"publish","type":"post","link":"https:\/\/labestiapolitica.com.mx\/?p=13642","title":{"rendered":"Atiende Alan Alvarado problem\u00e1tica ambiental en Tepetitla"},"content":{"rendered":"<header class=\"entry-header penci-entry-header penci-title-\"><\/header>\n<div class=\"entry-media penci-entry-media\" style=\"text-align: justify;\">\n<div class=\"post-format-meta \">\n<div class=\"post-image penci-standard-format\"><\/div>\n<\/div>\n<\/div>\n<div class=\"penci-entry-content entry-content\">\n<p style=\"text-align: justify;\"><em>*A trav\u00e9s del trabajo entre autoridades y ciudadanos se puede mejorar las condiciones del pulm\u00f3n de Tepetitla.<\/em><\/p>\n<p style=\"text-align: justify;\">Tras el olvido de administraciones pasadas en materia ambiental hacia el cerro del municipio ha sido deteriorado por las diversas quemas de pastizales y del 60% del \u00e1rea se encuentra infectado por el gusano descortezador, por ello el gobierno municipal de Alan Alvarado Islas en coordinaci\u00f3n con vecinos, implement\u00f3 acciones y estrategias para que este no se siga deteriorando.<\/p>\n<p style=\"text-align: justify;\">Por lo que a trav\u00e9s de una reuni\u00f3n con vecinos de Tepetitla, que tambi\u00e9n est\u00e1n preocupados por el deterioro del cerro que se encuentra detr\u00e1s de la presidencia municipal; es muy importante rescatarlo por ello la suma de voluntades entre ambos es muy necesaria; ya que los incendios que se han registrado muchas de las ocasiones son generados por descuido o de manera intencional por personas que tiran su basura o la quema de estiaje.<\/p>\n<p style=\"text-align: justify;\">Y es que, se\u00f1alan que el deterioro ha provocado la muerte de varios \u00e1rboles y en consecuencia afecta al ecosistema de la zona, causando la preocupaci\u00f3n de los vecinos, por esta raz\u00f3n se llev\u00f3 el pasado jueves 14 de julio, la reuni\u00f3n en sala de cabildos, donde llegaron a acuerdos y reafirmaron su compromiso que adquirieron ambas partes.<\/p>\n<p style=\"text-align: justify;\">Adem\u00e1s de estas acciones que se estar\u00e1n realizando en la comuna, ya se hizo del conocimiento a las dependencias estatales involucradas en el cuidado del medio ambiente para proceder con el derribo de \u00e1rboles muertos y \u00e1rboles que tienen la plaga del gusano descortezador, para que despu\u00e9s puedan realizar jornadas de reforestaci\u00f3n del mismo.<\/p>\n<\/div>\n","protected":false},"excerpt":{"rendered":"<p>*A trav\u00e9s del trabajo entre autoridades y ciudadanos se puede mejorar las condiciones del pulm\u00f3n de Tepetitla. Tras el olvido de administraciones pasadas en materia ambiental hacia el cerro del municipio ha sido deteriorado por las diversas quemas de pastizales y del 60% del \u00e1rea se encuentra infectado por el gusano descortezador, por ello el [&hellip;]<\/p>\n","protected":false},"author":3,"featured_media":0,"comment_status":"open","ping_status":"open","sticky":false,"template":"","format":"standard","meta":{"footnotes":""},"categories":[7],"tags":[],"class_list":["post-13642","post","type-post","status-publish","format-standard","hentry","category-ciudadanos"],"amp_enabled":true,"_links":{"self":[{"href":"https:\/\/labestiapolitica.com.mx\/index.php?rest_route=\/wp\/v2\/posts\/13642","targetHints":{"allow":["GET"]}}],"collection":[{"href":"https:\/\/labestiapolitica.com.mx\/index.php?rest_route=\/wp\/v2\/posts"}],"about":[{"href":"https:\/\/labestiapolitica.com.mx\/index.php?rest_route=\/wp\/v2\/types\/post"}],"author":[{"embeddable":true,"href":"https:\/\/labestiapolitica.com.mx\/index.php?rest_route=\/wp\/v2\/users\/3"}],"replies":[{"embeddable":true,"href":"https:\/\/labestiapolitica.com.mx\/index.php?rest_route=%2Fwp%2Fv2%2Fcomments&post=13642"}],"version-history":[{"count":1,"href":"https:\/\/labestiapolitica.com.mx\/index.php?rest_route=\/wp\/v2\/posts\/13642\/revisions"}],"predecessor-version":[{"id":13643,"href":"https:\/\/labestiapolitica.com.mx\/index.php?rest_route=\/wp\/v2\/posts\/13642\/revisions\/13643"}],"wp:attachment":[{"href":"https:\/\/labestiapolitica.com.mx\/index.php?rest_route=%2Fwp%2Fv2%2Fmedia&parent=13642"}],"wp:term":[{"taxonomy":"category","embeddable":true,"href":"https:\/\/labestiapolitica.com.mx\/index.php?rest_route=%2Fwp%2Fv2%2Fcategories&post=13642"},{"taxonomy":"post_tag","embeddable":true,"href":"https:\/\/labestiapolitica.com.mx\/index.php?rest_route=%2Fwp%2Fv2%2Ftags&post=13642"}],"curies":[{"name":"wp","href":"https:\/\/api.w.org\/{rel}","templated":true}]}}