{"id":13665,"date":"2022-07-30T03:48:07","date_gmt":"2022-07-30T03:48:07","guid":{"rendered":"https:\/\/labestiapolitica.com.mx\/?p=13665"},"modified":"2022-08-04T04:01:45","modified_gmt":"2022-08-04T04:01:45","slug":"se-eleva-la-calidad-de-vida-de-vecinos-de-chimalpa-con-nueva-calle-adoquinada","status":"publish","type":"post","link":"https:\/\/labestiapolitica.com.mx\/?p=13665","title":{"rendered":"Resumen capitalino&#8230;Sellan alianza vecinos vigilantes y Ayuntamiento por la seguridad de Tlaxcala capital"},"content":{"rendered":"<p style=\"text-align: justify;\"><em>Ciudadanos y gobierno municipal hacen frente com\u00fan contra la delincuencia<\/em><\/p>\n<p style=\"text-align: justify;\">En el coraz\u00f3n de la Ciudad de Tlaxcala, el presidente municipal, Jorge Corichi, tom\u00f3 protesta a 60 Comit\u00e9s de Vecinos Vigilantes estrechando lazos de colaboraci\u00f3n en la b\u00fasqueda de la tranquilidad de las familias de comunidades, colonias y zona centro.<\/p>\n<p style=\"text-align: justify;\">\u201cSon ustedes, vecinas y vecinos vigilantes, un pilar en la estrategia de seguridad. Gracias a sus reportes hemos podido atrapar a delincuentes, a ladrones de autopartes, a violentadores y acosadores de mujeres\u201d, destac\u00f3 el presidente Corichi.<\/p>\n<p style=\"text-align: justify;\">Destac\u00f3 que, gracias a esta labor conjunta entre sociedad y gobierno, la percepci\u00f3n de seguridad en el municipio de Tlaxcala ha mejorado dado que el Instituto Nacional de Estad\u00edstica, Geograf\u00eda e Inform\u00e1tica, INEGI, ha reportado una disminuci\u00f3n en la percepci\u00f3n de inseguridad en 3.6 por ciento.<\/p>\n<p style=\"text-align: justify;\">\u201cDesde el primer d\u00eda del mes de enero dec\u00eda yo que el 2022 ser\u00eda el a\u00f1o de la seguridad en Tlaxcala capital, estamos cumpliendo, pero no echamos campanas al vuelo, tenemos mucho por hacer\u201d, subray\u00f3 el alcalde.<\/p>\n<p style=\"text-align: justify;\">El ciudadano Mario S\u00e1nchez Rojas, vecino vigilante de San Gabriel Cuauhtla record\u00f3 que \u201cdesde hace tiempo nos hemos organizado en comit\u00e9s para coadyuvar en las tareas de Seguridad P\u00fablica; cada uno desde su trinchera ha colaborado en diferentes tareas, lo cual es posible gracias a las pol\u00edticas p\u00fablicas que ejerce nuestro presidente municipal, Jorge Corichi, en un gobierno democratico, siempre abierto a la gente\u201d.<\/p>\n<p style=\"text-align: justify;\">En su oportunidad, Samantha Rodr\u00edguez Olivera, coordinadora de la Unidad de Prevenci\u00f3n del Delito de la Polic\u00eda Municipal, agradeci\u00f3 al alcalde Corichi y al director de la corporaci\u00f3n, Israel Garc\u00eda Jasso, el apoyo incondicional para seguir cumpliendo con los objetivos del programa de Vecinos Vigilantes.<\/p>\n<p style=\"text-align: justify;\">Virgilio Medell\u00edn Viveros, presidente de la Asociaci\u00f3n de Hoteles y Moteles de Tlaxcala, se congratul\u00f3 de que la capital est\u00e9 contribuyendo a que tengamos la entidad m\u00e1s segura del pa\u00eds lo que aunado a la promoci\u00f3n contribuir\u00e1 a una mayor llegada de turistas.<\/p>\n<p style=\"text-align: justify;\">Presentes en la ceremonia estuvieron integrantes del Cabildo del Ayuntamiento, invitados de organizaciones no gubernamentales y funcionarios municipales.<\/p>\n<p style=\"text-align: justify;\">Se eleva la calidad de vida de vecinos de Chimalpa con nueva calle adoquinada<\/p>\n<p style=\"text-align: justify;\"><img loading=\"lazy\" decoding=\"async\" class=\"alignnone wp-image-13666 size-full\" src=\"https:\/\/labestiapolitica.com.mx\/wp-content\/uploads\/2022\/08\/rrrr.jpg\" alt=\"\" width=\"1000\" height=\"600\" \/><\/p>\n<p style=\"text-align: justify;\"><em>Se adecuaron 700 metros cuadrados con adoqu\u00edn en Privada las Huertas de San Hip\u00f3lito Chimalpa.<\/em><\/p>\n<p style=\"text-align: justify;\">\u201cTras varios a\u00f1os de gestiones, por fin los vecinos de la Privada Las Huertas, en San Hip\u00f3lito Chimalpa cuentan con una vialidad adoquinada, lo que sin duda mejorar\u00e1 la calidad de vida de quienes habitan en la zona\u201d, asever\u00f3 el alcalde de Tlaxcala, Jorge Corichi, luego de inaugurar dichas obras.<\/p>\n<p style=\"text-align: justify;\">Ante vecinos de la comunidad beneficiada, Jorge Corichi destac\u00f3 que una de las acciones que debe ejercer todo gobierno municipal es\u00a0usar el dinero p\u00fablico de manera correcta, eficiente, honesta y siempre buscando el beneficio de los ciudadanos.<\/p>\n<p style=\"text-align: justify;\">\u201cEste gobierno est\u00e1 comprometido a que cada peso que ingresa a debe usarse debidamente y cuidarse, para que llegue a m\u00e1s ciudadanos a trav\u00e9s de estas acciones\u201d, manifest\u00f3 el alcalde en su mensaje.<\/p>\n<p style=\"text-align: justify;\">Los trabajos realizados en la Privada Las Huertas con 16 de septiembre consistieron en la colocaci\u00f3n de 691 metros cuadrados de pavimento de adoqu\u00edn, con una inversi\u00f3n de 506 mil pesos provenientes del Fondo para la Infraestructura Social Municipal.<\/p>\n<p style=\"text-align: justify;\">Como testigos de esta entrega de obra estuvieron presentes la s\u00edndica Rosalba Salas Jaramillo; la segunda regidora, Adriana Hern\u00e1ndez Armas; la tercera regidora, Mirza Estefan\u00eda Amaral; el s\u00e9ptimo regidor Erik Enrique Garc\u00eda, el director de obras, Adolfo Xochicale y el presidente de comunidad de San Hip\u00f3lito Chimalpa, Rodolfo Ju\u00e1rez Corona.<\/p>\n<p style=\"text-align: justify;\"><strong>Aprueba Cabildo de Tlaxcala modernizaci\u00f3n <\/strong><strong>para certificaci\u00f3n del Sistema de Apertura R\u00e1pida de Empresas (SARE)<\/strong><\/p>\n<ul style=\"text-align: justify;\">\n<li><em>El objetivo es fortalecer la transparencia y generar certidumbre a las personas que deciden incursionar en los negocios<\/em><\/li>\n<\/ul>\n<p style=\"text-align: justify;\">El Cabildo de Tlaxcala aprob\u00f3 en Sesi\u00f3n Ordinaria la reingenier\u00eda y modernizaci\u00f3n administrativa de los tr\u00e1mites municipales para la apertura de empresas por medio del Sistema de Apertura R\u00e1pida de Empresas (SARE), con lo cual se pretende reducir la burocracia e incentivar a que m\u00e1s emprendedores activen la econom\u00eda del municipio.<\/p>\n<p style=\"text-align: justify;\">Durante la exposici\u00f3n de motivos, se detall\u00f3 que el Ayuntamiento de Tlaxcala, a trav\u00e9s de la Direcci\u00f3n de Econom\u00eda y Emprendimiento, busca la recertificaci\u00f3n del M\u00f3dulo del Sistema de Apertura R\u00e1pida de Empresas SARE, con el objetivo de fortalecer la transparencia y generar certidumbre a las personas que deciden incursionar en los negocios.<\/p>\n<p style=\"text-align: justify;\">De este modo, se aprobaron los manuales de procedimientos para la operaci\u00f3n del Sistema de Apertura R\u00e1pida de Empresas en su modalidad electr\u00f3nica, el cat\u00e1logo de giros SARE, que contempla la inclusi\u00f3n de un total de 468 unidades econ\u00f3micas, lo que permite clasificar con mayor precisi\u00f3n las actividades productivas de los emprendimientos.<\/p>\n<p style=\"text-align: justify;\">Del mismo modo, se aprobaron los procesos de atenci\u00f3n y asesor\u00eda ciudadana, adem\u00e1s de la implementaci\u00f3n del Formato \u00danico de Apertura (FUA), que permite una vinculaci\u00f3n inmediata con la Secretaria de Desarrollo Econ\u00f3mico (SEDECO) que agiliza los permisos y tr\u00e1mites para los negocios establecidos en el municipio de Tlaxcala.<\/p>\n<p style=\"text-align: justify;\">Con estas modificaciones, la Direcci\u00f3n de Econom\u00eda y Emprendimiento del Ayuntamiento Capitalino apuesta a la simplificaci\u00f3n y digitalizaci\u00f3n de los procesos administrativos y contribuye a que m\u00e1s empresarios cumplan con sus obligaciones adem\u00e1s de obtener beneficios, como costos m\u00e1s accesibles, requisitos m\u00ednimos para tr\u00e1mites, obtenci\u00f3n de licencias en menos de 72 horas, asesor\u00eda en l\u00ednea y expedici\u00f3n de licencias con Firma Electr\u00f3nica Avanzada.<\/p>\n<p style=\"text-align: justify;\">&#8212;000&#8212;<img loading=\"lazy\" decoding=\"async\" class=\"alignnone wp-image-13670 size-full\" src=\"https:\/\/labestiapolitica.com.mx\/wp-content\/uploads\/2022\/07\/ttt.jpg\" alt=\"\" width=\"1000\" height=\"600\" \/><\/p>\n<p>&nbsp;<\/p>\n<p>&nbsp;<\/p>\n<p style=\"text-align: justify;\"><strong>Inaugura el alcalde Jorge Corichi obras prioritarias en Ocotl\u00e1n<\/strong><\/p>\n<ul style=\"text-align: justify;\">\n<li><em>Se construy\u00f3 red de agua potable, drenaje sanitario y electrificaci\u00f3n en privada Guillermo Rojas <\/em><\/li>\n<\/ul>\n<p style=\"text-align: justify;\">El presidente municipal Jorge Corichi cumple su palabra empe\u00f1ada de saldar deudas hist\u00f3ricas con las comunidades de la Tlaxcala Capital, al inaugurar obras de construcci\u00f3n de red de agua potable, electrificaci\u00f3n y drenaje sanitario de la tercera Privada Guillermo Rojas sobre carril de Miraflores, correspondiente a la comunidad de Ocotl\u00e1n.<\/p>\n<p style=\"text-align: justify;\">El edil capitalino, remarc\u00f3 que dichos trabajos, con una inversi\u00f3n de 467 mil pesos, son una realidad despu\u00e9s de m\u00e1s de cinco lustros en los que la comunidad careci\u00f3 de los servicios b\u00e1sicos.<\/p>\n<p style=\"text-align: justify;\">\u201cPara quienes han vivido aqu\u00ed 16 a\u00f1os y no contaban con agua, luz o drenaje hoy me da gusto decirles que ya se tienen estos servicios. Estamos contentos, pero no satisfechos porque solo podemos seguir avanzando en la medida que nos unamos\u201d, extern\u00f3 Corichi ante vecinos y autoridades que lo acompa\u00f1aron.<\/p>\n<p style=\"text-align: justify;\">Los trabajos consistieron en la construcci\u00f3n y modernizaci\u00f3n de la red de agua potable, la instalaci\u00f3n de red el\u00e9ctrica y la construcci\u00f3n de la red de drenaje sanitario, con recursos provenientes del Fondo para la Infraestructura Social Municipal (FISM) 2022.<\/p>\n<p style=\"text-align: justify;\">Las autoridades que atestiguaron esta entrega de obra fueron la s\u00edndica municipal, Rosalba Salas Jaramillo; la tercera regidora, Mirza Estefan\u00eda Amaral; el quinto regidor, Erik Enrique Garc\u00eda, el director de Obras Publicas del Ayuntamiento de Tlaxcala, Adolfo Xochicale y el presidente de comunidad de Ocotl\u00e1n, Jos\u00e9 Ad\u00e1n S\u00e1nchez Mendieta.<\/p>\n<p>&#8212;000&#8212;<img loading=\"lazy\" decoding=\"async\" class=\"alignnone wp-image-13671 size-full\" src=\"https:\/\/labestiapolitica.com.mx\/wp-content\/uploads\/2022\/07\/jorfe-.jpg\" alt=\"\" width=\"1000\" height=\"600\" \/><\/p>\n<p style=\"text-align: justify;\">\n","protected":false},"excerpt":{"rendered":"<p>Ciudadanos y gobierno municipal hacen frente com\u00fan contra la delincuencia En el coraz\u00f3n de la Ciudad de Tlaxcala, el presidente municipal, Jorge Corichi, tom\u00f3 protesta a 60 Comit\u00e9s de Vecinos Vigilantes estrechando lazos de colaboraci\u00f3n en la b\u00fasqueda de la tranquilidad de las familias de comunidades, colonias y zona centro. \u201cSon ustedes, vecinas y vecinos [&hellip;]<\/p>\n","protected":false},"author":3,"featured_media":0,"comment_status":"open","ping_status":"open","sticky":false,"template":"","format":"standard","meta":{"footnotes":""},"categories":[7],"tags":[],"class_list":["post-13665","post","type-post","status-publish","format-standard","hentry","category-ciudadanos"],"amp_enabled":true,"_links":{"self":[{"href":"https:\/\/labestiapolitica.com.mx\/index.php?rest_route=\/wp\/v2\/posts\/13665","targetHints":{"allow":["GET"]}}],"collection":[{"href":"https:\/\/labestiapolitica.com.mx\/index.php?rest_route=\/wp\/v2\/posts"}],"about":[{"href":"https:\/\/labestiapolitica.com.mx\/index.php?rest_route=\/wp\/v2\/types\/post"}],"author":[{"embeddable":true,"href":"https:\/\/labestiapolitica.com.mx\/index.php?rest_route=\/wp\/v2\/users\/3"}],"replies":[{"embeddable":true,"href":"https:\/\/labestiapolitica.com.mx\/index.php?rest_route=%2Fwp%2Fv2%2Fcomments&post=13665"}],"version-history":[{"count":4,"href":"https:\/\/labestiapolitica.com.mx\/index.php?rest_route=\/wp\/v2\/posts\/13665\/revisions"}],"predecessor-version":[{"id":13673,"href":"https:\/\/labestiapolitica.com.mx\/index.php?rest_route=\/wp\/v2\/posts\/13665\/revisions\/13673"}],"wp:attachment":[{"href":"https:\/\/labestiapolitica.com.mx\/index.php?rest_route=%2Fwp%2Fv2%2Fmedia&parent=13665"}],"wp:term":[{"taxonomy":"category","embeddable":true,"href":"https:\/\/labestiapolitica.com.mx\/index.php?rest_route=%2Fwp%2Fv2%2Fcategories&post=13665"},{"taxonomy":"post_tag","embeddable":true,"href":"https:\/\/labestiapolitica.com.mx\/index.php?rest_route=%2Fwp%2Fv2%2Ftags&post=13665"}],"curies":[{"name":"wp","href":"https:\/\/api.w.org\/{rel}","templated":true}]}}