{"id":13674,"date":"2022-07-27T04:12:11","date_gmt":"2022-07-27T04:12:11","guid":{"rendered":"https:\/\/labestiapolitica.com.mx\/?p=13674"},"modified":"2022-08-04T04:23:01","modified_gmt":"2022-08-04T04:23:01","slug":"resumen-informativo-refrendan-coordinacion-y-apoyo-para-seguir-brindando-seguridad-en-tlaxcala-capital","status":"publish","type":"post","link":"https:\/\/labestiapolitica.com.mx\/?p=13674","title":{"rendered":"Resumen informativo&#8230;Refrendan coordinaci\u00f3n y apoyo para seguir brindando seguridad en Tlaxcala capital"},"content":{"rendered":"<p style=\"text-align: justify;\"><em>El presidente municipal, Jorge Corichi, y el secretario de seguridad ciudadana, Ra\u00fal Ruiz, coinciden en que se puede continuar avanzando<\/em><\/p>\n<p style=\"text-align: justify;\">La mejora en la percepci\u00f3n de seguridad entre los habitantes de Tlaxcala capital, reportada por el INEGI en su m\u00e1s reciente Encuesta Nacional sobre Seguridad Urbana, es una muestra de que si se pueden concretar estrategias para dar tranquilidad a las familias.<\/p>\n<p style=\"text-align: justify;\">En ello coincidieron el presidente municipal, Jorge Alfredo Corichi Fragoso y el secretario de Seguridad Ciudadana, Ra\u00fal Ruiz Garc\u00eda, al intercambiar puntos de vista sobre el trabajo coordinado que se ha intensificado entre la Direcci\u00f3n de Seguridad Ciudadana municipal y la Polic\u00eda Estatal.<\/p>\n<p style=\"text-align: justify;\">\u201cNo echamos las campanas al vuelo, lo que hacemos es redoblar los esfuerzos\u201d, puntualiz\u00f3 al respecto el alcalde, al tiempo que agradeci\u00f3 la disposici\u00f3n que han tenido las fuerzas estatales para realizar patrullajes y vigilancia en comunidades, colonias y zona centro de la capital de Tlaxcala.<\/p>\n<p style=\"text-align: justify;\">Corichi record\u00f3 que la Gobernadora, Lorena Cu\u00e9llar y \u00e9l tienen el firme prop\u00f3sito de conjuntar trabajo para que la entidad sea la m\u00e1s segura de M\u00e9xico.<\/p>\n<p style=\"text-align: justify;\">Por su parte, el General Ruiz adelant\u00f3 que personal de la Secretar\u00eda tendr\u00e1 a\u00fan m\u00e1s contacto con las y los ciudadanos a fin de que se sienta su cercan\u00eda.<\/p>\n<p>&nbsp;<\/p>\n<p style=\"text-align: justify;\"><strong>Anuncia Jorge Corichi est\u00edmulos econ\u00f3micos para el cuerpo policiaco de Tlaxcala Capital <\/strong><\/p>\n<ul style=\"text-align: justify;\">\n<li><em>Felicita a la corporaci\u00f3n por su desempe\u00f1o el cual permite mejorar la percepci\u00f3n de seguridad <\/em><\/li>\n<\/ul>\n<p style=\"text-align: justify;\">\n<p style=\"text-align: justify;\">El presidente municipal de la Ciudad de Tlaxcala, Jorge Corichi, se reuni\u00f3 con integrantes de la Direcci\u00f3n de Seguridad Ciudadana y Movilidad del Ayuntamiento a quienes felicit\u00f3 por su trabajo, el cual ha permitido que mejore la percepci\u00f3n de seguridad entre la poblaci\u00f3n.<\/p>\n<p style=\"text-align: justify;\">\u201cEstamos contentos, pero no satisfechos, debemos seguir dando nuestro m\u00e1ximo esfuerzo a favor de la tranquilidad de las y los ciudadanos\u201d, expres\u00f3.<\/p>\n<p style=\"text-align: justify;\">En este marco anunci\u00f3 que las y los integrantes de la corporaci\u00f3n recibir\u00e1n est\u00edmulos econ\u00f3micos basados en su productividad. Se premiar\u00e1 puntualidad y desempe\u00f1o. Todos tendr\u00e1n oportunidad de mejorar su ingreso.<\/p>\n<p style=\"text-align: justify;\">El presidente Corichi reconoci\u00f3 en el director de la dependencia, Israel Garc\u00eda Jasso, a un polic\u00eda comprometido con la ciudad de Tlaxcala y de la misma forma lo instruy\u00f3 para que, junto con los mandos medios, al igual que todos y cada uno cada uno de los integrantes de la corporaci\u00f3n mantengan \u201cla guardia arriba contra la delincuencia\u201d.<\/p>\n<p style=\"text-align: justify;\">Acompa\u00f1ado por el jefe de la oficina de la presidencia, Miguel \u00c1ngel Ch\u00e1vez Zavala; el director jur\u00eddico del Ayuntamiento, Juan Ram\u00f3n Sanabria; la directora administrativa, Lizbeth S\u00e1nchez y el coordinador de comunicaci\u00f3n social del Ayuntamiento, Andr\u00e9s Carre\u00f3n, el alcalde Jorge Corichi confirm\u00f3 que en breve las y los polic\u00edas recibir\u00e1n una p\u00f3liza de seguro de vida la cual es necesaria, pero que desea nunca sea ocupada.<\/p>\n<p>&nbsp;<\/p>\n<p><img loading=\"lazy\" decoding=\"async\" class=\"alignnone wp-image-13677 size-full\" src=\"https:\/\/labestiapolitica.com.mx\/wp-content\/uploads\/2022\/08\/rrrrrrrrrrr.jpg\" alt=\"\" width=\"1000\" height=\"600\" \/><\/p>\n<p style=\"text-align: justify;\">&#8211;000&#8212;<\/p>\n<p style=\"text-align: justify;\"><strong>Participa Ayuntamiento de Tlaxcala en la salvaguarda, protecci\u00f3n y conservaci\u00f3n del Conjunto Conventual a un a\u00f1o de declaratoria <\/strong><\/p>\n<ul style=\"text-align: justify;\">\n<li><em>El presidente Jorge Corichi reafirma trabajo colaborativo con autoridades estatales y federales para la conservaci\u00f3n del patrimonio de las y los tlaxcaltecas<\/em><\/li>\n<\/ul>\n<p style=\"text-align: justify;\">El presidente municipal de Tlaxcala, Jorge Corichi, particip\u00f3 junto con autoridades estatales y federales en la Conmemoraci\u00f3n del Aniversario de la Declaratoria del Conjunto Conventual Franciscano y Catedralicio de Nuestra Se\u00f1ora de la Asunci\u00f3n como Patrimonio de la Humanidad por la UNESCO.<\/p>\n<p style=\"text-align: justify;\">En la ceremonia protocolaria, el edil manifest\u00f3 que su gobierno est\u00e1 comprometido con la salvaguarda, protecci\u00f3n y conservaci\u00f3n de los monumentos hist\u00f3ricos que forman parte de este patrimonio.<\/p>\n<p style=\"text-align: justify;\">\u201cEs muy grato para m\u00ed compartirles que, en el \u00e1mbito de nuestra competencia, la presente administraci\u00f3n municipal ha puesto en marcha los programas y proyectos con los que el Ayuntamiento de Tlaxcala se suma a la instrumentaci\u00f3n del Plan de manejo del Conjunto franciscano, entre ellos el de Imagen Urbana, Seguridad Ciudadana, Servicios P\u00fablicos y Protecci\u00f3n Civil, s\u00f3lo por mencionar algunos\u201d, explic\u00f3 el alcalde Corichi durante su intervenci\u00f3n.<\/p>\n<p style=\"text-align: justify;\">Como miembro honor\u00edfico del Consejo Interinstitucional para la Salvaguarda, Protecci\u00f3n y Conservaci\u00f3n del Conjunto Conventual Franciscano y Catedralicio de Nuestra Se\u00f1ora de la Asunci\u00f3n y la Zona de Monumentos de la Ciudad de Tlaxcala (CONSAFRAN), el edil capitalino inst\u00f3 a todas las instituciones para coadyuvar en la custodia del patrimonio de las y los tlaxcaltecas, el mismo que desde hace un a\u00f1o es formalmente herencia de Tlaxcala para el mundo.<\/p>\n<p style=\"text-align: justify;\">En la ceremonia de conmemoraci\u00f3n estuvieron presentes Sergio Gonz\u00e1lez Hern\u00e1ndez, Secretario de Gobierno, en representaci\u00f3n de la gobernadora Lorena Cu\u00e9llar; Antonio Mart\u00ednez Vel\u00e1zquez, secretario de Cultura de Tlaxcala, Homero Meneses Hern\u00e1ndez, secretario de Educaci\u00f3n P\u00fablica del Estado, Jos\u00e9 Vicente de la Rosa Herrera, director del Centro INAH Tlaxcala; Francisco Vidargas Acosta, de la Direcci\u00f3n de Patrimonio Mundial y Punto Focal Nacional Cultural ante UNESCO y Jos\u00e9 Antonio Aguilar Dur\u00e1n, Secretario T\u00e9cnico del CONSEJO; as\u00ed como Josefina Rodr\u00edguez Zamora, secretaria de Turismo; Luis Armando Gonz\u00e1lez Placencia, rector de la UATx y Alfonso S\u00e1nchez Garc\u00eda, secretario de Infraestructura.<\/p>\n<p style=\"text-align: justify;\">Al finalizar el acto protocolario, alumnas y alumnos de diversas instituciones de educaci\u00f3n b\u00e1sica de la capital, fueron reconocidos por el CONSAFRAN como Custodios Infantiles Honor\u00edficos del Patrimonio Cultural.<\/p>\n<p style=\"text-align: justify;\"><img loading=\"lazy\" decoding=\"async\" class=\"alignnone wp-image-13676 size-full\" src=\"https:\/\/labestiapolitica.com.mx\/wp-content\/uploads\/2022\/08\/rrrrrrr.jpg\" alt=\"\" width=\"1000\" height=\"600\" \/><\/p>\n<p style=\"text-align: justify;\"><strong>La Doctora Miriam Zacapantzi fue designada nueva coordinadora del Instituto Municipal de la Mujer en Tlaxcala <\/strong><\/p>\n<ul style=\"text-align: justify;\">\n<li><em>Asume funciones en forma inmediata precedida de una larga carrera a favor de las ni\u00f1as y mujeres tlaxcaltecas<\/em><\/li>\n<\/ul>\n<p style=\"text-align: justify;\">El presidente municipal de la Ciudad de Tlaxcala, Jorge Corichi, nombr\u00f3 este jueves a la licenciada, maestra y doctora Miriam Zacapantzi Flores como coordinadora del Instituto Municipal de la Mujer (IMM).<\/p>\n<p style=\"text-align: justify;\">La instrucci\u00f3n del alcalde para la nueva funcionaria es extremar las acciones a favor de las mujeres, trabajando fuertemente en la b\u00fasqueda de erradicar la violencia de genero.<\/p>\n<p style=\"text-align: justify;\">El jefe de la oficina del alcalde, Miguel \u00c1ngel Ch\u00e1vez Zavala, atestigu\u00f3 el cambio de estafeta en la coordinaci\u00f3n y agradeci\u00f3 a nombre del presidente, del Ayuntamiento y de la Ciudad la labor que hizo al frente de la instituci\u00f3n la licenciada Yazmin Yanel Calder\u00f3n Zavaleta.<\/p>\n<p style=\"text-align: justify;\">Personal del IMM y de otras \u00e1reas del Ayuntamiento atestiguaron el relevo que fue sellado por un apret\u00f3n de manos.<\/p>\n<p style=\"text-align: justify;\">TRAYECTORIA<\/p>\n<p style=\"text-align: justify;\">La nueva directora del Instituto Municipal de las Mujeres en Tlaxcala acredit\u00f3 la siguiente formaci\u00f3n acad\u00e9mica:<\/p>\n<p style=\"text-align: justify;\">Licenciatura en Derecho por la Universidad Popular Aut\u00f3noma del Estado de Puebla (UPAEP) 1988-1993.<\/p>\n<p style=\"text-align: justify;\">Maestr\u00eda en Derecho Penal por la Universidad Aut\u00f3noma de Tlaxcala. 1994-1996, Master Internacional en Derecho Penal y Problemas Sociales por la Universidad de Barcelona, Espa\u00f1a. 1998-1999.<\/p>\n<p style=\"text-align: justify;\">Doctorado en Derecho Penal por la Universidad Aut\u00f3noma de Tlaxcala. 1999-2000.<\/p>\n<p style=\"text-align: justify;\">Curso de Certificaci\u00f3n para Actuarios del Poder Judicial Federal. Certificado por el Instituto de Capacitaci\u00f3n del Consejo de la Judicatura Federal dependiente de la Suprema Corte de Justicia de la Naci\u00f3n 2002.<\/p>\n<p style=\"text-align: justify;\">Miriam Zacapantzi Flores ha recibido capacitaci\u00f3n continua a trav\u00e9s de las Reuniones Nacionales de Instancias de Prevenci\u00f3n Social de la Violencia y la Delincuencia, a trav\u00e9s del Centro Nacional de Prevenci\u00f3n del Delito y Participaci\u00f3n Ciudadana del Secretariado Ejecutivo del Sistema Nacional de Seguridad P\u00fablica 2010-2012.<\/p>\n<p style=\"text-align: justify;\">Particip\u00f3 en la Jornada de Sensibilizaci\u00f3n y Capacitaci\u00f3n para Servidores P\u00fablicos del Gobierno del Estado de Puebla en materia de Trata de Personas que impartieron la Comisi\u00f3n Interinstitucional para la prevenci\u00f3n del delito de Trata de Personas y para la protecci\u00f3n y Asistencia de sus V\u00edctimas, la Comisi\u00f3n Intersecretarial para prevenir y Sancionar la Trata de Personas y la Comisi\u00f3n de los Derechos Humanos.<\/p>\n<p style=\"text-align: justify;\">Curs\u00f3 el Diplomado en Trata de Personas: Un An\u00e1lisis Multidisciplinario. Septiembre-noviembre de 2012, Puebla. Por el Centro Nacional de Prevenci\u00f3n del Delito y Participaci\u00f3n Ciudadana, Colegio de la Frontera Norte.<\/p>\n<p style=\"text-align: justify;\">Tom\u00f3 el curso de Sensibilizaci\u00f3n, Seguimiento e intervenci\u00f3n a v\u00edctimas del Delito de Trata de Personas: Prostituci\u00f3n, Explotaci\u00f3n Sexual y Drogas. Octubre de 2012, Puebla. Dictado por la Procuradur\u00eda General de Justicia del Estado de Puebla.<\/p>\n<p style=\"text-align: justify;\">\u00a0Acudi\u00f3 al Seminario Internacional sobre Trata de personas. Noviembre 2012, Ciudad de M\u00e9xico. Del Centro Nacional de Prevenci\u00f3n del Delito y Participaci\u00f3n Ciudadana y el Colegio de la Frontera Norte<\/p>\n<p style=\"text-align: justify;\">Es Investigadora Nacional del CONACYT dentro de la l\u00ednea de investigaci\u00f3n: An\u00e1lisis Institucional del Proyecto de Investigaci\u00f3n Ciudades Seguras.1999-2001<\/p>\n<p style=\"text-align: justify;\">Ha sido instructora de la Academia Regional de Seguridad P\u00fablica del Sureste 2000-2005.<\/p>\n<p style=\"text-align: justify;\">Es Especialista en \u201cViolencia Escolar\u201d y Violencia de G\u00e9nero validada por el Secretariado Ejecutivo del Sistema Nacional de Seguridad P\u00fablica.<\/p>\n<p style=\"text-align: justify;\">Ha tomado el Curso Taller \u201cProtocolo homologado para la b\u00fasqueda de personas\u00a0\u00a0\u00a0\u00a0\u00a0\u00a0 desaparecidas\u201d 2017, en Puebla. De la Academia Estatal de Seguridad P\u00fablica del Estado.<\/p>\n<p style=\"text-align: justify;\">Recientemente particip\u00f3 en el Congreso Internacional de Atenci\u00f3n de las V\u00edctimas del delito, en la Ciudad de M\u00e9xico.<\/p>\n<p>&nbsp;<\/p>\n<p style=\"text-align: justify;\"><img loading=\"lazy\" decoding=\"async\" class=\"alignnone wp-image-13678 size-full\" src=\"https:\/\/labestiapolitica.com.mx\/wp-content\/uploads\/2022\/08\/llll.jpg\" alt=\"\" width=\"1000\" height=\"600\" \/><\/p>\n<p style=\"text-align: justify;\">\n<p style=\"text-align: justify;\"><strong>Tlaxcala Capital ser\u00e1 anfitriona de la 6\u00aa edici\u00f3n del Towerrunning Trail 2022<\/strong><\/p>\n<ul style=\"text-align: justify;\">\n<li>\u201c<em>La realizaci\u00f3n de eventos deportivos de talla internacional abonar\u00e1 a la promoci\u00f3n de la Ciudad de Tlaxcala como un destino eminentemente tur\u00edstico\u201d: Jorge Corichi<\/em><\/li>\n<\/ul>\n<p style=\"text-align: justify;\">El presidente municipal de Tlaxcala, Jorge Corichi anunci\u00f3 que la Ciudad Capital ser\u00e1 la sede de la 6\u00aa edici\u00f3n del Towerrunning Trail 2022, que espera una amplia participaci\u00f3n de atletas de primer nivel expertos en esta disciplina, consistente en recorrer en tiempo record, circuitos de escaleras, ya sea al aire libre o en edificios.<\/p>\n<p style=\"text-align: justify;\">En la emblem\u00e1tica Escalinata de los H\u00e9roes, el edil, acompa\u00f1ado de integrantes de la Asociaci\u00f3n Mexicana de Towerrunning y de atletas tlaxcaltecas destacados en este deporte, resalt\u00f3 el potencial de la Ciudad Capital para albergar eventos deportivos de trascendencia internacional.<\/p>\n<p style=\"text-align: justify;\">\u201cEn Tlaxcala estamos realmente orgullosos de hacer eventos nacionales e internacionales como el reciente Tour Mundial de Voleibol, que nos convierte en un referente internacional\u201d, expreso el alcalde Corichi.<\/p>\n<p style=\"text-align: justify;\">El presidente de la Asociaci\u00f3n de Towerruning M\u00e9xico, Roberto Vel\u00e1zquez, inform\u00f3 que para esta 6\u00aa edici\u00f3n del Towerrunning Trail se espera la participaci\u00f3n de al menos 400 deportistas de 20 estados de la rep\u00fablica y si las condiciones lo permiten, de algunos atletas extranjeros.<\/p>\n<p style=\"text-align: justify;\">Por su parte, el Ayuntamiento de Tlaxcala, a trav\u00e9s de la Coordinaci\u00f3n de Deporte y la Direcci\u00f3n de Seguridad Ciudadana otorgar\u00e1 todas las facilidades para el correcto desarrollo del magno evento deportivo que est\u00e1 conformado de un circuito de m\u00e1s de mil 400 escalones ubicados en puntos espec\u00edficos de la ciudad, como Ocotl\u00e1n, la Capilla del Vecino y la propia Escalinata de los H\u00e9roes.<\/p>\n<p style=\"text-align: justify;\">La presentaci\u00f3n del Towerrunning Trail 2022 cont\u00f3 con la presencia de Cecilia Herrej\u00f3n L\u00f3pez, presidenta honoraria del Sistema Municipal DIF; Roberto Vel\u00e1zquez, presidente de la Federaci\u00f3n Nacional de Towerrunning M\u00e9xico; Ver\u00f3nica S\u00e1nchez Zitlalpopocatl, primera tlaxcalteca en ganar la competencia realizada en la Torre Latinoamericana de la Ciudad de M\u00e9xico y Gabriel Olvera Cer\u00f3n, vecino de Ocotl\u00e1n, primer lugar en la carrera vertical de Tlapancalco.<\/p>\n<p style=\"text-align: justify;\">La carrera se realizar\u00e1 el pr\u00f3ximo domingo 7 de agosto a las 7:30 horas, teniendo como punto de partida la escalinata ubicada en la prolongaci\u00f3n Miraflores (conocida como Chambourcy).<\/p>\n<p style=\"text-align: justify;\">Con el prop\u00f3sito de hacer esta carrera familiar, tambi\u00e9n se tendr\u00e1 un circuito especial para ni\u00f1os y adolescentes en la Escalinata de los H\u00e9roes.<\/p>\n<p style=\"text-align: justify;\">Adem\u00e1s, se anunci\u00f3 que, a modo de incentivar la actividad econ\u00f3mica de la ciudad y brindar todas las comodidades a las y los participantes de este evento deportivo, se otorgar\u00e1n descuentos del 10, 15 y 20 por ciento en los principales hoteles de la ciudad.<\/p>\n<p style=\"text-align: justify;\">El costo de la inscripci\u00f3n al Towerrunning Trail 2022 ser\u00e1 de 250 pesos, que incluye n\u00famero de participante, cronometro personal y kit de hidrataci\u00f3n. Las inscripciones pueden realizarse a trav\u00e9s de la p\u00e1gina\u00a0\u00a0 <a href=\"https:\/\/www.towerrunningmx.com\/\">https:\/\/www.towerrunningmx.com\/<\/a><\/p>\n<p>&nbsp;<\/p>\n<p>&#8212;000&#8212;<img loading=\"lazy\" decoding=\"async\" class=\"alignnone wp-image-13679 size-full\" src=\"https:\/\/labestiapolitica.com.mx\/wp-content\/uploads\/2022\/08\/www.jpg\" alt=\"\" width=\"1000\" height=\"600\" \/><\/p>\n","protected":false},"excerpt":{"rendered":"<p>El presidente municipal, Jorge Corichi, y el secretario de seguridad ciudadana, Ra\u00fal Ruiz, coinciden en que se puede continuar avanzando La mejora en la percepci\u00f3n de seguridad entre los habitantes de Tlaxcala capital, reportada por el INEGI en su m\u00e1s reciente Encuesta Nacional sobre Seguridad Urbana, es una muestra de que si se pueden concretar [&hellip;]<\/p>\n","protected":false},"author":3,"featured_media":0,"comment_status":"open","ping_status":"open","sticky":false,"template":"","format":"standard","meta":{"footnotes":""},"categories":[7],"tags":[],"class_list":["post-13674","post","type-post","status-publish","format-standard","hentry","category-ciudadanos"],"amp_enabled":true,"_links":{"self":[{"href":"https:\/\/labestiapolitica.com.mx\/index.php?rest_route=\/wp\/v2\/posts\/13674","targetHints":{"allow":["GET"]}}],"collection":[{"href":"https:\/\/labestiapolitica.com.mx\/index.php?rest_route=\/wp\/v2\/posts"}],"about":[{"href":"https:\/\/labestiapolitica.com.mx\/index.php?rest_route=\/wp\/v2\/types\/post"}],"author":[{"embeddable":true,"href":"https:\/\/labestiapolitica.com.mx\/index.php?rest_route=\/wp\/v2\/users\/3"}],"replies":[{"embeddable":true,"href":"https:\/\/labestiapolitica.com.mx\/index.php?rest_route=%2Fwp%2Fv2%2Fcomments&post=13674"}],"version-history":[{"count":1,"href":"https:\/\/labestiapolitica.com.mx\/index.php?rest_route=\/wp\/v2\/posts\/13674\/revisions"}],"predecessor-version":[{"id":13680,"href":"https:\/\/labestiapolitica.com.mx\/index.php?rest_route=\/wp\/v2\/posts\/13674\/revisions\/13680"}],"wp:attachment":[{"href":"https:\/\/labestiapolitica.com.mx\/index.php?rest_route=%2Fwp%2Fv2%2Fmedia&parent=13674"}],"wp:term":[{"taxonomy":"category","embeddable":true,"href":"https:\/\/labestiapolitica.com.mx\/index.php?rest_route=%2Fwp%2Fv2%2Fcategories&post=13674"},{"taxonomy":"post_tag","embeddable":true,"href":"https:\/\/labestiapolitica.com.mx\/index.php?rest_route=%2Fwp%2Fv2%2Ftags&post=13674"}],"curies":[{"name":"wp","href":"https:\/\/api.w.org\/{rel}","templated":true}]}}