{"id":13768,"date":"2022-07-28T19:17:27","date_gmt":"2022-07-28T19:17:27","guid":{"rendered":"https:\/\/labestiapolitica.com.mx\/?p=13768"},"modified":"2022-08-10T19:29:30","modified_gmt":"2022-08-10T19:29:30","slug":"13768","status":"publish","type":"post","link":"https:\/\/labestiapolitica.com.mx\/?p=13768","title":{"rendered":"Noticias relevantes&#8230;Realiza Ayuntamiento de Chiautempan jornadas l\u00fadicas y de prevenci\u00f3n en Ixcotla"},"content":{"rendered":"<p style=\"text-align: justify;\">Realiza Ayuntamiento de Chiautempan jornadas l\u00fadicas y de prevenci\u00f3n en Ixcotla<\/p>\n<p style=\"text-align: justify;\">El Ayuntamiento de Chiautempan a trav\u00e9s del Instituto Municipal de la Mujer, en coordinaci\u00f3n con la Red de Derechos Sexuales y Reproductivos (DDESER), realiz\u00f3 en la comunidad de Ixcotla, las jornadas l\u00fadicas \u201cEn comunidad, prevenimos y respondemos ante la violencia sexual y el embarazo infantil\u201d, en la que se beneficiaron a m\u00e1s de 80 mujeres de este lugar.<\/p>\n<p style=\"text-align: justify;\">Jaciel Zecua Ramirez, Directora del Instituto, inform\u00f3 que esta estrategia tiene como principal objetivo difundir y promover temas relacionados a derechos sexuales y reproductivos, prevenci\u00f3n e identificaci\u00f3n de los tipos y modalidades de violencia, as\u00ed como la atenci\u00f3n de la misma.<\/p>\n<p style=\"text-align: justify;\">Durante estas jornadas l\u00fadicas se realizaron concursos y eventos art\u00edsticos y culturales como: obras de teatro o dramatizaciones, exposiciones de arte (pintura, dibujo, fotograf\u00eda, etc\u00e9tera), concursos de poes\u00eda, cuento, pintura y baile y presentaciones musicales.<\/p>\n<p style=\"text-align: justify;\">De igual manera, se llevaron a cabo talleres l\u00fadicos\/art\u00edsticos de manualidades y de lectura como cuenta cuentos adivinanzas, trabalenguas, historias, cuentos, f\u00e1bulas, juegos culturales, entre otros.<\/p>\n<p style=\"text-align: justify;\">Durante este evento estuvo presente el Presidente de Comunidad, Gregorio Quechol Ju\u00e1rez, quien apoy\u00f3 la realizaci\u00f3n de esta actividad, as\u00ed como funcionarios municipales y sociedad en general.<\/p>\n<p>&nbsp;<\/p>\n<p><img loading=\"lazy\" decoding=\"async\" class=\"alignnone wp-image-13769 size-full\" src=\"https:\/\/labestiapolitica.com.mx\/wp-content\/uploads\/2022\/08\/28-.jpg\" alt=\"\" width=\"1000\" height=\"600\" \/><\/p>\n<p>&nbsp;<\/p>\n<p style=\"text-align: justify;\">Hoy, Mi Nueva Banda el Mexicano, caballo blanco, Festival de Danz\u00f3n y rodada ciclista en la Feria<\/p>\n<p style=\"text-align: justify;\">&#8211; Este jueves 29 de julio, la Feria de Chiautempan tendr\u00e1 varios eventos de gran calidad<\/p>\n<p style=\"text-align: justify;\">Este jueves 29 de julio, las familias disfrutar\u00e1n de la presentaci\u00f3n totalmente gratis de \u201cMi Nueva Banda El Mexicano\u201d Caballo Blanco, El Nuevo Rey a las 21 horas, as\u00ed el Gran Festival de Danz\u00f3n en punto de las 17:30 horas.<\/p>\n<p style=\"text-align: justify;\">El Patronato de la Feria invita a todas las familias chiautempenses y tlaxcaltecas a que se den cita en el Recinto Ferial.<\/p>\n<p style=\"text-align: justify;\">Cans\u00e9 se\u00f1alar que el Festival de Danz\u00f3n se disfrutar\u00e1 con la \u201cOrquesta Continental\u201d, a las 17:30 horas, a fin de que los amantes de este genero musical asistan a este gran evento que pondr\u00e1 a bailar a los presentes.<\/p>\n<p style=\"text-align: justify;\">Y en punto de las 20:00, se realizar\u00e1 la rodada de feria, la cual tendr\u00e1 como punto de salida el kiosco del parque Ju\u00e1rez, frente a los portales de este municipio, para posteriormente recorrer las principales calles de esta ciudad.<\/p>\n<p>&nbsp;<\/p>\n<p>&nbsp;<\/p>\n<p>&nbsp;<\/p>\n<p><img loading=\"lazy\" decoding=\"async\" class=\"alignnone wp-image-13770 size-full\" src=\"https:\/\/labestiapolitica.com.mx\/wp-content\/uploads\/2022\/08\/444444.jpg\" alt=\"\" width=\"1000\" height=\"600\" \/><\/p>\n<p>&nbsp;<\/p>\n<p style=\"text-align: justify;\">Kenny Avil\u00e9s vocalista y l\u00edder de la banda \u201cKenny y los El\u00e9ctricos\u201d, hizo vibrar el teatro del Pueblo de la Feria Chiautempan 2022. La madre del rock mexicano entreg\u00f3 una de sus mejores presentaciones a los chiautempenses y visitantes que arribaron este d\u00eda a la feria del municipio lanero.<\/p>\n<p>&nbsp;<\/p>\n<p style=\"text-align: justify;\">Atiende PC y SP de Chiautempan fuga de gas tras colapso de barda<\/p>\n<p style=\"text-align: justify;\">* El incidente se registr\u00f3 en el Mercado Hidalgo; no se reportan personas lesionadas<\/p>\n<p style=\"text-align: justify;\">Derivado de la intensa lluvia registrada este mi\u00e9rcoles, una barda de la iglesia de El Carmen, colaps\u00f3 sobre la estructura del Mercado Hidalgo provocando da\u00f1os en un tanque estacionario.<\/p>\n<p style=\"text-align: justify;\">Por lo anterior, se registr\u00f3 una fuga de gas LP que fue controlada por los cuerpos de emergencia municipales.<\/p>\n<p style=\"text-align: justify;\">Gracias a la r\u00e1pida intervenci\u00f3n de las autoridades, no se reportaron personas lesionadas ni da\u00f1os de consideraci\u00f3n al inmueble.<\/p>\n<p>&nbsp;<\/p>\n<p><img loading=\"lazy\" decoding=\"async\" class=\"alignnone wp-image-13771 size-full\" src=\"https:\/\/labestiapolitica.com.mx\/wp-content\/uploads\/2022\/08\/6666.jpg\" alt=\"\" width=\"1000\" height=\"600\" \/><\/p>\n<p>&nbsp;<\/p>\n<p style=\"text-align: justify;\">Apadrin\u00f3 Presidente de Chiautempan a alumnos de escuelas del municipio<\/p>\n<p style=\"text-align: justify;\">El presidente municipal de Chiautempan, Gustavo Jim\u00e9nez Romero, asisti\u00f3 como padrino de la generaci\u00f3n 2020- 2022 del Jard\u00edn de Ni\u00f1os Antonio D\u00edaz Varela, as\u00ed como de la generaci\u00f3n 2019-2022 de la Escuela Secundaria T\u00e9cnica No. 4 y 35, respectivamente, esto como parte del compromiso que tiene con la educaci\u00f3n.<\/p>\n<p style=\"text-align: justify;\">Durante los eventos, Jim\u00e9nez Romero resalt\u00f3 que para su administraci\u00f3n es prioridad la educaci\u00f3n de calidad en la ni\u00f1ez y juventud chiautempense, ya que ellos son el futuro de la sociedad tlaxcalteca y hoy cuentan con las herramientas necesarias para forjar un futuro mejor.<\/p>\n<p style=\"text-align: justify;\">\u201cEn mi proyecto de gobierno la educaci\u00f3n es una de las prioridades, y hoy ser testigo de este logro en sus vidas me llena de entusiasmo porque s\u00e9 que hay en ustedes un futuro prometedor para nuestro municipio, para nuestro estado y en consecuencia para nuestra sociedad\u201d expuso.<\/p>\n<p style=\"text-align: justify;\">Finalmente, ante directivos, personal docente, padres de familia y funcionarios estatales, felicit\u00f3 a todo a los graduados, los exhort\u00f3 a seguir adelante con sus estudios y reconoci\u00f3 el sacrifico y enorme esfuerzo de los padres, pues sin ellos, este paso no se hubiera alcanzado tan f\u00e1cilmente, dijo.<\/p>\n<p style=\"text-align: justify;\">\u201cNo me queda m\u00e1s que agradecer esta distinci\u00f3n, muchas felicidades y por supuesto, un reconocimiento especial a sus padres y docentes, por ser gu\u00eda y respaldo. Sigan adelante, sigan estudiando sigan siendo j\u00f3venes y se\u00f1oritas de bien\u201d.}<\/p>\n<p>&nbsp;<\/p>\n<p><img loading=\"lazy\" decoding=\"async\" class=\"alignnone wp-image-13772 size-full\" src=\"https:\/\/labestiapolitica.com.mx\/wp-content\/uploads\/2022\/08\/77.jpg\" alt=\"\" width=\"1000\" height=\"600\" \/><\/p>\n<p>&nbsp;<\/p>\n<p style=\"text-align: justify;\">Hoy, la estrella de rock \u201cKenny y los El\u00e9ctricos\u201d gratis en la feria de Chiautempan<\/p>\n<p style=\"text-align: justify;\">Totalmente gratis, en punto de las 21:00 horas, la Feria Chiautempan en su edici\u00f3n 2022 se engalanar\u00e1 con la presentaci\u00f3n de la estrella de rock \u201cKenny y los El\u00e9ctricos\u201d.<\/p>\n<p style=\"text-align: justify;\">Esta emblem\u00e1tica agrupaci\u00f3n llenar\u00e1 de buena vibra y rock and roll el teatro del Pueblo del Recinto Ferial.<\/p>\n<p style=\"text-align: justify;\">Cabe se\u00f1alar que \u201cKenny y los El\u00e9ctricos\u201d es una agrupaci\u00f3n que se form\u00f3 en 1980 por la cantante mexicana Kenny Avil\u00e9s, l\u00edder y vocalista, quien es conocida como \u00abla madre del rock mexicano\u00bb.<\/p>\n<p style=\"text-align: justify;\">Antes de esta presentaci\u00f3n estelar, se contar\u00e1 con la banda de rock \u201cThe Peores\u201d, en punto de las 19:00 horas, en las mismas instalaciones, por lo que el Ayuntamiento de Chiautempan a trav\u00e9s del Patronato de Feria, invita a las familias chiautempenses y tlaxcaltecas a que acudan a la Feria Chiautempan 2022 para que disfruten de estos espect\u00e1culos de gran calidad.<\/p>\n","protected":false},"excerpt":{"rendered":"<p>Realiza Ayuntamiento de Chiautempan jornadas l\u00fadicas y de prevenci\u00f3n en Ixcotla El Ayuntamiento de Chiautempan a trav\u00e9s del Instituto Municipal de la Mujer, en coordinaci\u00f3n con la Red de Derechos Sexuales y Reproductivos (DDESER), realiz\u00f3 en la comunidad de Ixcotla, las jornadas l\u00fadicas \u201cEn comunidad, prevenimos y respondemos ante la violencia sexual y el embarazo [&hellip;]<\/p>\n","protected":false},"author":3,"featured_media":0,"comment_status":"open","ping_status":"open","sticky":false,"template":"","format":"standard","meta":{"footnotes":""},"categories":[7],"tags":[],"class_list":["post-13768","post","type-post","status-publish","format-standard","hentry","category-ciudadanos"],"amp_enabled":true,"_links":{"self":[{"href":"https:\/\/labestiapolitica.com.mx\/index.php?rest_route=\/wp\/v2\/posts\/13768","targetHints":{"allow":["GET"]}}],"collection":[{"href":"https:\/\/labestiapolitica.com.mx\/index.php?rest_route=\/wp\/v2\/posts"}],"about":[{"href":"https:\/\/labestiapolitica.com.mx\/index.php?rest_route=\/wp\/v2\/types\/post"}],"author":[{"embeddable":true,"href":"https:\/\/labestiapolitica.com.mx\/index.php?rest_route=\/wp\/v2\/users\/3"}],"replies":[{"embeddable":true,"href":"https:\/\/labestiapolitica.com.mx\/index.php?rest_route=%2Fwp%2Fv2%2Fcomments&post=13768"}],"version-history":[{"count":2,"href":"https:\/\/labestiapolitica.com.mx\/index.php?rest_route=\/wp\/v2\/posts\/13768\/revisions"}],"predecessor-version":[{"id":13774,"href":"https:\/\/labestiapolitica.com.mx\/index.php?rest_route=\/wp\/v2\/posts\/13768\/revisions\/13774"}],"wp:attachment":[{"href":"https:\/\/labestiapolitica.com.mx\/index.php?rest_route=%2Fwp%2Fv2%2Fmedia&parent=13768"}],"wp:term":[{"taxonomy":"category","embeddable":true,"href":"https:\/\/labestiapolitica.com.mx\/index.php?rest_route=%2Fwp%2Fv2%2Fcategories&post=13768"},{"taxonomy":"post_tag","embeddable":true,"href":"https:\/\/labestiapolitica.com.mx\/index.php?rest_route=%2Fwp%2Fv2%2Ftags&post=13768"}],"curies":[{"name":"wp","href":"https:\/\/api.w.org\/{rel}","templated":true}]}}