{"id":13775,"date":"2022-07-29T19:36:39","date_gmt":"2022-07-29T19:36:39","guid":{"rendered":"https:\/\/labestiapolitica.com.mx\/?p=13775"},"modified":"2022-08-10T19:46:31","modified_gmt":"2022-08-10T19:46:31","slug":"notas-relevantes-de-julio-chiautempan-comprometido-con-el-gobierno-del-estado-para-redoblar-esfuerzos-en-materia-de-seguridad","status":"publish","type":"post","link":"https:\/\/labestiapolitica.com.mx\/?p=13775","title":{"rendered":"Notas relevantes de julio&#8230;Chiautempan comprometido con el gobierno del estado para redoblar esfuerzos en materia de seguridad"},"content":{"rendered":"<header class=\"entry-header penci-entry-header penci-title-\">\n<h1 class=\"entry-title penci-entry-title penci-title-\">Este lunes, espectacular desfile de feria en Chiautempan<\/h1>\n<p><i class=\"fa fa-facebook\"><\/i><i class=\"fa fa-twitter\"><\/i><i class=\"fa fa-whatsapp\"><\/i><i class=\"fa fa-envelope\"><\/i><\/header>\n<div class=\"entry-media penci-entry-media\">\n<div class=\"post-format-meta \">\n<div class=\"post-image penci-standard-format\"><img loading=\"lazy\" decoding=\"async\" class=\"attachment-penci-thumb-960-auto size-penci-thumb-960-auto wp-post-image\" src=\"https:\/\/www.385grados.com.mx\/wp-content\/uploads\/2022\/07\/IMG_20220731_182318.jpg\" sizes=\"auto, (max-width: 600px) 100vw, 600px\" srcset=\"https:\/\/www.385grados.com.mx\/wp-content\/uploads\/2022\/07\/IMG_20220731_182318.jpg 600w, https:\/\/www.385grados.com.mx\/wp-content\/uploads\/2022\/07\/IMG_20220731_182318-300x188.jpg 300w, https:\/\/www.385grados.com.mx\/wp-content\/uploads\/2022\/07\/IMG_20220731_182318-585x366.jpg 585w\" alt=\"\" width=\"600\" height=\"375\" \/><\/div>\n<\/div>\n<\/div>\n<div class=\"penci-entry-content entry-content\">\n<p>El ayuntamiento de Chiautempan, a trav\u00e9s del Patronato de Feria, llevar\u00e1 a cabo este lunes 1 de agosto en punto de las 1O:45 horas, el espectacular desfile de la Feria Chiautempan 2022, por las principales calles de la ciudad.<\/p>\n<p>Cabe se\u00f1alar, que este gran espect\u00e1culo iniciar\u00e1 en el estadio \u201cProspero Cahuantzi\u201d, para seguir por la toda la calle D\u00edaz Varela, Bernardo Picazo, posteriormente pasar\u00e1 por el parque Ju\u00e1rez y despu\u00e9s por la calle Hidalgo.<\/p>\n<p>De ah\u00ed, continuar\u00e1 su recorrido por la calle Centenario hasta incorporarse a la calle Ignacio Picazo norte y concluir en el parque La Paz.<\/p>\n<p>Este colorido desfile de la Feria Chiautempan 2022, contar\u00e1 con carros aleg\u00f3ricos, batucadas, bastoneras, acr\u00f3batas de motos, grupos de bochos, marching band, entre otros. Al t\u00e9rmino del recorrido habr\u00e1 presentaci\u00f3n de grupo musical y bandas en las diferentes calles del centro de la ciudad.<\/p>\n<p>De igual manera, se espera la participaci\u00f3n de escuelas que se encuentran en este municipio, as\u00ed como, varios comercios y empresas locales como: Providencia, Comex, El Cubanito, entre otros.<\/p>\n<\/div>\n<header class=\"entry-header penci-entry-header penci-title-\">\n<h1 class=\"entry-title penci-entry-title penci-title-\" style=\"text-align: justify;\">En Chiautempan, espectacular duelo entre Sonora Dinamita y la Sonora Tropicana<\/h1>\n<p><i class=\"fa fa-facebook\"><\/i><i class=\"fa fa-twitter\"><\/i><i class=\"fa fa-whatsapp\"><\/i><i class=\"fa fa-envelope\"><\/i><\/header>\n<div class=\"entry-media penci-entry-media\">\n<div class=\"post-format-meta \">\n<div class=\"post-image penci-standard-format\"><img loading=\"lazy\" decoding=\"async\" class=\"attachment-penci-thumb-960-auto size-penci-thumb-960-auto wp-post-image\" src=\"https:\/\/www.385grados.com.mx\/wp-content\/uploads\/2022\/07\/IMG_20220731_135928.jpg\" sizes=\"auto, (max-width: 600px) 100vw, 600px\" srcset=\"https:\/\/www.385grados.com.mx\/wp-content\/uploads\/2022\/07\/IMG_20220731_135928.jpg 600w, https:\/\/www.385grados.com.mx\/wp-content\/uploads\/2022\/07\/IMG_20220731_135928-300x188.jpg 300w, https:\/\/www.385grados.com.mx\/wp-content\/uploads\/2022\/07\/IMG_20220731_135928-585x366.jpg 585w\" alt=\"\" width=\"600\" height=\"375\" \/><\/div>\n<\/div>\n<\/div>\n<div class=\"penci-entry-content entry-content\">\n<p style=\"text-align: justify;\">El 31 de julio\u00a0 en punto de las 21 horas, el Patronato de Feria, llevar\u00e1 a cabo el espectacular duelo de baile entre La Sonora Dinamita vs. La Sonora Tropicana, totalmente gratis, en el Teatro del Pueblo del Recinto Ferial.<\/p>\n<p style=\"text-align: justify;\">De igual manera, al filo de las 17:30 horas, se realizar\u00e1 el festival del circo y arte urbano en las instalaciones de la Feria Chiautempan 2022. Cabe se\u00f1alar que este evento tambi\u00e9n es totalmente gratuito, a fin de que las familias tlaxcaltecas y chiautempenses disfruten de un domingo agradable durante su estancia en este lugar.<\/p>\n<p style=\"text-align: justify;\">Asimismo, recordamos a la sociedad en general que est\u00e1 a la venta en la Feria Chiautempan 2022, la pulsera m\u00e1gica con un costo de $100 pesos la cual consiste en dar acceso a todos los juegos mec\u00e1nicos y todas las veces que quieran, durante un d\u00eda.<\/p>\n<p style=\"text-align: justify;\">Cabe se\u00f1alar que, las pulseras aplican por persona y se pueden adquirir en las instalaciones del Recinto Ferial, con el objetivo de que puedan pasar un d\u00eda lleno de alegr\u00eda y diversi\u00f3n.<\/p>\n<\/div>\n<header class=\"entry-header penci-entry-header penci-title-\">\n<h1 class=\"entry-title penci-entry-title penci-title-\">Frustra robo de veh\u00edculo polic\u00eda Chiautempan<\/h1>\n<p><i class=\"fa fa-facebook\"><\/i><i class=\"fa fa-twitter\"><\/i><i class=\"fa fa-whatsapp\"><\/i><i class=\"fa fa-envelope\"><\/i><\/header>\n<div class=\"entry-media penci-entry-media\">\n<div class=\"post-format-meta \">\n<div class=\"post-image penci-standard-format\"><img loading=\"lazy\" decoding=\"async\" class=\"attachment-penci-thumb-960-auto size-penci-thumb-960-auto wp-post-image\" src=\"https:\/\/www.385grados.com.mx\/wp-content\/uploads\/2022\/07\/detendo-chiautempan-22-de-juilio-2022-2.png\" sizes=\"auto, (max-width: 600px) 100vw, 600px\" srcset=\"https:\/\/www.385grados.com.mx\/wp-content\/uploads\/2022\/07\/detendo-chiautempan-22-de-juilio-2022-2.png 600w, https:\/\/www.385grados.com.mx\/wp-content\/uploads\/2022\/07\/detendo-chiautempan-22-de-juilio-2022-2-300x188.png 300w, https:\/\/www.385grados.com.mx\/wp-content\/uploads\/2022\/07\/detendo-chiautempan-22-de-juilio-2022-2-585x366.png 585w\" alt=\"\" width=\"600\" height=\"375\" \/><\/div>\n<\/div>\n<\/div>\n<div class=\"penci-entry-content entry-content\">\n<p style=\"text-align: justify;\"><em>*Recibieron una llamada de alerta.<\/em><\/p>\n<p style=\"text-align: justify;\">\u00a0Elementos de la Direcci\u00f3n de Seguridad P\u00fablica Municipal lograron detener a dos personas que minutos antes intentaron robar un veh\u00edculo en la colonia Industrial.<\/p>\n<p style=\"text-align: justify;\">De acuerdo al reporte oficial elemento del municipio de Chiautempan recibieron una llamada de auxilio v\u00eda radio transmisor, ya que en la zona conocida como de Bares ubicada en la colonia Industrial intentaron robar un veh\u00edculo.<\/p>\n<p style=\"text-align: justify;\">Al llegar al lugar, los elementos municipales atendieron el llamado de auxilio de empleados de la zona ya que se\u00f1alaron sin temor a equivocarse a dos personas del sexo masculinos quienes minutos antes intentaron robar un veh\u00edculo marca KIA tipo R\u00edo color gris.<\/p>\n<p style=\"text-align: justify;\">Por la pronta atenci\u00f3n de los polic\u00edas municipales se logr\u00f3 la detenci\u00f3n de quienes dijeron llamarse Aar\u00f3n N. y Daniel N. quienes fueron puesto a disposici\u00f3n del Ministerio P\u00fablico del fuero com\u00fan para que respondan por los hechos que se les acusa.<\/p>\n<\/div>\n<header class=\"entry-header penci-entry-header penci-title-\">\n<h1 class=\"entry-title penci-entry-title penci-title-\">Polic\u00eda municipal, estatal y federal montan operativo de seguridad para la Feria Chiautempan 2022<\/h1>\n<p><i class=\"fa fa-facebook\"><\/i><i class=\"fa fa-twitter\"><\/i><i class=\"fa fa-whatsapp\"><\/i><i class=\"fa fa-envelope\"><\/i><\/header>\n<div class=\"entry-media penci-entry-media\">\n<div class=\"post-format-meta \">\n<div class=\"post-image penci-standard-format\" style=\"text-align: justify;\"><img loading=\"lazy\" decoding=\"async\" class=\"attachment-penci-thumb-960-auto size-penci-thumb-960-auto wp-post-image\" src=\"https:\/\/www.385grados.com.mx\/wp-content\/uploads\/2022\/07\/CHIAUTEMPAN-21-DE-JULIO.png\" sizes=\"auto, (max-width: 600px) 100vw, 600px\" srcset=\"https:\/\/www.385grados.com.mx\/wp-content\/uploads\/2022\/07\/CHIAUTEMPAN-21-DE-JULIO.png 600w, https:\/\/www.385grados.com.mx\/wp-content\/uploads\/2022\/07\/CHIAUTEMPAN-21-DE-JULIO-300x188.png 300w, https:\/\/www.385grados.com.mx\/wp-content\/uploads\/2022\/07\/CHIAUTEMPAN-21-DE-JULIO-585x366.png 585w\" alt=\"\" width=\"600\" height=\"375\" \/><\/div>\n<\/div>\n<\/div>\n<div class=\"penci-entry-content entry-content\">\n<p style=\"text-align: justify;\">La Polic\u00eda municipal de Chiautempan en coordinaci\u00f3n con la Guardia Nacional y la Secretar\u00eda de Seguridad Ciudadana implementaron un operativo especial de seguridad y vigilancia en todo el municipio con motivo de la realizaci\u00f3n de la feria del municipio, la cual se llevar\u00e1 a cabo del 22 de julio al 2 de agosto.<\/p>\n<p style=\"text-align: justify;\">El objetivo es vivir una fiesta en paz, tranquila y familiar, donde los miles de visitantes locales, nacionales y extranjeros disfruten de los m\u00e1s de 50 eventos que se han organizado en el recinto ferial.<\/p>\n<p style=\"text-align: justify;\">Al respecto, el director de seguridad p\u00fablica, Jes\u00fas Herrera coment\u00f3 que \u201cel prop\u00f3sito es garantizar la seguridad de visitantes nacionales y extranjeros y expositores durante las actividades de la Feria Chiautempan 2022\u201d.<\/p>\n<p style=\"text-align: justify;\">Lo que se busca, dijo, es prevenir incidentes en esta fiesta que se desarrollar\u00e1 en el municipio y por ese motivo se cuenta con un operativo especial de seguridad, pues la finalidad es garantizar la integridad f\u00edsica y patrimonial de los visitantes.<\/p>\n<p style=\"text-align: justify;\">En ese sentido, elementos de la Direcci\u00f3n de Seguridad P\u00fablica Municipal, as\u00ed como de municipios vecinos junto con Guardia Nacional y estatal, trabajar\u00e1n para mantener el orden en el recinto ferial y las comunidades aleda\u00f1as sin descuidar el centro de la ciudad.<\/p>\n<\/div>\n<header class=\"entry-header penci-entry-header penci-title-\">\n<h1 class=\"entry-title penci-entry-title penci-title-\">Realiza Ayuntamiento de Chiautempan trabajos de imagen urbana en Recinto Ferial y calles aleda\u00f1as<\/h1>\n<p><i class=\"fa fa-facebook\"><\/i><i class=\"fa fa-twitter\"><\/i><i class=\"fa fa-whatsapp\"><\/i><i class=\"fa fa-envelope\"><\/i><\/header>\n<div class=\"entry-media penci-entry-media\">\n<div class=\"post-format-meta \">\n<div class=\"post-image penci-standard-format\"><img loading=\"lazy\" decoding=\"async\" class=\"attachment-penci-thumb-960-auto size-penci-thumb-960-auto wp-post-image\" src=\"https:\/\/www.385grados.com.mx\/wp-content\/uploads\/2022\/07\/chiautempan-19-de-julio-2022-2.png\" sizes=\"auto, (max-width: 600px) 100vw, 600px\" srcset=\"https:\/\/www.385grados.com.mx\/wp-content\/uploads\/2022\/07\/chiautempan-19-de-julio-2022-2.png 600w, https:\/\/www.385grados.com.mx\/wp-content\/uploads\/2022\/07\/chiautempan-19-de-julio-2022-2-300x188.png 300w, https:\/\/www.385grados.com.mx\/wp-content\/uploads\/2022\/07\/chiautempan-19-de-julio-2022-2-585x366.png 585w\" alt=\"\" width=\"600\" height=\"375\" \/><\/div>\n<\/div>\n<\/div>\n<div class=\"penci-entry-content entry-content\">\n<p style=\"text-align: justify;\"><em>*Para que se encuentren en mejores condiciones. \u00a0<\/em><\/p>\n<p style=\"text-align: justify;\">\u00a0REDACCI\u00d3N \/ Con el prop\u00f3sito de que la Feria Chiautempan 2022 se encuentre en las mejores condiciones y sea atractiva para todos los visitantes, el Ayuntamiento de Chiautempan mantiene desde hace d\u00edas, trabajos de mantenimiento, limpieza y pintura en el recinto ferial y calles aleda\u00f1as.<\/p>\n<p style=\"text-align: justify;\">Cabe recordar que esta feria, que es de todos los chiautempenses, se llevar\u00e1 a cabo del 22 de julio al 2 de agosto, por lo que se trabaja arduamente para acondicionar todas las instalaciones para el disfrute de todas las familias visitantes.<\/p>\n<p style=\"text-align: justify;\">La Feria Chiautempan 2022 contar\u00e1 con m\u00e1s de 50 eventos de los cuales el 95 % de estos ser\u00e1n de manera gratuita, a fin de que puedan asistir personas de todas las edades a disfrutar de esta festividad.<\/p>\n<p style=\"text-align: justify;\">Entre el programa gratuito se encuentra la presentaci\u00f3n estelar de Sangre Felina; Grupo Cumbiando de Edgar Dom\u00ednguez y Daniel Mart\u00ednez; Kenny y los El\u00e9ctricos, la orquesta de salsa \u201cEstrellas de Niche\u201d; el show c\u00f3mico del \u201cIndio Brayan\u201d, as\u00ed como, Carlos Donald de \u201cParodiando\u201d.<\/p>\n<p style=\"text-align: justify;\">Adem\u00e1s, del espectacular duelo de la Sonora Dinamita vs la Sonora Tropicana y del gran baile popular de Bronco y del baile de cierre de feria con Rayito Colombiano y la Sonora Santanera.<\/p>\n<\/div>\n<header class=\"entry-header penci-entry-header penci-title-\">\n<h1 class=\"entry-title penci-entry-title penci-title-\">Chiautempan comprometido con el gobierno del estado para redoblar esfuerzos en materia de seguridad<\/h1>\n<p><i class=\"fa fa-facebook\"><\/i><i class=\"fa fa-twitter\"><\/i><i class=\"fa fa-whatsapp\"><\/i><i class=\"fa fa-envelope\"><\/i><\/header>\n<div class=\"entry-media penci-entry-media\">\n<div class=\"post-format-meta \">\n<div class=\"post-image penci-standard-format\"><img loading=\"lazy\" decoding=\"async\" class=\"attachment-penci-thumb-960-auto size-penci-thumb-960-auto wp-post-image\" src=\"https:\/\/www.385grados.com.mx\/wp-content\/uploads\/2022\/07\/chiautempan-18-julio-3.png\" sizes=\"auto, (max-width: 600px) 100vw, 600px\" srcset=\"https:\/\/www.385grados.com.mx\/wp-content\/uploads\/2022\/07\/chiautempan-18-julio-3.png 600w, https:\/\/www.385grados.com.mx\/wp-content\/uploads\/2022\/07\/chiautempan-18-julio-3-300x188.png 300w, https:\/\/www.385grados.com.mx\/wp-content\/uploads\/2022\/07\/chiautempan-18-julio-3-585x366.png 585w\" alt=\"\" width=\"600\" height=\"375\" \/><\/div>\n<\/div>\n<\/div>\n<div class=\"penci-entry-content entry-content\">\n<p style=\"text-align: justify;\"><em>*El objetivo de los municipios es hacer equipo y coadyuvar, desde el \u00e1mbito de su competencia, a que Tlaxcala se mantenga como uno de los estados m\u00e1s seguros del pa\u00eds.<\/em><\/p>\n<p style=\"text-align: justify;\">\u00a0El presidente municipal de Chiautempan, Gustavo Jim\u00e9nez Romero asisti\u00f3 la Mesa de trabajo: Gobierno, Seguridad y Procuraci\u00f3n de Justicia, Estado-Municipios que encabez\u00f3 la gobernadora Lorena Cu\u00e9llar Cisneros.<\/p>\n<p style=\"text-align: justify;\">En dicho conclave, Jim\u00e9nez Romero se comprometi\u00f3 con el estado en coadyuvar, desde el \u00e1mbito de su competencia, para que Tlaxcala se mantenga como uno de los estados m\u00e1s seguros del pa\u00eds, pues el reto es que en coordinaci\u00f3n, inteligencia y estrategia, Chiautempan sea ejemplo en el tema de seguridad.<\/p>\n<p style=\"text-align: justify;\">Por su parte, la titular del Ejecutivo local agradeci\u00f3 el respaldo de la Federaci\u00f3n y de los municipios, ya que son parte fundamental para mantener al estado en los primeros lugares de seguridad a nivel nacional, pues tan solo en los meses pasados de diciembre y mayo la entidad logr\u00f3 el primer lugar en esta estad\u00edstica gracias a la disminuci\u00f3n de delitos.<\/p>\n<p style=\"text-align: justify;\">Dijo que siempre respaldar\u00e1 a las y los alcaldes, a quienes pidi\u00f3 redoblar esfuerzos para dar continuidad a las estrategias de la seguridad, como es el caso de contar con el n\u00famero de polic\u00edas acorde a la poblaci\u00f3n, destinar presupuesto a su desempe\u00f1o, avanzar en su certificaci\u00f3n y capacitaci\u00f3n, adem\u00e1s de regular la venta de bebidas embriagantes, as\u00ed como fortalecer el tema de prevenci\u00f3n y erradicaci\u00f3n de violencia de g\u00e9nero, por lo que impulsar\u00e1 el programa Polic\u00eda de G\u00e9nero, aunado a los trabajos para la edificaci\u00f3n de los cinco cuarteles de la Guardia Nacional, entre otras acciones.<\/p>\n<p style=\"text-align: justify;\">En ese sentido, autoridades de los tres niveles de gobierno acordaron implementar estrategias conjuntas enfocadas a mejorar la coordinaci\u00f3n institucional para brindar m\u00e1s seguridad en todo el estado y con ello proteger la vida y el patrimonio de la gente.<\/p>\n<\/div>\n<header class=\"entry-header penci-entry-header penci-title-\">\n<h1 class=\"entry-title penci-entry-title penci-title-\">Concluyen con \u00e9xito curso de ingl\u00e9s b\u00e1sico en Chiautempan<\/h1>\n<p><i class=\"fa fa-facebook\"><\/i><i class=\"fa fa-twitter\"><\/i><i class=\"fa fa-whatsapp\"><\/i><i class=\"fa fa-envelope\"><\/i><\/header>\n<div class=\"entry-media penci-entry-media\">\n<div class=\"post-format-meta \">\n<div class=\"post-image penci-standard-format\"><img loading=\"lazy\" decoding=\"async\" class=\"attachment-penci-thumb-960-auto size-penci-thumb-960-auto wp-post-image\" src=\"https:\/\/www.385grados.com.mx\/wp-content\/uploads\/2022\/07\/chiautempan-18-julio-4.png\" sizes=\"auto, (max-width: 600px) 100vw, 600px\" srcset=\"https:\/\/www.385grados.com.mx\/wp-content\/uploads\/2022\/07\/chiautempan-18-julio-4.png 600w, https:\/\/www.385grados.com.mx\/wp-content\/uploads\/2022\/07\/chiautempan-18-julio-4-300x188.png 300w, https:\/\/www.385grados.com.mx\/wp-content\/uploads\/2022\/07\/chiautempan-18-julio-4-585x366.png 585w\" alt=\"\" width=\"600\" height=\"375\" \/><\/div>\n<\/div>\n<\/div>\n<div class=\"penci-entry-content entry-content\">\n<p>Con el prop\u00f3sito de que m\u00e1s chiautempenses adquieran conocimientos de un segundo idioma para contar con mejores herramientas para la vida laboral, el Ayuntamiento de Chiautempan, llev\u00f3 a cabo un curso gratuito de ingl\u00e9s b\u00e1sico, del cual 16 j\u00f3venes concluyeron con \u00e9xito.<\/p>\n<p>Cabe se\u00f1alar que, esta capacitaci\u00f3n se realiz\u00f3 en las instalaciones del Instituto de la Juventud Municipal y cont\u00f3 con una duraci\u00f3n de 60 horas. En pr\u00f3ximas fechas se aperturar\u00e1 el curso de ingl\u00e9s intermedio para las personas que deseen continuar con sus estudios en este idioma extranjero.<\/p>\n<p>Es importante mencionar que los alumnos que finalizaron este curso recibieron una constancia por parte del Instituto de Capacitaci\u00f3n para el Trabajo del Estado de Tlaxcala (Icatlax), el cual tiene validez oficial por parte de la SEP.<\/p>\n<p>Durante el evento de clausura se cont\u00f3 con la presencia de Mar\u00eda Fernanda Netzahuatl, directora del Instituto de la Juventud de Chiautempan en representaci\u00f3n del presidente municipal Gustavo Jim\u00e9nez Romero.<\/p>\n<\/div>\n<header class=\"entry-header penci-entry-header penci-title-\">\n<h1 class=\"entry-title penci-entry-title penci-title-\" style=\"text-align: justify;\">Chiautempan, primer municipio en instalar sala para atender crisis y emergencias de seguridad<\/h1>\n<p><i class=\"fa fa-facebook\"><\/i><i class=\"fa fa-twitter\"><\/i><i class=\"fa fa-whatsapp\"><\/i><i class=\"fa fa-envelope\"><\/i><\/header>\n<div class=\"entry-media penci-entry-media\">\n<div class=\"post-format-meta \">\n<div class=\"post-image penci-standard-format\"><img loading=\"lazy\" decoding=\"async\" class=\"attachment-penci-thumb-960-auto size-penci-thumb-960-auto wp-post-image\" src=\"https:\/\/www.385grados.com.mx\/wp-content\/uploads\/2022\/07\/Chiautempan-16.png\" sizes=\"auto, (max-width: 600px) 100vw, 600px\" srcset=\"https:\/\/www.385grados.com.mx\/wp-content\/uploads\/2022\/07\/Chiautempan-16.png 600w, https:\/\/www.385grados.com.mx\/wp-content\/uploads\/2022\/07\/Chiautempan-16-300x188.png 300w, https:\/\/www.385grados.com.mx\/wp-content\/uploads\/2022\/07\/Chiautempan-16-585x366.png 585w\" alt=\"\" width=\"600\" height=\"375\" \/><\/div>\n<\/div>\n<\/div>\n<div class=\"penci-entry-content entry-content\">\n<p style=\"text-align: justify;\"><em>*El objetivo es mantener una estrecha coordinaci\u00f3n con municipios aleda\u00f1os as\u00ed como con la Secretar\u00eda de Seguridad Ciudadana.<\/em><\/p>\n<p style=\"text-align: justify;\">\u00a0El municipio de Chiautempan es el primero en crear y poner al servicio una \u201cSala de Crisis\u201d para atender emergencias y coordinar acciones de seguridad que sucedan en la demarcaci\u00f3n y en los municipios vecinos.<\/p>\n<p style=\"text-align: justify;\">En la primera reuni\u00f3n de la mesa de seguridad encabezada por la Secretaria T\u00e9cnica de Coordinaci\u00f3n Territorial para la Construcci\u00f3n de la Paz y Seguridad, Ilse Viridiana Hern\u00e1ndez Mej\u00eda; Jes\u00fas Herrera Moreno, director de la Polic\u00eda Municipal, destac\u00f3 que este modelo de colaboraci\u00f3n interinstitucional permitir\u00e1 a Chiautempan y sus municipios fortalecer acciones operativas para combatir hechos delictivos.<\/p>\n<p style=\"text-align: justify;\">\u201cEl presidente municipal tiene como una de sus prioridades atender con estrategia y con acciones contundentes el tema de la seguridad en el municipio, esta Sala es una estrategia que busca coordinarnos mejor para darle resultados a la gente\u201d, coment\u00f3.<\/p>\n<p style=\"text-align: justify;\">La prioridad, sostuvo es buscar que Chiautempan sea uno de los m\u00e1s seguros de la entidad y esta sala ayudar\u00e1 a que las estrategias den mayores resultados, dijo.<\/p>\n<p style=\"text-align: justify;\">Durante el encuentro, autoridades detallaron acciones operativas y estrat\u00e9gicas de seguridad que se realizan en coordinaci\u00f3n de las direcciones de Tlaltelulco, Tetlanohcan, Contla y Apetatitl\u00e1n, as\u00ed como de la comisaria de la Secretaria de Seguridad Ciudadana, actividades que se emplean a trav\u00e9s de un dise\u00f1o operacional teniendo como visi\u00f3n consolidar La Paz y Seguridad.<\/p>\n<\/div>\n","protected":false},"excerpt":{"rendered":"<p>Este lunes, espectacular desfile de feria en Chiautempan El ayuntamiento de Chiautempan, a trav\u00e9s del Patronato de Feria, llevar\u00e1 a cabo este lunes 1 de agosto en punto de las 1O:45 horas, el espectacular desfile de la Feria Chiautempan 2022, por las principales calles de la ciudad. Cabe se\u00f1alar, que este gran espect\u00e1culo iniciar\u00e1 en [&hellip;]<\/p>\n","protected":false},"author":3,"featured_media":0,"comment_status":"open","ping_status":"open","sticky":false,"template":"","format":"standard","meta":{"footnotes":""},"categories":[7],"tags":[],"class_list":["post-13775","post","type-post","status-publish","format-standard","hentry","category-ciudadanos"],"amp_enabled":true,"_links":{"self":[{"href":"https:\/\/labestiapolitica.com.mx\/index.php?rest_route=\/wp\/v2\/posts\/13775","targetHints":{"allow":["GET"]}}],"collection":[{"href":"https:\/\/labestiapolitica.com.mx\/index.php?rest_route=\/wp\/v2\/posts"}],"about":[{"href":"https:\/\/labestiapolitica.com.mx\/index.php?rest_route=\/wp\/v2\/types\/post"}],"author":[{"embeddable":true,"href":"https:\/\/labestiapolitica.com.mx\/index.php?rest_route=\/wp\/v2\/users\/3"}],"replies":[{"embeddable":true,"href":"https:\/\/labestiapolitica.com.mx\/index.php?rest_route=%2Fwp%2Fv2%2Fcomments&post=13775"}],"version-history":[{"count":1,"href":"https:\/\/labestiapolitica.com.mx\/index.php?rest_route=\/wp\/v2\/posts\/13775\/revisions"}],"predecessor-version":[{"id":13776,"href":"https:\/\/labestiapolitica.com.mx\/index.php?rest_route=\/wp\/v2\/posts\/13775\/revisions\/13776"}],"wp:attachment":[{"href":"https:\/\/labestiapolitica.com.mx\/index.php?rest_route=%2Fwp%2Fv2%2Fmedia&parent=13775"}],"wp:term":[{"taxonomy":"category","embeddable":true,"href":"https:\/\/labestiapolitica.com.mx\/index.php?rest_route=%2Fwp%2Fv2%2Fcategories&post=13775"},{"taxonomy":"post_tag","embeddable":true,"href":"https:\/\/labestiapolitica.com.mx\/index.php?rest_route=%2Fwp%2Fv2%2Ftags&post=13775"}],"curies":[{"name":"wp","href":"https:\/\/api.w.org\/{rel}","templated":true}]}}