{"id":13777,"date":"2022-06-28T20:17:04","date_gmt":"2022-06-28T20:17:04","guid":{"rendered":"https:\/\/labestiapolitica.com.mx\/?p=13777"},"modified":"2022-08-10T20:26:16","modified_gmt":"2022-08-10T20:26:16","slug":"notas-relevantes-de-chiautempan-en-junio","status":"publish","type":"post","link":"https:\/\/labestiapolitica.com.mx\/?p=13777","title":{"rendered":"Notas relevantes de Chiautempan en junio"},"content":{"rendered":"<header class=\"entry-header penci-entry-header penci-title-\">\n<h1 class=\"entry-title penci-entry-title penci-title-\">Con m\u00e1s de 400 vacantes inicia \u201cFeria de Empleo Chiautempan 2022\u201d<\/h1>\n<p><i class=\"fa fa-facebook\"><\/i><i class=\"fa fa-twitter\"><\/i><i class=\"fa fa-whatsapp\"><\/i><i class=\"fa fa-envelope\"><\/i><\/header>\n<div class=\"entry-media penci-entry-media\">\n<div class=\"post-format-meta \">\n<div class=\"post-image penci-standard-format\"><img loading=\"lazy\" decoding=\"async\" class=\"attachment-penci-thumb-960-auto size-penci-thumb-960-auto wp-post-image\" src=\"https:\/\/www.385grados.com.mx\/wp-content\/uploads\/2022\/06\/Chiautempan-8.png\" sizes=\"auto, (max-width: 600px) 100vw, 600px\" srcset=\"https:\/\/www.385grados.com.mx\/wp-content\/uploads\/2022\/06\/Chiautempan-8.png 600w, https:\/\/www.385grados.com.mx\/wp-content\/uploads\/2022\/06\/Chiautempan-8-300x188.png 300w, https:\/\/www.385grados.com.mx\/wp-content\/uploads\/2022\/06\/Chiautempan-8-585x366.png 585w\" alt=\"\" width=\"600\" height=\"375\" \/><\/div>\n<\/div>\n<\/div>\n<div class=\"penci-entry-content entry-content\">\n<p style=\"text-align: justify;\">Esta ma\u00f1ana el Servicio Nacional de Empleo, la Secretar\u00eda de Trabajo y Competitividad en coordinaci\u00f3n con el Ayuntamiento de Chiautempan inauguraron la \u201cFeria de Empleo Chiautempan 2022\u201d.<\/p>\n<p style=\"text-align: justify;\">En Santa Ana, cabecera municipal de esta demarcaci\u00f3n, inici\u00f3 este martes la feria de empleo donde 20 empresas de la regi\u00f3n ofertar\u00e1n 400 vacantes para este d\u00eda solo de 9:00 a 15:00 hrs.<\/p>\n<p style=\"text-align: justify;\">El presidente municipal de Chiautempan, Gustavo Jim\u00e9nez Romero enfatiz\u00f3 que despu\u00e9s de una pandemia agradece a este tipo de eventos, porque los j\u00f3venes no tienen trabajo y muchos adultos mayores tampoco y necesitan trabajar, es por ello que les dese\u00f3 suerte a los buscadores de empleo de su municipio.<\/p>\n<p style=\"text-align: justify;\">En su oportunidad, el secretario de Trabajo y Competitividad, Alberto Ignacio L\u00f3pez S\u00e1nchez, detall\u00f3 que existe la posibilidad que empresas del Estado y algunas con alcance internacional ofrezcan empleo para los habitantes de este municipio, pues se busca que las empresas que vengan ofrezcan m\u00e1s y mejores empleos, as\u00ed como que los j\u00f3venes, las mujeres y las personas de la tercera edad puedan tener una ocupaci\u00f3n que les permita ganar un salario.<\/p>\n<p style=\"text-align: justify;\">Asimismo, la directora del Servicio Nacional de Empleo Azalia Cortez Garc\u00eda agradeci\u00f3 al presidente por todas esas buenas actitudes que ha tomado para el Servicio Nacional de Empleo y poder realizar de esta visita.<\/p>\n<p style=\"text-align: justify;\">Coment\u00f3 que existen m\u00e1s de 400 vacantes de 24 empresas no solamente a nivel estatal sino tambi\u00e9n a nivel Nacional e Internacional. Detall\u00f3 que se no solo ofrecer\u00e1n vacantes de manera operaria o t\u00e9cnica, sino que se ofrecer\u00e1 vacantes para m\u00e9dicos laborista, m\u00e9dicos e ingenieros industriales y enfatiz\u00f3 que los salarios que presentar\u00e1n las empresas ser\u00e1n de 5 mil hasta poco m\u00e1s de 20 mil pesos.<\/p>\n<\/div>\n<header class=\"entry-header penci-entry-header penci-title-\">\n<h1 class=\"entry-title penci-entry-title penci-title-\">Chiautempan asiste al proyecto \u201cRuta Destinos M\u00e1gicos\u201d participan Puebla, Hidalgo y Tlaxcala<\/h1>\n<p><i class=\"fa fa-facebook\"><\/i><i class=\"fa fa-twitter\"><\/i><i class=\"fa fa-whatsapp\"><\/i><i class=\"fa fa-envelope\"><\/i><\/header>\n<div class=\"entry-media penci-entry-media\">\n<div class=\"post-format-meta \">\n<div class=\"post-image penci-standard-format\"><img loading=\"lazy\" decoding=\"async\" class=\"attachment-penci-thumb-960-auto size-penci-thumb-960-auto wp-post-image\" src=\"https:\/\/www.385grados.com.mx\/wp-content\/uploads\/2022\/06\/Chiautempan-2-1.png\" sizes=\"auto, (max-width: 600px) 100vw, 600px\" srcset=\"https:\/\/www.385grados.com.mx\/wp-content\/uploads\/2022\/06\/Chiautempan-2-1.png 600w, https:\/\/www.385grados.com.mx\/wp-content\/uploads\/2022\/06\/Chiautempan-2-1-300x188.png 300w, https:\/\/www.385grados.com.mx\/wp-content\/uploads\/2022\/06\/Chiautempan-2-1-585x366.png 585w\" alt=\"\" width=\"600\" height=\"375\" \/><\/div>\n<\/div>\n<\/div>\n<div class=\"penci-entry-content entry-content\">\n<p style=\"text-align: justify;\">REDACCI\u00d3N \/ Este mi\u00e9rcoles en el Pueblo M\u00e1gico de Chignahuapan se llev\u00f3 a cabo la presentaci\u00f3n del proyecto ruta destinos m\u00e1gicos donde participan municipios de Puebla, Hidalgo y Tlaxcala donde participa Chiautempan, el objetivo es promover el desarrollo econ\u00f3mico a trav\u00e9s del impulso al turismo y la cultura.<\/p>\n<p style=\"text-align: justify;\">De esta manera, dicha reuni\u00f3n intermunicipal es un puente comercial, tur\u00edstico, textil y cultural; en la cual la principal meta es dar a conocer que en Chiautempan existe riqueza cultural, gastron\u00f3mica y textil, impactando el desarrollo econ\u00f3mico regional.<\/p>\n<p style=\"text-align: justify;\">De esta manera los municipios que participan son Apizaco, Chiautempan, Tlaxco, Atlangatepec, Zacatl\u00e1n, Necaxa, Chignahuapan, Huahuchinango, Xicotepec de Ju\u00e1rez, Tetela de Ocampo, Aquixtla, Acaxochitl\u00e1n y Pahuatl\u00e1n.<\/p>\n<p style=\"text-align: justify;\">En estas demarcaciones se pretende desarrollar una ruta de entretenimiento, cultura, turismo y comercio, donde se pueden encontrar 40 cascadas y R\u00edos, 85 Iglesias y Capillas, 52 Haciendas, 55 Bosques y Parajes, 21 Presas y Lagunas, 80 platillos t\u00edpicos, 55 artesan\u00edas representativas, 53 tradiciones emblem\u00e1ticas, as\u00ed como 16 museos.<\/p>\n<p style=\"text-align: justify;\">El director de Desarrollo Econ\u00f3mico del municipio de Chiautempan, L\u00e1zaro Netz\u00e1huatl Teomitzi, se\u00f1al\u00f3 que \u201cla historia y tradici\u00f3n el municipio sarapero se ha caracterizado por sus artesan\u00edas, textiles, sus labrados de lana, algod\u00f3n y acr\u00edlico que nos han dado identidad por cientos de a\u00f1os y d\u00e9cadas, y con la modernidad se mantiene gran presencia en la Rep\u00fablica Mexicana, pues se encuentra dentro de las 10 ciudades m\u00e1s importantes econ\u00f3micamente hablando\u201d, enfatiz\u00f3.<\/p>\n<p style=\"text-align: justify;\">En su oportunidad el presidente municipal de Chignahuapan, Lorenzo Rivera Nava detall\u00f3 que promover el turismo de la regi\u00f3n va a trascender y dejar\u00e1 huellas en la regi\u00f3n porque hay mucho que presumir pues es importante que conozcan los pueblos vecinos y puntualiz\u00f3 que todos los municipios tienen una gran vocaci\u00f3n tur\u00edstica para dar a conocer historia, gastronom\u00eda, riquezas culturales, destinos m\u00e1gicos y pueblos con encanto.<\/p>\n<header class=\"entry-header penci-entry-header penci-title-\">\n<h1 class=\"entry-title penci-entry-title penci-title-\">Da Cabildo de Chiautempan voto de confianza a nuevo comisario<\/h1>\n<div class=\"entry-meta penci-entry-meta\"><span class=\"entry-meta-item penci-byline\">by\u00a0<span class=\"author vcard\"><a class=\"url fn n\" href=\"https:\/\/www.385grados.com.mx\/author\/ivanmunoz385\/\">Ivan Mu\u00f1oz<\/a><\/span><\/span><span class=\"entry-meta-item penci-posted-on\"><i class=\"fa fa-clock-o\"><\/i><time class=\"entry-date published updated\" datetime=\"2022-06-17T14:46:23-05:00\">17\/06\/2022<\/time><\/span><span class=\"entry-meta-item penci-comment-count\"><a class=\"penci_pmeta-link\" href=\"https:\/\/www.385grados.com.mx\/2022\/06\/da-cabildo-de-chiautempan-voto-de-confianza-a-nuevo-comisario\/#respond\"><i class=\"la la-comments\"><\/i>0<\/a><\/span><span class=\"entry-meta-item penci-post-countview\"><span class=\"entry-meta-item penci-post-countview penci_post-meta_item\"><i class=\"fa fa-eye\"><\/i><span class=\"penci-post-countview-number penci-post-countview-p237773\">313<\/span><\/span><\/span><\/div>\n<p><span class=\"penci-social-buttons penci-social-share-footer\"><span class=\"penci-social-share-text\">SHARE<\/span><a class=\"penci-post-like penci_post-meta_item  single-like-button penci-social-item like\" title=\"Like\" href=\"https:\/\/www.385grados.com.mx\/2022\/06\/da-cabildo-de-chiautempan-voto-de-confianza-a-nuevo-comisario\/#\" data-post_id=\"237773\" data-like=\"Like\" data-unlike=\"Unlike\"><i class=\"fa fa-thumbs-o-up\"><\/i><span class=\"penci-share-number\">0<\/span><\/a><span class=\"share-handler penci-social-item\"><i class=\"fa fa-share-alt\"><\/i><span class=\"penci-share-number\">0<\/span><\/span><i class=\"fa fa-facebook\"><\/i><i class=\"fa fa-twitter\"><\/i><i class=\"fa fa-whatsapp\"><\/i><i class=\"fa fa-envelope\"><\/i><\/span><\/header>\n<div class=\"entry-media penci-entry-media\">\n<div class=\"post-format-meta \">\n<div class=\"post-image penci-standard-format\"><img loading=\"lazy\" decoding=\"async\" class=\"attachment-penci-thumb-960-auto size-penci-thumb-960-auto wp-post-image\" src=\"https:\/\/www.385grados.com.mx\/wp-content\/uploads\/2022\/06\/Chiautempan-3.png\" sizes=\"auto, (max-width: 600px) 100vw, 600px\" srcset=\"https:\/\/www.385grados.com.mx\/wp-content\/uploads\/2022\/06\/Chiautempan-3.png 600w, https:\/\/www.385grados.com.mx\/wp-content\/uploads\/2022\/06\/Chiautempan-3-300x188.png 300w, https:\/\/www.385grados.com.mx\/wp-content\/uploads\/2022\/06\/Chiautempan-3-585x366.png 585w\" alt=\"\" width=\"600\" height=\"375\" \/><\/div>\n<\/div>\n<\/div>\n<div class=\"penci-entry-content entry-content\">\n<p style=\"text-align: justify;\">Por unanimidad de votos, los integrantes del Cabildo de Chiautempan ratificaron al nuevo comisario de Seguridad P\u00fablica, Jes\u00fas Herrera Moreno, a quien reconocieron su trayectoria y curr\u00edculum.<\/p>\n<p style=\"text-align: justify;\">El alcalde se comprometi\u00f3 a tener mayor comunicaci\u00f3n con los integrantes del Cabildo, pero asever\u00f3 que \u00ablos cambios seguir\u00e1n, si la gente que venga no da resultados y seguiremos luchando contra la corrupci\u00f3n, eso no lo vamos a permitir\u00bb.<\/p>\n<p style=\"text-align: justify;\">En tanto que, la s\u00edndico municipal, Estela Hern\u00e1ndez, insisti\u00f3 en que, como representante legal del ayuntamiento, debe ser notificada sobre los cambios y la raz\u00f3n de los mismos.<\/p>\n<\/div>\n<header class=\"entry-header penci-entry-header penci-title-\">\n<h1 class=\"entry-title penci-entry-title penci-title-\">Realizan en Chiautempan la jornada \u201cTu Familia con el Polic\u00eda\u201d<\/h1>\n<p><i class=\"fa fa-facebook\"><\/i><i class=\"fa fa-twitter\"><\/i><i class=\"fa fa-whatsapp\"><\/i><i class=\"fa fa-envelope\"><\/i><\/header>\n<div class=\"entry-media penci-entry-media\">\n<div class=\"post-format-meta \">\n<div class=\"post-image penci-standard-format\"><img loading=\"lazy\" decoding=\"async\" class=\"attachment-penci-thumb-960-auto size-penci-thumb-960-auto wp-post-image\" src=\"https:\/\/www.385grados.com.mx\/wp-content\/uploads\/2022\/06\/Chiautempan-2.png\" sizes=\"auto, (max-width: 600px) 100vw, 600px\" srcset=\"https:\/\/www.385grados.com.mx\/wp-content\/uploads\/2022\/06\/Chiautempan-2.png 600w, https:\/\/www.385grados.com.mx\/wp-content\/uploads\/2022\/06\/Chiautempan-2-300x188.png 300w, https:\/\/www.385grados.com.mx\/wp-content\/uploads\/2022\/06\/Chiautempan-2-585x366.png 585w\" alt=\"\" width=\"600\" height=\"375\" \/><\/div>\n<\/div>\n<\/div>\n<div class=\"penci-entry-content entry-content\">\n<p>&nbsp;<\/p>\n<p style=\"text-align: justify;\">\/ La Secretar\u00eda de Seguridad Ciudadana en coordinaci\u00f3n con la direcci\u00f3n de Seguridad del ayuntamiento de Chiautempan emprendi\u00f3 el pasado viernes la jornada \u201cTu Familia con el Polic\u00eda\u201d, el objetivo, es cambiar el estigma negativo que se tiene hacia las diferentes instituciones de seguridad p\u00fablica.<\/p>\n<p style=\"text-align: justify;\">As\u00ed como llevar a cabo un acercamiento con la familia, como parte fundamental de la comunidad, d\u00e1ndole al polic\u00eda una figura mediadora de conflictos, fomentando la prevenci\u00f3n y la cultura de la denuncia.<\/p>\n<p style=\"text-align: justify;\">Es por lo que, el \u00e1rea de Proximidad Social en coordinaci\u00f3n con otras dependencias estatales, municipales y federales realizaron este tipo de eventos ya que la proximidad social ha sido una forma de trabajar sistem\u00e1ticamente desde el inicio de este gobierno municipal y as\u00ed seguir\u00e1, pues ha dado excelentes resultados entre la poblaci\u00f3n.<\/p>\n<p style=\"text-align: justify;\">En este mismo contexto, los elementos de esta corporaci\u00f3n platicaron con los alumnos, dando a conocer sus actividades en cada una de sus \u00e1reas, al mismo tiempo conocieron las inquietudes de los alumnos y dudas en materia de seguridad p\u00fablica, adem\u00e1s de otros temas que le son importantes en su vida estudiantil, esto hace diferencia en la polic\u00eda municipal de Chiautempan, que hoy se caracteriza no s\u00f3lo por su mayor eficiencia y compromiso con la ciudadan\u00eda, sino tambi\u00e9n por su calidad humana.<\/p>\n<p style=\"text-align: justify;\">A tal evento se tuvo la participaci\u00f3n de las siguientes instituciones educativas: Jard\u00edn de Ni\u00f1os Antonio D\u00edaz Varela, Esc. Prim. Josefa Ort\u00edz de Dom\u00ednguez, Esc. Prim. Nicol\u00e1s Bravo, Esc. Prim. Ni\u00f1os H\u00e9roes, Esc. Sec. Tec. Num. 4, Esc. Sec. Tec. Num. 31, Esc. Sec. Valent\u00edn G\u00f3mez Farias, Instituto Jos\u00e9 Mar\u00eda Morelos, Preparatoria Am\u00e9rica Nueva, y COBAT plantel 04, con una asistencia total de 950 alumnos.<\/p>\n<p style=\"text-align: justify;\">Dicho evento fue realizado en la explanada del parque Ju\u00e1rez de esta ciudad de Santa Ana, lugar donde se cont\u00f3 con la presencia de las autoridades correspondientes, tales como: General de Brigada D.E.M. y secretario de Seguridad Ciudadana, Ra\u00fal Ru\u00edz Garc\u00eda, en representaci\u00f3n del presidente Municipal Constitucional de Chiautempan Gustavo Jim\u00e9nez Romero, Marcos Brian Quir\u00f3z V\u00e1squez, director de la Secretar\u00eda T\u00e9cnica de la S.S.C. Guadalupe Ballesteros Arellano, Primer Regidor de Seguridad P\u00fablica y Gobernaci\u00f3n, Francisco Arenas Flores y la jefa del Departamento de Prevenci\u00f3n del Delito Ingrid Rub\u00ed Morales S\u00e1nchez.<\/p>\n<\/div>\n<header class=\"entry-header penci-entry-header penci-title-\">\n<h1 class=\"entry-title penci-entry-title penci-title-\">Rehabilita presidente de Chiautempan la Casa de los Artesanos<\/h1>\n<p><i class=\"fa fa-facebook\"><\/i><i class=\"fa fa-twitter\"><\/i><i class=\"fa fa-whatsapp\"><\/i><i class=\"fa fa-envelope\"><\/i><\/header>\n<div class=\"entry-media penci-entry-media\">\n<div class=\"post-format-meta \">\n<div class=\"post-image penci-standard-format\"><img loading=\"lazy\" decoding=\"async\" class=\"attachment-penci-thumb-960-auto size-penci-thumb-960-auto wp-post-image\" src=\"https:\/\/www.385grados.com.mx\/wp-content\/uploads\/2022\/06\/Chiautempan-10.png\" sizes=\"auto, (max-width: 600px) 100vw, 600px\" srcset=\"https:\/\/www.385grados.com.mx\/wp-content\/uploads\/2022\/06\/Chiautempan-10.png 600w, https:\/\/www.385grados.com.mx\/wp-content\/uploads\/2022\/06\/Chiautempan-10-300x188.png 300w, https:\/\/www.385grados.com.mx\/wp-content\/uploads\/2022\/06\/Chiautempan-10-585x366.png 585w\" alt=\"\" width=\"600\" height=\"375\" \/><\/div>\n<\/div>\n<\/div>\n<div class=\"penci-entry-content entry-content\">\n<p style=\"text-align: justify;\"><em>*El alcalde les record\u00f3 que \u201cla industria textil naci\u00f3 de los artesanos.<\/em><\/p>\n<p style=\"text-align: justify;\">\u00a0Este martes el presidente municipal de Chiautempan y presidente del \u201cPatronato Antonio D\u00edaz Varela\u201d, Gustavo Jim\u00e9nez Romero, despu\u00e9s de pasar muchos a\u00f1os y administraciones de no rehabilitar dicho lugar, ahora en una primera etapa, gestion\u00f3 el drenaje y la colocaci\u00f3n de loseta de la Casa del Artesano ubicada en Santa Ana cabecera municipal.<\/p>\n<p style=\"text-align: justify;\">Los integrantes del patronato dijeron sentirse apoyados por el mun\u00edcipe, pues gracias a \u00e9l se pudo rehabilitar el piso del lugar que les sirve para dar una mejor imagen, m\u00e1s comodidad y presencia tanto para los locatarios como para los clientes.<\/p>\n<p style=\"text-align: justify;\">En su oportunidad, el alcalde les record\u00f3 que \u201cla industria textil naci\u00f3 de los artesanos, los creadores del prestigio que tiene Chiautempan, son nuestros artesanos antepasados\u201d.<\/p>\n<p style=\"text-align: justify;\">\u201cLlevamos una administraci\u00f3n donde prevalece el orden que es fundamental y tambi\u00e9n la honestidad, todo lleva un proceso y como ejemplo est\u00e1 el patronato que todo el mundo sepa d\u00f3nde queda ese recurso\u201d, detall\u00f3.<\/p>\n<p style=\"text-align: justify;\">Estuvo presente la S\u00edndico Municipal, Estela Hern\u00e1ndez Grande y miembros del Patronato Antonio D\u00edaz Varela.<\/p>\n<\/div>\n<\/div>\n","protected":false},"excerpt":{"rendered":"<p>Con m\u00e1s de 400 vacantes inicia \u201cFeria de Empleo Chiautempan 2022\u201d Esta ma\u00f1ana el Servicio Nacional de Empleo, la Secretar\u00eda de Trabajo y Competitividad en coordinaci\u00f3n con el Ayuntamiento de Chiautempan inauguraron la \u201cFeria de Empleo Chiautempan 2022\u201d. En Santa Ana, cabecera municipal de esta demarcaci\u00f3n, inici\u00f3 este martes la feria de empleo donde 20 [&hellip;]<\/p>\n","protected":false},"author":3,"featured_media":0,"comment_status":"open","ping_status":"open","sticky":false,"template":"","format":"standard","meta":{"footnotes":""},"categories":[7],"tags":[],"class_list":["post-13777","post","type-post","status-publish","format-standard","hentry","category-ciudadanos"],"amp_enabled":true,"_links":{"self":[{"href":"https:\/\/labestiapolitica.com.mx\/index.php?rest_route=\/wp\/v2\/posts\/13777","targetHints":{"allow":["GET"]}}],"collection":[{"href":"https:\/\/labestiapolitica.com.mx\/index.php?rest_route=\/wp\/v2\/posts"}],"about":[{"href":"https:\/\/labestiapolitica.com.mx\/index.php?rest_route=\/wp\/v2\/types\/post"}],"author":[{"embeddable":true,"href":"https:\/\/labestiapolitica.com.mx\/index.php?rest_route=\/wp\/v2\/users\/3"}],"replies":[{"embeddable":true,"href":"https:\/\/labestiapolitica.com.mx\/index.php?rest_route=%2Fwp%2Fv2%2Fcomments&post=13777"}],"version-history":[{"count":1,"href":"https:\/\/labestiapolitica.com.mx\/index.php?rest_route=\/wp\/v2\/posts\/13777\/revisions"}],"predecessor-version":[{"id":13779,"href":"https:\/\/labestiapolitica.com.mx\/index.php?rest_route=\/wp\/v2\/posts\/13777\/revisions\/13779"}],"wp:attachment":[{"href":"https:\/\/labestiapolitica.com.mx\/index.php?rest_route=%2Fwp%2Fv2%2Fmedia&parent=13777"}],"wp:term":[{"taxonomy":"category","embeddable":true,"href":"https:\/\/labestiapolitica.com.mx\/index.php?rest_route=%2Fwp%2Fv2%2Fcategories&post=13777"},{"taxonomy":"post_tag","embeddable":true,"href":"https:\/\/labestiapolitica.com.mx\/index.php?rest_route=%2Fwp%2Fv2%2Ftags&post=13777"}],"curies":[{"name":"wp","href":"https:\/\/api.w.org\/{rel}","templated":true}]}}