{"id":13883,"date":"2022-07-25T18:44:01","date_gmt":"2022-07-25T18:44:01","guid":{"rendered":"https:\/\/labestiapolitica.com.mx\/?p=13883"},"modified":"2022-08-22T18:45:50","modified_gmt":"2022-08-22T18:45:50","slug":"detiene-policia-de-apizaco-a-presunto-ladron-de-cable-de-luz","status":"publish","type":"post","link":"https:\/\/labestiapolitica.com.mx\/?p=13883","title":{"rendered":"Detiene Polic\u00eda de Apizaco a presunto ladr\u00f3n de cable de luz"},"content":{"rendered":"<p style=\"text-align: justify;\">Gracias a los recorridos de vigilancia que realiza la polic\u00eda municipal de Apizaco, fue posible el aseguramiento de un masculino que fue sorprendido mientras sustra\u00eda cable de luz, sobre calle 2 de abril y Heroico Colegio Militar.<\/p>\n<p style=\"text-align: justify;\">Los hechos se registraron al filo de las 5 de la ma\u00f1ana de este lunes, cuando los uniformados patrullaban la zona, y al notar la presencia del masculino bajaron a inspeccionar con lo que se corrobor\u00f3 la sustracci\u00f3n del cable.<\/p>\n<p style=\"text-align: justify;\">Se trata de Jos\u00e9 Luis N., de 32 a\u00f1os de edad quien fue puesto a disposici\u00f3n del Ministerio P\u00fablico quien definir\u00e1 su situaci\u00f3n legal.<\/p>\n<p style=\"text-align: justify;\">Con estas acciones, la polic\u00eda de Apizaco refuerza el compromiso de combatir y prevenir la delincuencia en la ciudad rielera.<\/p>\n","protected":false},"excerpt":{"rendered":"<p>Gracias a los recorridos de vigilancia que realiza la polic\u00eda municipal de Apizaco, fue posible el aseguramiento de un masculino que fue sorprendido mientras sustra\u00eda cable de luz, sobre calle 2 de abril y Heroico Colegio Militar. Los hechos se registraron al filo de las 5 de la ma\u00f1ana de este lunes, cuando los uniformados [&hellip;]<\/p>\n","protected":false},"author":3,"featured_media":0,"comment_status":"open","ping_status":"open","sticky":false,"template":"","format":"standard","meta":{"footnotes":""},"categories":[7],"tags":[],"class_list":["post-13883","post","type-post","status-publish","format-standard","hentry","category-ciudadanos"],"amp_enabled":true,"_links":{"self":[{"href":"https:\/\/labestiapolitica.com.mx\/index.php?rest_route=\/wp\/v2\/posts\/13883","targetHints":{"allow":["GET"]}}],"collection":[{"href":"https:\/\/labestiapolitica.com.mx\/index.php?rest_route=\/wp\/v2\/posts"}],"about":[{"href":"https:\/\/labestiapolitica.com.mx\/index.php?rest_route=\/wp\/v2\/types\/post"}],"author":[{"embeddable":true,"href":"https:\/\/labestiapolitica.com.mx\/index.php?rest_route=\/wp\/v2\/users\/3"}],"replies":[{"embeddable":true,"href":"https:\/\/labestiapolitica.com.mx\/index.php?rest_route=%2Fwp%2Fv2%2Fcomments&post=13883"}],"version-history":[{"count":1,"href":"https:\/\/labestiapolitica.com.mx\/index.php?rest_route=\/wp\/v2\/posts\/13883\/revisions"}],"predecessor-version":[{"id":13885,"href":"https:\/\/labestiapolitica.com.mx\/index.php?rest_route=\/wp\/v2\/posts\/13883\/revisions\/13885"}],"wp:attachment":[{"href":"https:\/\/labestiapolitica.com.mx\/index.php?rest_route=%2Fwp%2Fv2%2Fmedia&parent=13883"}],"wp:term":[{"taxonomy":"category","embeddable":true,"href":"https:\/\/labestiapolitica.com.mx\/index.php?rest_route=%2Fwp%2Fv2%2Fcategories&post=13883"},{"taxonomy":"post_tag","embeddable":true,"href":"https:\/\/labestiapolitica.com.mx\/index.php?rest_route=%2Fwp%2Fv2%2Ftags&post=13883"}],"curies":[{"name":"wp","href":"https:\/\/api.w.org\/{rel}","templated":true}]}}