{"id":14518,"date":"2022-10-10T04:20:26","date_gmt":"2022-10-10T04:20:26","guid":{"rendered":"https:\/\/labestiapolitica.com.mx\/?p=14518"},"modified":"2022-10-10T04:21:51","modified_gmt":"2022-10-10T04:21:51","slug":"sin-vida-y-golpeado-es-hallado-bebe-de-dos-anos-en-tequexquitla-el-respons-seria-el-padrastro","status":"publish","type":"post","link":"https:\/\/labestiapolitica.com.mx\/?p=14518","title":{"rendered":"Sin vida y golpeado es hallado beb\u00e9 de dos a\u00f1os, en Tequexquitla; el responsable ser\u00eda el padrastro"},"content":{"rendered":"<p style=\"text-align: justify;\">Alexis P\u00e9rez\/Un hecho violento se habr\u00eda suscitado el pasado s\u00e1bado, tras el reporte del asesinato de un menor de tan s\u00f3lo dos a\u00f1os, en el municipio de Tequexquitla<\/p>\n<p style=\"text-align: justify;\">El peque\u00f1o habr\u00eda sido diagnosticado sin vida y con huellas de violencia; el responsable ser\u00eda el padrastro.<\/p>\n<p style=\"text-align: justify;\">Fue el pasado 8 de octubre, en el Hospital IMSS Bienestar de esa comuna donde una pareja solicit\u00f3 la atenci\u00f3n de ese personal, pues llevaban en brazos a un beb\u00e9 que se encontraba inconsciente.<\/p>\n<p style=\"text-align: justify;\">Personal que laboraba ah\u00ed en ese preciso momento le dio las primeras atenciones pero no pudieron hacer nada y le decretaron carencia de signos vitales.<\/p>\n<p style=\"text-align: justify;\">Este hecho moviliz\u00f3 a la Procuradur\u00eda General de Justicia del Estado quienes tomaron conocimiento y ejecutaron el levantamiento del cad\u00e1ver.<\/p>\n<p style=\"text-align: justify;\">Tras las primeras pesquisas,,el padrastro de nombre Ren\u00e9 Christian N habr\u00eda golpeado al ni\u00f1o por un berrinche que hab\u00eda hecho luego de quitarle dulces.<\/p>\n<p style=\"text-align: justify;\">La necropsia revel\u00f3 que el infante ten\u00eda fuertes golpes en el cuerpo y la cabeza y la causa del fallecimiento fue traumatismo craneoncef\u00e1lico severo.<\/p>\n<p style=\"text-align: justify;\">Este acontecimiento ha motivado a que la Unidad de Investigaci\u00f3n de Delitos de Alto Impacto lleve a cabo los trabajos de investigaci\u00f3n.<\/p>\n<p style=\"text-align: justify;\">Trascendi\u00f3 que el indiciado ya est\u00e1 detenido y se presume que no es la primera vez que habr\u00eda golpeado al peque\u00f1o.<\/p>\n","protected":false},"excerpt":{"rendered":"<p>Alexis P\u00e9rez\/Un hecho violento se habr\u00eda suscitado el pasado s\u00e1bado, tras el reporte del asesinato de un menor de tan s\u00f3lo dos a\u00f1os, en el municipio de Tequexquitla El peque\u00f1o habr\u00eda sido diagnosticado sin vida y con huellas de violencia; el responsable ser\u00eda el padrastro. Fue el pasado 8 de octubre, en el Hospital IMSS [&hellip;]<\/p>\n","protected":false},"author":3,"featured_media":0,"comment_status":"open","ping_status":"open","sticky":false,"template":"","format":"standard","meta":{"footnotes":""},"categories":[7],"tags":[],"class_list":["post-14518","post","type-post","status-publish","format-standard","hentry","category-ciudadanos"],"amp_enabled":true,"_links":{"self":[{"href":"https:\/\/labestiapolitica.com.mx\/index.php?rest_route=\/wp\/v2\/posts\/14518","targetHints":{"allow":["GET"]}}],"collection":[{"href":"https:\/\/labestiapolitica.com.mx\/index.php?rest_route=\/wp\/v2\/posts"}],"about":[{"href":"https:\/\/labestiapolitica.com.mx\/index.php?rest_route=\/wp\/v2\/types\/post"}],"author":[{"embeddable":true,"href":"https:\/\/labestiapolitica.com.mx\/index.php?rest_route=\/wp\/v2\/users\/3"}],"replies":[{"embeddable":true,"href":"https:\/\/labestiapolitica.com.mx\/index.php?rest_route=%2Fwp%2Fv2%2Fcomments&post=14518"}],"version-history":[{"count":2,"href":"https:\/\/labestiapolitica.com.mx\/index.php?rest_route=\/wp\/v2\/posts\/14518\/revisions"}],"predecessor-version":[{"id":14520,"href":"https:\/\/labestiapolitica.com.mx\/index.php?rest_route=\/wp\/v2\/posts\/14518\/revisions\/14520"}],"wp:attachment":[{"href":"https:\/\/labestiapolitica.com.mx\/index.php?rest_route=%2Fwp%2Fv2%2Fmedia&parent=14518"}],"wp:term":[{"taxonomy":"category","embeddable":true,"href":"https:\/\/labestiapolitica.com.mx\/index.php?rest_route=%2Fwp%2Fv2%2Fcategories&post=14518"},{"taxonomy":"post_tag","embeddable":true,"href":"https:\/\/labestiapolitica.com.mx\/index.php?rest_route=%2Fwp%2Fv2%2Ftags&post=14518"}],"curies":[{"name":"wp","href":"https:\/\/api.w.org\/{rel}","templated":true}]}}