{"id":14729,"date":"2022-10-27T03:14:16","date_gmt":"2022-10-27T03:14:16","guid":{"rendered":"https:\/\/labestiapolitica.com.mx\/?p=14729"},"modified":"2022-10-27T03:14:16","modified_gmt":"2022-10-27T03:14:16","slug":"coloca-alcalde-de-texoloc-primera-piedra-para-jardin-de-ninos","status":"publish","type":"post","link":"https:\/\/labestiapolitica.com.mx\/?p=14729","title":{"rendered":"Coloca alcalde de Texoloc  primera piedra para jard\u00edn de ni\u00f1os"},"content":{"rendered":"<div dir=\"auto\" style=\"text-align: justify;\">Como parte del compromiso de seguir impulsando la educaci\u00f3n y que los ni\u00f1os tengan mayores oportunidades, el alcalde de San Dami\u00e1n Texoloc, Arturo Covarrubias puso la\u00a0 primera piedra para la construcci\u00f3n de la bodega del jard\u00edn de ni\u00f1os \u00abMtra. Esther Hern\u00e1ndez Dur\u00e1n\u00bb <span class=\"x3nfvp2 x1j61x8r x1fcty0u xdj266r xhhsvwb xat24cr xgzva0m xxymvpz xlup9mm x1kky2od\"><img loading=\"lazy\" decoding=\"async\" src=\"https:\/\/static.xx.fbcdn.net\/images\/emoji.php\/v9\/t94\/1\/16\/1f469_200d_1f3eb.png\" alt=\"\ud83d\udc69\u200d\ud83c\udfeb\" width=\"16\" height=\"16\" \/><\/span> junto con representantes de la Secretar\u00eda del Bienestar.<\/div>\n<div dir=\"auto\"><\/div>\n<div dir=\"auto\" style=\"text-align: justify;\">\u00abEsto se logr\u00f3 gracias al programa La Escuela es Nuestra <span class=\"x3nfvp2 x1j61x8r x1fcty0u xdj266r xhhsvwb xat24cr xgzva0m xxymvpz xlup9mm x1kky2od\"><img loading=\"lazy\" decoding=\"async\" src=\"https:\/\/static.xx.fbcdn.net\/images\/emoji.php\/v9\/t28\/1\/16\/1f3eb.png\" alt=\"\ud83c\udfeb\" width=\"16\" height=\"16\" \/><\/span> la cual entrega el recurso econ\u00f3mico directamente al comit\u00e9 de padres de familia y beneficia a todos los peque\u00f1itos de la instituci\u00f3n\u00bb, expres\u00f3 el presidente municipal, al tiempo que dijo que se aprecia la <a class=\"x1i10hfl xjbqb8w x6umtig x1b1mbwd xaqea5y xav7gou x9f619 x1ypdohk xt0psk2 xe8uvvx xdj266r x11i5rnm xat24cr x1mh8g0r xexx8yu x4uap5 x18d9i69 xkhd6sd x16tdsg8 x1hl2dhg xggy1nq x1a2a7pz xt0b8zv x1qq9wsj xo1l8bm\" tabindex=\"0\" role=\"link\" href=\"https:\/\/www.facebook.com\/hashtag\/prosperidadqueavanza?__eep__=6&amp;__cft__[0]=AZVSyRpzvuuZSL_NDX114U3ozP4HcXRm3dGTXzYw91PoktlpV3mg3D8YqTO8zEjDg5nYxiAj5C0UmoEOjK-B_P0sfZDoxYEjDGtVD6fPYRoFLo-om7llhYYn5m_XMJUKZjkyvOmC8twwgnS0hBDWylVGttcV19iI1Ua2su9x-FsuD5EGgSxEfDkuURwf45f5rhc&amp;__tn__=*NK-R\">#ProsperidadQueAvanza<\/a><\/div>\n<div dir=\"auto\"><\/div>\n<div dir=\"auto\"><img loading=\"lazy\" decoding=\"async\" class=\"alignnone wp-image-14731 size-full\" src=\"https:\/\/labestiapolitica.com.mx\/wp-content\/uploads\/2022\/10\/arturo-22.jpg\" alt=\"\" width=\"1000\" height=\"600\" \/><\/div>\n","protected":false},"excerpt":{"rendered":"<p>Como parte del compromiso de seguir impulsando la educaci\u00f3n y que los ni\u00f1os tengan mayores oportunidades, el alcalde de San Dami\u00e1n Texoloc, Arturo Covarrubias puso la\u00a0 primera piedra para la construcci\u00f3n de la bodega del jard\u00edn de ni\u00f1os \u00abMtra. Esther Hern\u00e1ndez Dur\u00e1n\u00bb junto con representantes de la Secretar\u00eda del Bienestar. \u00abEsto se logr\u00f3 gracias al [&hellip;]<\/p>\n","protected":false},"author":3,"featured_media":0,"comment_status":"open","ping_status":"open","sticky":false,"template":"","format":"standard","meta":{"footnotes":""},"categories":[7],"tags":[],"class_list":["post-14729","post","type-post","status-publish","format-standard","hentry","category-ciudadanos"],"amp_enabled":true,"_links":{"self":[{"href":"https:\/\/labestiapolitica.com.mx\/index.php?rest_route=\/wp\/v2\/posts\/14729","targetHints":{"allow":["GET"]}}],"collection":[{"href":"https:\/\/labestiapolitica.com.mx\/index.php?rest_route=\/wp\/v2\/posts"}],"about":[{"href":"https:\/\/labestiapolitica.com.mx\/index.php?rest_route=\/wp\/v2\/types\/post"}],"author":[{"embeddable":true,"href":"https:\/\/labestiapolitica.com.mx\/index.php?rest_route=\/wp\/v2\/users\/3"}],"replies":[{"embeddable":true,"href":"https:\/\/labestiapolitica.com.mx\/index.php?rest_route=%2Fwp%2Fv2%2Fcomments&post=14729"}],"version-history":[{"count":1,"href":"https:\/\/labestiapolitica.com.mx\/index.php?rest_route=\/wp\/v2\/posts\/14729\/revisions"}],"predecessor-version":[{"id":14732,"href":"https:\/\/labestiapolitica.com.mx\/index.php?rest_route=\/wp\/v2\/posts\/14729\/revisions\/14732"}],"wp:attachment":[{"href":"https:\/\/labestiapolitica.com.mx\/index.php?rest_route=%2Fwp%2Fv2%2Fmedia&parent=14729"}],"wp:term":[{"taxonomy":"category","embeddable":true,"href":"https:\/\/labestiapolitica.com.mx\/index.php?rest_route=%2Fwp%2Fv2%2Fcategories&post=14729"},{"taxonomy":"post_tag","embeddable":true,"href":"https:\/\/labestiapolitica.com.mx\/index.php?rest_route=%2Fwp%2Fv2%2Ftags&post=14729"}],"curies":[{"name":"wp","href":"https:\/\/api.w.org\/{rel}","templated":true}]}}