{"id":14768,"date":"2022-10-29T05:29:01","date_gmt":"2022-10-29T05:29:01","guid":{"rendered":"https:\/\/labestiapolitica.com.mx\/?p=14768"},"modified":"2022-10-29T05:29:01","modified_gmt":"2022-10-29T05:29:01","slug":"destaca-gobierno-de-tepetitla-en-salud-nuevas-obras-y-saneamiento-del-medio-ambiente-en-octubre","status":"publish","type":"post","link":"https:\/\/labestiapolitica.com.mx\/?p=14768","title":{"rendered":"Destaca gobierno de Tepetitla en salud, nuevas obras y saneamiento del medio ambiente en Octubre"},"content":{"rendered":"<div class=\"xdj266r x11i5rnm xat24cr x1mh8g0r x1vvkbs x126k92a\">\n<div dir=\"auto\">Inician obras en el preescolar Federico Froebel de Tepetitla<\/div>\n<div dir=\"auto\"><\/div>\n<div dir=\"auto\" style=\"text-align: justify;\">De acuerdo con el programa federal que beneficia a escuelas de nuestro municipio, el pasado mi\u00e9rcoles se iniciaron las obras en el preescolar Federico Froebel. Se realizar\u00e1 la construcci\u00f3n de la barda perimetral, la ampliaci\u00f3n de la techumbre principal y se construir\u00e1 otra techumbre de policarbonato. <span class=\"x3nfvp2 x1j61x8r x1fcty0u xdj266r xhhsvwb xat24cr xgzva0m xxymvpz xlup9mm x1kky2od\"><img loading=\"lazy\" decoding=\"async\" src=\"https:\/\/static.xx.fbcdn.net\/images\/emoji.php\/v9\/t51\/1\/16\/1f603.png\" alt=\"\ud83d\ude03\" width=\"16\" height=\"16\" \/><\/span><\/div>\n<\/div>\n<div class=\"x11i5rnm xat24cr x1mh8g0r x1vvkbs xtlvy1s x126k92a\" style=\"text-align: justify;\">\n<div dir=\"auto\">Al finalizar convers\u00e9 con el comit\u00e9 de padres de familia sobre las necesidades que tiene la escuela y poderlas solventar para una mejor estancia de los peque\u00f1os.<\/div>\n<\/div>\n<div class=\"x11i5rnm xat24cr x1mh8g0r x1vvkbs xtlvy1s x126k92a\">\n<div dir=\"auto\" style=\"text-align: justify;\">Seguimos <a class=\"x1i10hfl xjbqb8w x6umtig x1b1mbwd xaqea5y xav7gou x9f619 x1ypdohk xt0psk2 xe8uvvx xdj266r x11i5rnm xat24cr x1mh8g0r xexx8yu x4uap5 x18d9i69 xkhd6sd x16tdsg8 x1hl2dhg xggy1nq x1a2a7pz xt0b8zv x1qq9wsj xo1l8bm\" tabindex=\"0\" role=\"link\" href=\"https:\/\/web.facebook.com\/hashtag\/trabajandoparatubienestar?__eep__=6&amp;__cft__[0]=AZVt11ze-OYtinCZSyCCLH0CkjCIKyBhgy1LUX0EJs72w1N6muzz-0rFsc2aWwforb-sQBHyzJhyBtv3C2plXNFMimid7GeIduIShMVkY_p4cLnHqfoQ2W5KwBUQAXhCO_PzrR55qE7yccekdAPnG8VlMhFOLRi5XMHwoE1yif3tNSLbsHFpRGdYPqSB28uU-ds&amp;__tn__=*NK-R\">#TrabajandoParaTuBienestar<\/a> <span class=\"x3nfvp2 x1j61x8r x1fcty0u xdj266r xhhsvwb xat24cr xgzva0m xxymvpz xlup9mm x1kky2od\"><img loading=\"lazy\" decoding=\"async\" src=\"https:\/\/static.xx.fbcdn.net\/images\/emoji.php\/v9\/t60\/1\/16\/1f91d_1f3fc.png\" alt=\"\ud83e\udd1d\ud83c\udffc\" width=\"16\" height=\"16\" \/><\/span><span class=\"x3nfvp2 x1j61x8r x1fcty0u xdj266r xhhsvwb xat24cr xgzva0m xxymvpz xlup9mm x1kky2od\"><img loading=\"lazy\" decoding=\"async\" src=\"https:\/\/static.xx.fbcdn.net\/images\/emoji.php\/v9\/t15\/1\/16\/1f477_1f3fb_200d_2640.png\" alt=\"\ud83d\udc77\ud83c\udffb\u200d\u2640\ufe0f\" width=\"16\" height=\"16\" \/><\/span><\/div>\n<\/div>\n<div dir=\"auto\"><img loading=\"lazy\" decoding=\"async\" class=\"alignnone wp-image-14769 size-full\" src=\"https:\/\/labestiapolitica.com.mx\/wp-content\/uploads\/2022\/10\/tepe.jpg\" alt=\"\" width=\"1000\" height=\"600\" \/><\/div>\n<div dir=\"auto\"><\/div>\n<div dir=\"auto\">Prioritario contar con nuevo centro de salud en Tepetitla: Alan Alvarado.<\/div>\n<div dir=\"auto\"><\/div>\n<div dir=\"auto\">\n<div class=\"\" dir=\"auto\">\n<div id=\"jsc_c_9h\" class=\"x1iorvi4 x1pi30zi x1l90r2v x1swvt13\" data-ad-comet-preview=\"message\" data-ad-preview=\"message\">\n<div class=\"x78zum5 xdt5ytf xz62fqu x16ldp7u\">\n<div class=\"xu06os2 x1ok221b\">\n<div class=\"xdj266r x11i5rnm xat24cr x1mh8g0r x1vvkbs x126k92a\">\n<div dir=\"auto\">Nuestra prioridad es la salud de las personas. Tener un nuevo centro de salud en la cabecera municipal de calidad sigue en marcha, no hemos dejado de mandar oficios y de hacer las gestiones necesarias. <span class=\"x3nfvp2 x1j61x8r x1fcty0u xdj266r xhhsvwb xat24cr xgzva0m xxymvpz xlup9mm x1kky2od\"><img loading=\"lazy\" decoding=\"async\" src=\"https:\/\/static.xx.fbcdn.net\/images\/emoji.php\/v9\/t37\/1\/16\/1f44c_1f3fc.png\" alt=\"\ud83d\udc4c\ud83c\udffc\" width=\"16\" height=\"16\" \/><\/span><\/div>\n<\/div>\n<div class=\"x11i5rnm xat24cr x1mh8g0r x1vvkbs xtlvy1s x126k92a\">\n<div dir=\"auto\">Adem\u00e1s de las gestiones necesarias al estado, tambi\u00e9n estamos en la b\u00fasqueda de un terreno para su construcci\u00f3n ya que el que estaba destinado para este proyecto fue embargado en los primeros d\u00edas debido al mal manejo de la administraci\u00f3n anterior.<\/div>\n<\/div>\n<div class=\"x11i5rnm xat24cr x1mh8g0r x1vvkbs xtlvy1s x126k92a\">\n<div dir=\"auto\">Seguimos <a class=\"x1i10hfl xjbqb8w x6umtig x1b1mbwd xaqea5y xav7gou x9f619 x1ypdohk xt0psk2 xe8uvvx xdj266r x11i5rnm xat24cr x1mh8g0r xexx8yu x4uap5 x18d9i69 xkhd6sd x16tdsg8 x1hl2dhg xggy1nq x1a2a7pz xt0b8zv x1qq9wsj xo1l8bm\" tabindex=\"0\" role=\"link\" href=\"https:\/\/web.facebook.com\/hashtag\/trabajandoparatubienestar?__eep__=6&amp;__cft__[0]=AZWKOyzx7cMDO_Od-an-39MNkP4TUgs3hOqg_MB2CoueDIMdj7coGsZ7GDjLOLhMoIxTSgCIpKaRvStnJlHNplnRA7KMlBJmraupQS3gT6H-xqfKFbhjbQuiF2hhut-gK7Ek_YgPorBiFp1ZfT8m8gOlqSb6aNcWkv_YQoui7hFxEChKX73aywXe3SSLjqm7Yuk&amp;__tn__=*NK-R\">#TrabajandoParaTuBienestar<\/a> <span class=\"x3nfvp2 x1j61x8r x1fcty0u xdj266r xhhsvwb xat24cr xgzva0m xxymvpz xlup9mm x1kky2od\"><img loading=\"lazy\" decoding=\"async\" src=\"https:\/\/static.xx.fbcdn.net\/images\/emoji.php\/v9\/t60\/1\/16\/1f91d_1f3fc.png\" alt=\"\ud83e\udd1d\ud83c\udffc\" width=\"16\" height=\"16\" \/><\/span><span class=\"x3nfvp2 x1j61x8r x1fcty0u xdj266r xhhsvwb xat24cr xgzva0m xxymvpz xlup9mm x1kky2od\"><img loading=\"lazy\" decoding=\"async\" src=\"https:\/\/static.xx.fbcdn.net\/images\/emoji.php\/v9\/t18\/1\/16\/1f469_1f3fb_200d_2695.png\" alt=\"\ud83d\udc69\ud83c\udffb\u200d\u2695\ufe0f\" width=\"16\" height=\"16\" \/><\/span><\/div>\n<\/div>\n<div dir=\"auto\"><img loading=\"lazy\" decoding=\"async\" class=\"alignnone wp-image-14770 size-full\" src=\"https:\/\/labestiapolitica.com.mx\/wp-content\/uploads\/2022\/10\/tepet-.jpg\" alt=\"\" width=\"1000\" height=\"600\" \/><\/div>\n<\/div>\n<div dir=\"auto\">\n<div class=\"xdj266r x11i5rnm xat24cr x1mh8g0r x1vvkbs x126k92a\">\n<div dir=\"auto\"><\/div>\n<div dir=\"auto\">Entrega alcalde de Tepetitla reconocimientos a personal de jurisdicci\u00f3n sanitaria 1<\/div>\n<div dir=\"auto\"><\/div>\n<div dir=\"auto\" style=\"text-align: justify;\">Esta ma\u00f1ana en el parque ecotur\u00edstico del municipio de San Jer\u00f3nimo <a class=\"x1i10hfl xjbqb8w x6umtig x1b1mbwd xaqea5y xav7gou x9f619 x1ypdohk xt0psk2 xe8uvvx xdj266r x11i5rnm xat24cr x1mh8g0r xexx8yu x4uap5 x18d9i69 xkhd6sd x16tdsg8 x1hl2dhg xggy1nq x1a2a7pz xt0b8zv x1qq9wsj xo1l8bm\" tabindex=\"0\" role=\"link\" href=\"https:\/\/web.facebook.com\/hashtag\/zacualpan?__eep__=6&amp;__cft__[0]=AZUN25jl07w7uMl6bqun8vo_Pxy6yx9_-KmFIbJzfVndyFEStyKC_0rE4YEsFdpqXHxcLWJJMnhKMTt_JO-ismrO5Amsxd2kymhoNgUYv6waaZVUZJeZYc4rEEXWUIRAtt3VpwflEM2SjafhpOsvF-EFT9kxf97a7o9Lkafrcn1LDS-OmEXvkkbLPJZWF-fvgzE&amp;__tn__=*NK-R\">#Zacualpan<\/a> tuvimos la entrega de reconocimientos para el personal responsable de salud de cada municipio que conforman la Jurisdicci\u00f3n Sanitaria #1. <span class=\"x3nfvp2 x1j61x8r x1fcty0u xdj266r xhhsvwb xat24cr xgzva0m xxymvpz xlup9mm x1kky2od\"><img loading=\"lazy\" decoding=\"async\" src=\"https:\/\/static.xx.fbcdn.net\/images\/emoji.php\/v9\/tb3\/1\/16\/1f913.png\" alt=\"\ud83e\udd13\" width=\"16\" height=\"16\" \/><\/span><\/div>\n<\/div>\n<div class=\"x11i5rnm xat24cr x1mh8g0r x1vvkbs xtlvy1s x126k92a\" style=\"text-align: justify;\">\n<div dir=\"auto\">Reconozco el gran esfuerzo y arduo trabajo que cada uno realiza para llevar a su municipio las pol\u00edticas p\u00fablicas de salud y as\u00ed mejorar la calidad de vida de los ciudadanos.<\/div>\n<\/div>\n<div class=\"x11i5rnm xat24cr x1mh8g0r x1vvkbs xtlvy1s x126k92a\">\n<div dir=\"auto\" style=\"text-align: justify;\">\u00a1Amigos! Para que se mantengan actualizados en materia de salud, sigan la p\u00e1gina de <a class=\"x1i10hfl xjbqb8w x6umtig x1b1mbwd xaqea5y xav7gou x9f619 x1ypdohk xt0psk2 xe8uvvx xdj266r x11i5rnm xat24cr x1mh8g0r xexx8yu x4uap5 x18d9i69 xkhd6sd x16tdsg8 x1hl2dhg xggy1nq x1a2a7pz xt0b8zv x1qq9wsj xo1l8bm\" tabindex=\"0\" role=\"link\" href=\"https:\/\/web.facebook.com\/RedTlaxcaltecaPorLaSalud\/?__cft__[0]=AZUN25jl07w7uMl6bqun8vo_Pxy6yx9_-KmFIbJzfVndyFEStyKC_0rE4YEsFdpqXHxcLWJJMnhKMTt_JO-ismrO5Amsxd2kymhoNgUYv6waaZVUZJeZYc4rEEXWUIRAtt3VpwflEM2SjafhpOsvF-EFT9kxf97a7o9Lkafrcn1LDS-OmEXvkkbLPJZWF-fvgzE&amp;__tn__=kK-R\"><span class=\"xt0psk2\">Red Tlaxcalteca de Municipios por la Salud<\/span><\/a> <span class=\"x3nfvp2 x1j61x8r x1fcty0u xdj266r xhhsvwb xat24cr xgzva0m xxymvpz xlup9mm x1kky2od\"><img loading=\"lazy\" decoding=\"async\" src=\"https:\/\/static.xx.fbcdn.net\/images\/emoji.php\/v9\/t25\/1\/16\/1fae1.png\" alt=\"\ud83e\udee1\" width=\"16\" height=\"16\" \/><\/span><\/div>\n<\/div>\n<div dir=\"auto\"><img loading=\"lazy\" decoding=\"async\" class=\"alignnone wp-image-14771 size-full\" src=\"https:\/\/labestiapolitica.com.mx\/wp-content\/uploads\/2022\/10\/teperr.jpg\" alt=\"\" width=\"1000\" height=\"600\" \/><\/div>\n<\/div>\n<div dir=\"auto\"><img loading=\"lazy\" decoding=\"async\" class=\"alignnone wp-image-14772 size-full\" src=\"https:\/\/labestiapolitica.com.mx\/wp-content\/uploads\/2022\/10\/tepetttt.jpg\" alt=\"\" width=\"1000\" height=\"600\" \/><\/div>\n<\/div>\n<div dir=\"auto\">\n<div class=\"xdj266r x11i5rnm xat24cr x1mh8g0r x1vvkbs x126k92a\">\n<div dir=\"auto\"><\/div>\n<div dir=\"auto\">Participa alcalde de Tepetitla en VII reuni\u00f3n de trabajo del Programa de Acciones de Saneamiento<\/div>\n<div dir=\"auto\"><\/div>\n<div dir=\"auto\">Hoy se llev\u00f3 a cabo la VII reuni\u00f3n de trabajo del Programa de Acciones de Saneamiento <a class=\"x1i10hfl xjbqb8w x6umtig x1b1mbwd xaqea5y xav7gou x9f619 x1ypdohk xt0psk2 xe8uvvx xdj266r x11i5rnm xat24cr x1mh8g0r xexx8yu x4uap5 x18d9i69 xkhd6sd x16tdsg8 x1hl2dhg xggy1nq x1a2a7pz xt0b8zv x1qq9wsj xo1l8bm\" tabindex=\"0\" role=\"link\" href=\"https:\/\/web.facebook.com\/hashtag\/pas?__eep__=6&amp;__cft__[0]=AZVqrW81J-xM59VKTKYjtrXG-_o3mBtrXulvBaHWP-mMVXOdkni3un2YB3XYw9_lhbnua121Atv3gqeTt302JEKW-Fbtk9wmYG8ko6bCUxus8rh6l_8AshpSe-hCugqLemxk52RQ8WTKtglAouXjpCme1VV9cF25l4swlAk4Rbp9Ht5I9HTMFx-SqardSOZwkKw&amp;__tn__=*NK-R\">#PAS<\/a> 2022 en las oficinas de la @Secretar\u00eda de Medio Ambiente del Estado de Tlaxcala.<\/div>\n<\/div>\n<div class=\"x11i5rnm xat24cr x1mh8g0r x1vvkbs xtlvy1s x126k92a\">\n<div dir=\"auto\">Cada instancia estatales, federales y municipios que estan involucrados como el nuestro, presentamos los avances correspondientes que se aportan para el saneamiento de la cuenca del Alto Atoyac.<\/div>\n<\/div>\n<div class=\"x11i5rnm xat24cr x1mh8g0r x1vvkbs xtlvy1s x126k92a\">\n<div dir=\"auto\">Seguimos <a class=\"x1i10hfl xjbqb8w x6umtig x1b1mbwd xaqea5y xav7gou x9f619 x1ypdohk xt0psk2 xe8uvvx xdj266r x11i5rnm xat24cr x1mh8g0r xexx8yu x4uap5 x18d9i69 xkhd6sd x16tdsg8 x1hl2dhg xggy1nq x1a2a7pz xt0b8zv x1qq9wsj xo1l8bm\" tabindex=\"0\" role=\"link\" href=\"https:\/\/web.facebook.com\/hashtag\/trabajandoparatubienestar?__eep__=6&amp;__cft__[0]=AZVqrW81J-xM59VKTKYjtrXG-_o3mBtrXulvBaHWP-mMVXOdkni3un2YB3XYw9_lhbnua121Atv3gqeTt302JEKW-Fbtk9wmYG8ko6bCUxus8rh6l_8AshpSe-hCugqLemxk52RQ8WTKtglAouXjpCme1VV9cF25l4swlAk4Rbp9Ht5I9HTMFx-SqardSOZwkKw&amp;__tn__=*NK-R\">#TrabajandoParaTuBienestar<\/a> <span class=\"x3nfvp2 x1j61x8r x1fcty0u xdj266r xhhsvwb xat24cr xgzva0m xxymvpz xlup9mm x1kky2od\"><img loading=\"lazy\" decoding=\"async\" src=\"https:\/\/static.xx.fbcdn.net\/images\/emoji.php\/v9\/t60\/1\/16\/1f91d_1f3fc.png\" alt=\"\ud83e\udd1d\ud83c\udffc\" width=\"16\" height=\"16\" \/><\/span><span class=\"x3nfvp2 x1j61x8r x1fcty0u xdj266r xhhsvwb xat24cr xgzva0m xxymvpz xlup9mm x1kky2od\"><img loading=\"lazy\" decoding=\"async\" src=\"https:\/\/static.xx.fbcdn.net\/images\/emoji.php\/v9\/t69\/1\/16\/1f331.png\" alt=\"\ud83c\udf31\" width=\"16\" height=\"16\" \/><\/span><\/div>\n<\/div>\n<div dir=\"auto\"><img loading=\"lazy\" decoding=\"async\" class=\"alignnone wp-image-14773 size-full\" src=\"https:\/\/labestiapolitica.com.mx\/wp-content\/uploads\/2022\/10\/ahuas-.jpg\" alt=\"\" width=\"1000\" height=\"600\" \/><\/div>\n<\/div>\n<\/div>\n<\/div>\n<div dir=\"auto\">\n<div class=\"xdj266r x11i5rnm xat24cr x1mh8g0r x1vvkbs x126k92a\">\n<div dir=\"auto\"><\/div>\n<div dir=\"auto\">Inaugura alcalde de Tepetitla obra en calle Adolfo L\u00f3pez Mateos\u00a0 en Guadalupe Victoria.<\/div>\n<div dir=\"auto\"><\/div>\n<div dir=\"auto\">Esta tarde inaugur\u00e9 junto con el presidente de la comunidad de Guadalupe Victoria y vecinos la calle Adolfo L\u00f3pez Mateos, en la cual el pasado mes de agosto se iniciaron los trabajos.<\/div>\n<div dir=\"auto\">La obra consisti\u00f3 en 598.32 metros cuadrados de pavimentaci\u00f3n con adocreto, 165 metros de guarnici\u00f3n, 198.28 metros cuadrados de banquetas y 59 metros de tubo sanitario, adem\u00e1s de la construcci\u00f3n de una nueva parada de transporte p\u00fablico.<\/div>\n<\/div>\n<div class=\"x11i5rnm xat24cr x1mh8g0r x1vvkbs xtlvy1s x126k92a\">\n<div dir=\"auto\">Seguimos <a class=\"x1i10hfl xjbqb8w x6umtig x1b1mbwd xaqea5y xav7gou x9f619 x1ypdohk xt0psk2 xe8uvvx xdj266r x11i5rnm xat24cr x1mh8g0r xexx8yu x4uap5 x18d9i69 xkhd6sd x16tdsg8 x1hl2dhg xggy1nq x1a2a7pz xt0b8zv x1qq9wsj xo1l8bm\" tabindex=\"0\" role=\"link\" href=\"https:\/\/web.facebook.com\/hashtag\/trabajandoparatubienestar?__eep__=6&amp;__cft__[0]=AZWbxXt_8YCN6rwK8dKl7LsvYjxq2azTTWlSU42b6Oo9OSiLI594-o6ZL0GfmkT1PiL88At8uAbY809hlFZ7_8rMoJAIdPtG3b4n_zN94buP2noI9WrddO-vdJFVKMXXygdY2-bNDf4zfHIdvqTW0J2qEJi_EtHzQmuDAO6qnTzJlVheNwkqvFowak5OB1gyA8Q&amp;__tn__=*NK-R\">#TrabajandoParaTuBienestar<\/a> <span class=\"x3nfvp2 x1j61x8r x1fcty0u xdj266r xhhsvwb xat24cr xgzva0m xxymvpz xlup9mm x1kky2od\"><img loading=\"lazy\" decoding=\"async\" src=\"https:\/\/static.xx.fbcdn.net\/images\/emoji.php\/v9\/t60\/1\/16\/1f91d_1f3fc.png\" alt=\"\ud83e\udd1d\ud83c\udffc\" width=\"16\" height=\"16\" \/><\/span><span class=\"x3nfvp2 x1j61x8r x1fcty0u xdj266r xhhsvwb xat24cr xgzva0m xxymvpz xlup9mm x1kky2od\"><img loading=\"lazy\" decoding=\"async\" src=\"https:\/\/static.xx.fbcdn.net\/images\/emoji.php\/v9\/t15\/1\/16\/1f477_1f3fb_200d_2640.png\" alt=\"\ud83d\udc77\ud83c\udffb\u200d\u2640\ufe0f\" width=\"16\" height=\"16\" \/><\/span><\/div>\n<\/div>\n<\/div>\n<div class=\"\" dir=\"auto\">\n<div dir=\"auto\"><\/div>\n<\/div>\n<div id=\"jsc_c_9i\" class=\"x1n2onr6\">\n<div class=\"x1n2onr6\">\n<div class=\"x1n2onr6 x10wlt62 x6ikm8r xdt5ytf x78zum5\">\n<div class=\"x1n2onr6 x10wlt62 x6ikm8r\">\n<div class=\"x1n2onr6\">\n<div class=\"x6s0dn4 x1jx94hy x78zum5 xdt5ytf x6ikm8r x10wlt62 x1n2onr6 xh8yej3\">\n<div>\n<div class=\"xqtp20y x1n2onr6 xh8yej3\">\n<div class=\"x1qjc9v5 x1q0q8m5 x1qhh985 xu3j5b3 xcfux6l x26u7qi xm0m39n x13fuv20 x972fbf x1ey2m1c x9f619 x78zum5 xds687c xdt5ytf x1iyjqo2 xs83m0k x1qughib xat24cr x11i5rnm x1mh8g0r xdj266r x2lwn1j xeuugli x18d9i69 x4uap5 xkhd6sd xexx8yu x10l6tqk x17qophe x13vifvy x1ja2u2z\">\n<div class=\"x1n2onr6 xamitd3\">\n<div class=\"xqtp20y x6ikm8r x10wlt62 x1n2onr6\"><img loading=\"lazy\" decoding=\"async\" class=\"alignnone wp-image-14774 size-full\" src=\"https:\/\/labestiapolitica.com.mx\/wp-content\/uploads\/2022\/10\/alan-.jpg\" alt=\"\" width=\"1000\" height=\"600\" \/><\/div>\n<div><img loading=\"lazy\" decoding=\"async\" class=\"alignnone wp-image-14775 size-full\" src=\"https:\/\/labestiapolitica.com.mx\/wp-content\/uploads\/2022\/10\/teoe.jpg\" alt=\"\" width=\"1000\" height=\"600\" \/><\/div>\n<\/div>\n<div dir=\"auto\"><\/div>\n<div>\n<div class=\"xdj266r x11i5rnm xat24cr x1mh8g0r x1vvkbs x126k92a\">\n<div dir=\"auto\" style=\"text-align: justify;\">Supervisa alcalde de Tepetitla obra en la calle 16 de Septiembre en Villa Alta.<\/div>\n<div dir=\"auto\" style=\"text-align: justify;\">Estuve supervisando el avance de la obra en la calle 16 de septiembre que se ubica en la comunidad de Villa Alta. <span class=\"x3nfvp2 x1j61x8r x1fcty0u xdj266r xhhsvwb xat24cr xgzva0m xxymvpz xlup9mm x1kky2od\"><img loading=\"lazy\" decoding=\"async\" src=\"https:\/\/static.xx.fbcdn.net\/images\/emoji.php\/v9\/tc4\/1\/16\/1f6a7.png\" alt=\"\ud83d\udea7\" width=\"16\" height=\"16\" \/><\/span><\/div>\n<\/div>\n<div class=\"x11i5rnm xat24cr x1mh8g0r x1vvkbs xtlvy1s x126k92a\" style=\"text-align: justify;\">\n<div dir=\"auto\">El pasado 30 de agosto dimos el banderazo de inicio de esta obra en compa\u00f1\u00eda del presidente de comunidad, regidores y vecinos. La obra tiene como meta alcanzar 369.81 metros cuadrados de pavimentaci\u00f3n con adocreto.<\/div>\n<\/div>\n<div class=\"x11i5rnm xat24cr x1mh8g0r x1vvkbs xtlvy1s x126k92a\">\n<div dir=\"auto\" style=\"text-align: justify;\">Seguimos <a class=\"x1i10hfl xjbqb8w x6umtig x1b1mbwd xaqea5y xav7gou x9f619 x1ypdohk xt0psk2 xe8uvvx xdj266r x11i5rnm xat24cr x1mh8g0r xexx8yu x4uap5 x18d9i69 xkhd6sd x16tdsg8 x1hl2dhg xggy1nq x1a2a7pz xt0b8zv x1qq9wsj xo1l8bm\" tabindex=\"0\" role=\"link\" href=\"https:\/\/web.facebook.com\/hashtag\/trabajandoparatubienestar?__eep__=6&amp;__cft__[0]=AZUWBvG5e4EjdbPm8QgCgl6uBOicjzjtN-8IaeIhaSVrne9j6pQW0XaUDcbFx3huNawKz7KP_bxXr7DShDZoyGIPmDuGOmP2zH4p_ZYLhjuWBIw5Fn7svQncTYm0z97upIfVRWXAcRg8t-Odj9ENStNGQvgRsks37-svmizXlRnEGs0BbKt7FZpv2QPPHUg4cO8&amp;__tn__=*NK-R\">#TrabajandoParaTuBienestar<\/a> <span class=\"x3nfvp2 x1j61x8r x1fcty0u xdj266r xhhsvwb xat24cr xgzva0m xxymvpz xlup9mm x1kky2od\"><img loading=\"lazy\" decoding=\"async\" src=\"https:\/\/static.xx.fbcdn.net\/images\/emoji.php\/v9\/t60\/1\/16\/1f91d_1f3fc.png\" alt=\"\ud83e\udd1d\ud83c\udffc\" width=\"16\" height=\"16\" \/><\/span><span class=\"x3nfvp2 x1j61x8r x1fcty0u xdj266r xhhsvwb xat24cr xgzva0m xxymvpz xlup9mm x1kky2od\"><img loading=\"lazy\" decoding=\"async\" src=\"https:\/\/static.xx.fbcdn.net\/images\/emoji.php\/v9\/t15\/1\/16\/1f477_1f3fb_200d_2640.png\" alt=\"\ud83d\udc77\ud83c\udffb\u200d\u2640\ufe0f\" width=\"16\" height=\"16\" \/><\/span><\/div>\n<\/div>\n<div dir=\"auto\"><img loading=\"lazy\" decoding=\"async\" class=\"alignnone wp-image-14776 size-full\" src=\"https:\/\/labestiapolitica.com.mx\/wp-content\/uploads\/2022\/10\/alan33.jpg\" alt=\"\" width=\"1000\" height=\"600\" \/><\/div>\n<\/div>\n<\/div>\n<div dir=\"auto\">\n<div class=\"xdj266r x11i5rnm xat24cr x1mh8g0r x1vvkbs x126k92a\">\n<div dir=\"auto\"><\/div>\n<div dir=\"auto\" style=\"text-align: justify;\">Atestigua Alan Alavarado segunda Jornada Nacional de Salud en\u00a0 Apizaco.<\/div>\n<div dir=\"auto\" style=\"text-align: justify;\"><\/div>\n<div dir=\"auto\" style=\"text-align: justify;\">Tuve el honor de estar presente como presidente de la <a class=\"x1i10hfl xjbqb8w x6umtig x1b1mbwd xaqea5y xav7gou x9f619 x1ypdohk xt0psk2 xe8uvvx xdj266r x11i5rnm xat24cr x1mh8g0r xexx8yu x4uap5 x18d9i69 xkhd6sd x16tdsg8 x1hl2dhg xggy1nq x1a2a7pz xt0b8zv x1qq9wsj xo1l8bm\" tabindex=\"0\" role=\"link\" href=\"https:\/\/web.facebook.com\/RedTlaxcaltecaPorLaSalud\/?__cft__[0]=AZWU0wLSyPM8aKB6HrJPPTBXeLyqULCLDyjjHeCBVxUWdLPHsd2MOf3FeIyJTKVCUER_t-32GAosegXJJV7S0bAgZ5_modZTYjtmHwzjZFE9XIIPWqoC7wijgWU1dYc9JEITBhMjixkmHjxE3ZxhVXrhyIHpjfNoXE6GW25u1uNRfg6d9zfuB1ALes4ataWVPps&amp;__tn__=kK-R\"><span class=\"xt0psk2\">Red Tlaxcalteca de Municipios por la Salud<\/span><\/a> en el arranque de la Segunda Jornada Nacional de Salud P\u00fablica en la Ciudad de <a class=\"x1i10hfl xjbqb8w x6umtig x1b1mbwd xaqea5y xav7gou x9f619 x1ypdohk xt0psk2 xe8uvvx xdj266r x11i5rnm xat24cr x1mh8g0r xexx8yu x4uap5 x18d9i69 xkhd6sd x16tdsg8 x1hl2dhg xggy1nq x1a2a7pz xt0b8zv x1qq9wsj xo1l8bm\" tabindex=\"0\" role=\"link\" href=\"https:\/\/web.facebook.com\/hashtag\/apizaco?__eep__=6&amp;__cft__[0]=AZWU0wLSyPM8aKB6HrJPPTBXeLyqULCLDyjjHeCBVxUWdLPHsd2MOf3FeIyJTKVCUER_t-32GAosegXJJV7S0bAgZ5_modZTYjtmHwzjZFE9XIIPWqoC7wijgWU1dYc9JEITBhMjixkmHjxE3ZxhVXrhyIHpjfNoXE6GW25u1uNRfg6d9zfuB1ALes4ataWVPps&amp;__tn__=*NK-R\">#Apizaco<\/a>. <span class=\"x3nfvp2 x1j61x8r x1fcty0u xdj266r xhhsvwb xat24cr xgzva0m xxymvpz xlup9mm x1kky2od\"><img loading=\"lazy\" decoding=\"async\" src=\"https:\/\/static.xx.fbcdn.net\/images\/emoji.php\/v9\/tb3\/1\/16\/1f913.png\" alt=\"\ud83e\udd13\" width=\"16\" height=\"16\" \/><\/span><\/div>\n<\/div>\n<div class=\"x11i5rnm xat24cr x1mh8g0r x1vvkbs xtlvy1s x126k92a\" style=\"text-align: justify;\">\n<div dir=\"auto\">\u00a1Amigos! Esta jornada de salud tiene como objetivo acercar los servicios m\u00e9dicos a la ciudadan\u00eda, en nuestro municipio tendremos servicios en todas las comunidades, as\u00ed que hay que aprovechar ya que ser\u00e1n totalmente gratuitos.<\/div>\n<\/div>\n<div class=\"x11i5rnm xat24cr x1mh8g0r x1vvkbs xtlvy1s x126k92a\">\n<div dir=\"auto\" style=\"text-align: justify;\"><a class=\"x1i10hfl xjbqb8w x6umtig x1b1mbwd xaqea5y xav7gou x9f619 x1ypdohk xt0psk2 xe8uvvx xdj266r x11i5rnm xat24cr x1mh8g0r xexx8yu x4uap5 x18d9i69 xkhd6sd x16tdsg8 x1hl2dhg xggy1nq x1a2a7pz xt0b8zv x1qq9wsj xo1l8bm\" tabindex=\"0\" role=\"link\" href=\"https:\/\/web.facebook.com\/hashtag\/123porlasalud?__eep__=6&amp;__cft__[0]=AZWU0wLSyPM8aKB6HrJPPTBXeLyqULCLDyjjHeCBVxUWdLPHsd2MOf3FeIyJTKVCUER_t-32GAosegXJJV7S0bAgZ5_modZTYjtmHwzjZFE9XIIPWqoC7wijgWU1dYc9JEITBhMjixkmHjxE3ZxhVXrhyIHpjfNoXE6GW25u1uNRfg6d9zfuB1ALes4ataWVPps&amp;__tn__=*NK-R\">#123PorLaSalud<\/a><\/div>\n<div dir=\"auto\" style=\"text-align: justify;\">Seguimos <a class=\"x1i10hfl xjbqb8w x6umtig x1b1mbwd xaqea5y xav7gou x9f619 x1ypdohk xt0psk2 xe8uvvx xdj266r x11i5rnm xat24cr x1mh8g0r xexx8yu x4uap5 x18d9i69 xkhd6sd x16tdsg8 x1hl2dhg xggy1nq x1a2a7pz xt0b8zv x1qq9wsj xo1l8bm\" tabindex=\"0\" role=\"link\" href=\"https:\/\/web.facebook.com\/hashtag\/trabajandoparatubienestar?__eep__=6&amp;__cft__[0]=AZWU0wLSyPM8aKB6HrJPPTBXeLyqULCLDyjjHeCBVxUWdLPHsd2MOf3FeIyJTKVCUER_t-32GAosegXJJV7S0bAgZ5_modZTYjtmHwzjZFE9XIIPWqoC7wijgWU1dYc9JEITBhMjixkmHjxE3ZxhVXrhyIHpjfNoXE6GW25u1uNRfg6d9zfuB1ALes4ataWVPps&amp;__tn__=*NK-R\">#TrabajandoParaTuBienestar<\/a> <span class=\"x3nfvp2 x1j61x8r x1fcty0u xdj266r xhhsvwb xat24cr xgzva0m xxymvpz xlup9mm x1kky2od\"><img loading=\"lazy\" decoding=\"async\" src=\"https:\/\/static.xx.fbcdn.net\/images\/emoji.php\/v9\/t60\/1\/16\/1f91d_1f3fc.png\" alt=\"\ud83e\udd1d\ud83c\udffc\" width=\"16\" height=\"16\" \/><\/span><span class=\"x3nfvp2 x1j61x8r x1fcty0u xdj266r xhhsvwb xat24cr xgzva0m xxymvpz xlup9mm x1kky2od\"><img loading=\"lazy\" decoding=\"async\" src=\"https:\/\/static.xx.fbcdn.net\/images\/emoji.php\/v9\/t18\/1\/16\/1f469_1f3fb_200d_2695.png\" alt=\"\ud83d\udc69\ud83c\udffb\u200d\u2695\ufe0f\" width=\"16\" height=\"16\" \/><\/span><\/div>\n<\/div>\n<div dir=\"auto\"><img loading=\"lazy\" decoding=\"async\" class=\"alignnone wp-image-14777 size-full\" src=\"https:\/\/labestiapolitica.com.mx\/wp-content\/uploads\/2022\/10\/apizaco-.jpg\" alt=\"\" width=\"1000\" height=\"600\" \/><\/div>\n<\/div>\n<\/div>\n<div dir=\"auto\">\n<div class=\"xdj266r x11i5rnm xat24cr x1mh8g0r x1vvkbs x126k92a\">\n<div dir=\"auto\"><\/div>\n<div dir=\"auto\" style=\"text-align: justify;\">Atestigua alcalde de Tepetitla entrega de uniformes para docentes de la Delegaci\u00f3n D-I-9 en la escuela primaria Miguel Hidalgo.<\/div>\n<div dir=\"auto\" style=\"text-align: justify;\"><\/div>\n<div dir=\"auto\" style=\"text-align: justify;\">Hoy estuve presente en la entrega de uniformes para docentes de la Delegaci\u00f3n D-I-9 en la escuela primaria Miguel Hidalgo de la comunidad de Guadalupe Victoria. <span class=\"x3nfvp2 x1j61x8r x1fcty0u xdj266r xhhsvwb xat24cr xgzva0m xxymvpz xlup9mm x1kky2od\"><img loading=\"lazy\" decoding=\"async\" src=\"https:\/\/static.xx.fbcdn.net\/images\/emoji.php\/v9\/t51\/1\/16\/1f603.png\" alt=\"\ud83d\ude03\" width=\"16\" height=\"16\" \/><\/span> Expreso mi gran admiraci\u00f3n y reconocimiento a su importante labor en nuestra sociedad.<\/div>\n<\/div>\n<div class=\"x11i5rnm xat24cr x1mh8g0r x1vvkbs xtlvy1s x126k92a\">\n<div dir=\"auto\" style=\"text-align: justify;\">Seguimos <a class=\"x1i10hfl xjbqb8w x6umtig x1b1mbwd xaqea5y xav7gou x9f619 x1ypdohk xt0psk2 xe8uvvx xdj266r x11i5rnm xat24cr x1mh8g0r xexx8yu x4uap5 x18d9i69 xkhd6sd x16tdsg8 x1hl2dhg xggy1nq x1a2a7pz xt0b8zv x1qq9wsj xo1l8bm\" tabindex=\"0\" role=\"link\" href=\"https:\/\/web.facebook.com\/hashtag\/trabajandoparatubienestar?__eep__=6&amp;__cft__[0]=AZU0LYv2yRhH37Mt5CH5FY-MCY-mXzvVeus3ZGrKJ4AVg6SOXe9O7OdGDa7nQkB2ZKjyKjpJRLn1HF5izlC7ECpZB9wPDsYL3X_zYC3abhQTtECUI7oGXH8Qv5sgdpodspAYSnEM36nIEdud2w7o5yWbbPg3XiorMK6NSYLWWpWmuGkXcpOS3CCorDFj9uqibkU&amp;__tn__=*NK-R\">#TrabajandoParaTuBienestar<\/a> <span class=\"x3nfvp2 x1j61x8r x1fcty0u xdj266r xhhsvwb xat24cr xgzva0m xxymvpz xlup9mm x1kky2od\"><img loading=\"lazy\" decoding=\"async\" src=\"https:\/\/static.xx.fbcdn.net\/images\/emoji.php\/v9\/t60\/1\/16\/1f91d_1f3fc.png\" alt=\"\ud83e\udd1d\ud83c\udffc\" width=\"16\" height=\"16\" \/><\/span><span class=\"x3nfvp2 x1j61x8r x1fcty0u xdj266r xhhsvwb xat24cr xgzva0m xxymvpz xlup9mm x1kky2od\"><img loading=\"lazy\" decoding=\"async\" src=\"https:\/\/static.xx.fbcdn.net\/images\/emoji.php\/v9\/t49\/1\/16\/1f4da.png\" alt=\"\ud83d\udcda\" width=\"16\" height=\"16\" \/><\/span><\/div>\n<\/div>\n<\/div>\n<div dir=\"auto\"><img loading=\"lazy\" decoding=\"async\" class=\"alignnone wp-image-14778 size-full\" src=\"https:\/\/labestiapolitica.com.mx\/wp-content\/uploads\/2022\/10\/rrrr.jpg\" alt=\"\" width=\"1000\" height=\"600\" \/><\/div>\n<\/div>\n<div dir=\"auto\">\n<header class=\"entry-header penci-entry-header penci-title-\">\n<h1 class=\"entry-title penci-entry-title penci-title-\" style=\"text-align: justify;\"><span style=\"font-size: 12pt;\">Encabeza alcalde de Tepetitla\u00a0 \u00a0jornadas de Saneamiento en margen del R\u00edo Atoya<\/span><\/h1>\n<h1 class=\"entry-title penci-entry-title penci-title-\" style=\"text-align: justify;\"><span style=\"font-size: 12pt;\">Esta jornada se realiz\u00f3 en coordinaci\u00f3n con el gobierno municipal de Tepetitla, Ixtacuixtla y el gobierno estatal, a trav\u00e9s de la Coeprist, Csitaret, CIBA, adem\u00e1s de alumnos de CECyTE de Villalta y Tepetitla; ya que es importante generar conciencia de la contaminaci\u00f3n de este r\u00edo que percute a la salud de la poblaci\u00f3n que colindan con este recurso natural adem\u00e1s de atender la recomendaci\u00f3n por la CDH.\u00a0<\/span><\/h1>\n<\/header>\n<div class=\"penci-entry-content entry-content\" style=\"text-align: justify;\">\n<p><span data-contrast=\"none\">Por lo que el presidente municipal de Tepetitla, Alan Alvarado Islas destac\u00f3 que este d\u00eda es hist\u00f3rico; porque cada d\u00eda se va haciendo conciencia que lo m\u00e1s importante que se tiene hoy son estos recursos naturales y el medio ambiente.\u00a0<\/span><span data-ccp-props=\"{&quot;201341983&quot;:0,&quot;335551550&quot;:6,&quot;335551620&quot;:6,&quot;335559739&quot;:160,&quot;335559740&quot;:259}\">\u00a0<\/span><\/p>\n<p><span data-contrast=\"none\">Es por ello, que es importante que los j\u00f3venes o las nuevas generaciones vaya generando est\u00e1 conciencia de cuidar y no seguir contaminando est\u00e1s \u00e1reas.\u00a0<\/span><span data-ccp-props=\"{&quot;201341983&quot;:0,&quot;335551550&quot;:6,&quot;335551620&quot;:6,&quot;335559739&quot;:160,&quot;335559740&quot;:259}\">\u00a0<\/span><\/p>\n<p><span data-contrast=\"none\">Y los j\u00f3venes que hoy est\u00e1n participando en esta jornada de Saneamiento sean los portavoz con sus familias de la situaci\u00f3n de contaminaci\u00f3n que se encuentra est\u00e1 Cuenca.\u00a0<\/span><span data-ccp-props=\"{&quot;201341983&quot;:0,&quot;335551550&quot;:6,&quot;335551620&quot;:6,&quot;335559739&quot;:160,&quot;335559740&quot;:259}\">\u00a0<\/span><\/p>\n<p><span data-contrast=\"none\">Y que es muy necesario la colaboraci\u00f3n tanto de los tres niveles de gobierno y de la misma sociedad y hoy es la muestra de ello ya que ser\u00e1 el parteguas de seguir con estas actividades de Saneamiento y que no sea la \u00fanica donde se limpie un kilometro si no que sean constantes y se abarque m\u00e1s.\u00a0<\/span><span data-ccp-props=\"{&quot;201341983&quot;:0,&quot;335551550&quot;:6,&quot;335551620&quot;:6,&quot;335559739&quot;:160,&quot;335559740&quot;:259}\">\u00a0<\/span><\/p>\n<p><span data-contrast=\"none\">Sobre todo que la poblaci\u00f3n se sume en no seguir tirando su basura en estas zonas; porque nada servir\u00e1 que hoy se limpie y ma\u00f1ana este igual sino que se tenga el h\u00e1bito de reciclar la basura o depositarla en los camiones compactadores. <\/span><span data-ccp-props=\"{&quot;201341983&quot;:0,&quot;335551550&quot;:6,&quot;335551620&quot;:6,&quot;335559739&quot;:160,&quot;335559740&quot;:259}\">\u00a0<\/span><\/p>\n<p><span data-contrast=\"none\">Por su parte Francisco Jim\u00e9nez Campo, titular de la Comisi\u00f3n Estatal para la Protecci\u00f3n contra Riesgos Sanitarios (Coeprist) , se\u00f1al\u00f3 que es importante mantener limpio al r\u00edo, ya que este se puede perder si no se genera est\u00e1 conciencia y es un contaminante para la salud de los ciudadanos.\u00a0<\/span><span data-ccp-props=\"{&quot;201341983&quot;:0,&quot;335551550&quot;:6,&quot;335551620&quot;:6,&quot;335559739&quot;:160,&quot;335559740&quot;:259}\">\u00a0<\/span><\/p>\n<p><span data-contrast=\"none\">David Herrero Tapia, director general de la Comisi\u00f3n Estatal del Agua de Tlaxcala, destac\u00f3 la importancia de sumar voluntades para poder senear un kilometro y se debe de encargar que as\u00ed permanezca limpio para que el impacto sea positivo y lograr en alg\u00fan momento que este r\u00edo en un futuro se tenga agua transparente y como Ciudadanos se pongan a trabajar en no la contaminaci\u00f3n.<\/span><span data-ccp-props=\"{&quot;201341983&quot;:0,&quot;335551550&quot;:6,&quot;335551620&quot;:6,&quot;335559739&quot;:160,&quot;335559740&quot;:259}\">\u00a0<\/span><\/p>\n<p><img loading=\"lazy\" decoding=\"async\" class=\"alignnone wp-image-14779 size-full\" src=\"https:\/\/labestiapolitica.com.mx\/wp-content\/uploads\/2022\/10\/teoeee.jpg\" alt=\"\" width=\"1000\" height=\"600\" \/><\/p>\n<\/div>\n<\/div>\n<div>\n<div class=\"xqtp20y x1n2onr6 xh8yej3\">\n<div dir=\"auto\" style=\"text-align: justify;\"><\/div>\n<\/div>\n<\/div>\n<\/div>\n<\/div>\n<\/div>\n<\/div>\n<\/div>\n<\/div>\n<\/div>\n","protected":false},"excerpt":{"rendered":"<p>Inician obras en el preescolar Federico Froebel de Tepetitla De acuerdo con el programa federal que beneficia a escuelas de nuestro municipio, el pasado mi\u00e9rcoles se iniciaron las obras en el preescolar Federico Froebel. Se realizar\u00e1 la construcci\u00f3n de la barda perimetral, la ampliaci\u00f3n de la techumbre principal y se construir\u00e1 otra techumbre de policarbonato. [&hellip;]<\/p>\n","protected":false},"author":3,"featured_media":0,"comment_status":"open","ping_status":"open","sticky":false,"template":"","format":"standard","meta":{"footnotes":""},"categories":[7],"tags":[],"class_list":["post-14768","post","type-post","status-publish","format-standard","hentry","category-ciudadanos"],"amp_enabled":true,"_links":{"self":[{"href":"https:\/\/labestiapolitica.com.mx\/index.php?rest_route=\/wp\/v2\/posts\/14768","targetHints":{"allow":["GET"]}}],"collection":[{"href":"https:\/\/labestiapolitica.com.mx\/index.php?rest_route=\/wp\/v2\/posts"}],"about":[{"href":"https:\/\/labestiapolitica.com.mx\/index.php?rest_route=\/wp\/v2\/types\/post"}],"author":[{"embeddable":true,"href":"https:\/\/labestiapolitica.com.mx\/index.php?rest_route=\/wp\/v2\/users\/3"}],"replies":[{"embeddable":true,"href":"https:\/\/labestiapolitica.com.mx\/index.php?rest_route=%2Fwp%2Fv2%2Fcomments&post=14768"}],"version-history":[{"count":1,"href":"https:\/\/labestiapolitica.com.mx\/index.php?rest_route=\/wp\/v2\/posts\/14768\/revisions"}],"predecessor-version":[{"id":14781,"href":"https:\/\/labestiapolitica.com.mx\/index.php?rest_route=\/wp\/v2\/posts\/14768\/revisions\/14781"}],"wp:attachment":[{"href":"https:\/\/labestiapolitica.com.mx\/index.php?rest_route=%2Fwp%2Fv2%2Fmedia&parent=14768"}],"wp:term":[{"taxonomy":"category","embeddable":true,"href":"https:\/\/labestiapolitica.com.mx\/index.php?rest_route=%2Fwp%2Fv2%2Fcategories&post=14768"},{"taxonomy":"post_tag","embeddable":true,"href":"https:\/\/labestiapolitica.com.mx\/index.php?rest_route=%2Fwp%2Fv2%2Ftags&post=14768"}],"curies":[{"name":"wp","href":"https:\/\/api.w.org\/{rel}","templated":true}]}}