{"id":15138,"date":"2022-11-16T16:19:04","date_gmt":"2022-11-16T16:19:04","guid":{"rendered":"https:\/\/labestiapolitica.com.mx\/?p=15138"},"modified":"2022-11-16T16:19:04","modified_gmt":"2022-11-16T16:19:04","slug":"gana-comarka-firma-creativa-2-premios-reed-latino-de-comunicacion-politica-en-panama","status":"publish","type":"post","link":"https:\/\/labestiapolitica.com.mx\/?p=15138","title":{"rendered":"Gana Comarka Firma Creativa 2 premios Reed Latino de comunicaci\u00f3n pol\u00edtica en Panam\u00e1"},"content":{"rendered":"<p style=\"text-align: justify;\">\nDos exitosas campa\u00f1as realizadas en Tamaulipas e Hidalgo dieron a Comarka<br \/>\nFirma Creativa dos galardones en los Reed Latino Awards 2022, los premios m\u00e1s<br \/>\ngrandes de la comunicaci\u00f3n pol\u00edtica.<br \/>\nLa firma a cargo del CEO Memo Quintana, gan\u00f3 las nominaciones a \u201cMejor Slogan<br \/>\nde campa\u00f1a\u201d y \u201cMejor Manejo de Instagram\u201d. La edici\u00f3n 2022 de los Reed Latino<br \/>\nAwards se realiz\u00f3 en Panam\u00e1, hasta donde viajaron Memo Quintana, Estefan\u00eda<br \/>\nMel\u00e9ndez, Erika Landa y Evelyn Luna para recibir ambos galardones junto a otras<br \/>\nagencias nominadas de M\u00e9xico, Espa\u00f1a, Costa Rica, Argentina y Chile, entro otros.<br \/>\nComarka Firma Creativa, obtuvo 13 nominaciones, entre ellas, Mejor Manejo de<br \/>\nFacebook de un personaje pol\u00edtico en funciones de gobierno, Mejor slogan de<br \/>\nCampa\u00f1a Electoral y Mejor Proyecto de Imagen P\u00fablica.<br \/>\nPor su parte, Memo Quintana estuvo nominado a Consultor Revelaci\u00f3n, Mejor<br \/>\nEstratega Electoral PYMA y Mejor Estratega Digital.<br \/>\n\u201cNo tengo duda que aqu\u00ed estamos hombres y mujeres duros, duros, con historias<br \/>\nque se repiten en otras personas con tantas cosas en com\u00fan, una de ellas, sin<br \/>\ntemor a equivocarme, es el trabajo duro, un reconocimiento al equipo, a nuestros<br \/>\nclientes y a nuestras familias\u201d Memo Quintana CEO Comarka Firma Creativa<\/p>\n","protected":false},"excerpt":{"rendered":"<p>Dos exitosas campa\u00f1as realizadas en Tamaulipas e Hidalgo dieron a Comarka Firma Creativa dos galardones en los Reed Latino Awards 2022, los premios m\u00e1s grandes de la comunicaci\u00f3n pol\u00edtica. La firma a cargo del CEO Memo Quintana, gan\u00f3 las nominaciones a \u201cMejor Slogan de campa\u00f1a\u201d y \u201cMejor Manejo de Instagram\u201d. La edici\u00f3n 2022 de los [&hellip;]<\/p>\n","protected":false},"author":3,"featured_media":0,"comment_status":"open","ping_status":"open","sticky":false,"template":"","format":"standard","meta":{"footnotes":""},"categories":[7],"tags":[],"class_list":["post-15138","post","type-post","status-publish","format-standard","hentry","category-ciudadanos"],"amp_enabled":true,"_links":{"self":[{"href":"https:\/\/labestiapolitica.com.mx\/index.php?rest_route=\/wp\/v2\/posts\/15138","targetHints":{"allow":["GET"]}}],"collection":[{"href":"https:\/\/labestiapolitica.com.mx\/index.php?rest_route=\/wp\/v2\/posts"}],"about":[{"href":"https:\/\/labestiapolitica.com.mx\/index.php?rest_route=\/wp\/v2\/types\/post"}],"author":[{"embeddable":true,"href":"https:\/\/labestiapolitica.com.mx\/index.php?rest_route=\/wp\/v2\/users\/3"}],"replies":[{"embeddable":true,"href":"https:\/\/labestiapolitica.com.mx\/index.php?rest_route=%2Fwp%2Fv2%2Fcomments&post=15138"}],"version-history":[{"count":1,"href":"https:\/\/labestiapolitica.com.mx\/index.php?rest_route=\/wp\/v2\/posts\/15138\/revisions"}],"predecessor-version":[{"id":15141,"href":"https:\/\/labestiapolitica.com.mx\/index.php?rest_route=\/wp\/v2\/posts\/15138\/revisions\/15141"}],"wp:attachment":[{"href":"https:\/\/labestiapolitica.com.mx\/index.php?rest_route=%2Fwp%2Fv2%2Fmedia&parent=15138"}],"wp:term":[{"taxonomy":"category","embeddable":true,"href":"https:\/\/labestiapolitica.com.mx\/index.php?rest_route=%2Fwp%2Fv2%2Fcategories&post=15138"},{"taxonomy":"post_tag","embeddable":true,"href":"https:\/\/labestiapolitica.com.mx\/index.php?rest_route=%2Fwp%2Fv2%2Ftags&post=15138"}],"curies":[{"name":"wp","href":"https:\/\/api.w.org\/{rel}","templated":true}]}}