{"id":15332,"date":"2022-11-29T03:55:37","date_gmt":"2022-11-29T03:55:37","guid":{"rendered":"https:\/\/labestiapolitica.com.mx\/?p=15332"},"modified":"2022-12-01T14:17:07","modified_gmt":"2022-12-01T14:17:07","slug":"cumple-con-hechos-alcalde-de-apizaco-pablo-badillo-e-inaugura-obra-en-san-luis-apizaquito","status":"publish","type":"post","link":"https:\/\/labestiapolitica.com.mx\/?p=15332","title":{"rendered":"Cumple con hechos alcalde de Apizaco, Pablo Badillo e inaugura obra en San Luis Apizaquito"},"content":{"rendered":"<p style=\"text-align: justify;\">\u2757\ufe0f + \ud835\udc0e\ud835\udc1b\ud835\udc2b\ud835\udc1a \ud835\udc0f\ud835\udc2e\u0301\ud835\udc1b\ud835\udc25\ud835\udc22\ud835\udc1c\ud835\udc1a \ud835\udc1e\ud835\udc27 \ud835\udc00\ud835\udc29\ud835\udc22\ud835\udc33\ud835\udc1a\ud835\udc1c\ud835\udc28 \u2757\ufe0f<\/p>\n<p style=\"text-align: justify;\">\ud83d\udea7 El alcalde de Apizaco, Pablo Badillo, encabez\u00f3 inauguraci\u00f3n de obra en San Luis Apizaquito, la que consisti\u00f3 en Construcci\u00f3n de Pavimento de Adoqu\u00edn, Construcci\u00f3n de Banquetas, colocaci\u00f3n de rejilla pluvial, balizamiento y obra complementaria, con la que se beneficiar\u00e1n + de mil 200 habitantes de la zona.<\/p>\n<p style=\"text-align: justify;\">\ud83d\udccdCalle Ju\u00e1rez entre Ignacio Zaragoza y Privada sin Nombre en San Luis Apizaquito.<\/p>\n<p><img loading=\"lazy\" decoding=\"async\" class=\"alignnone wp-image-15334 size-full\" src=\"https:\/\/labestiapolitica.com.mx\/wp-content\/uploads\/2022\/11\/PABLO-1-1.jpg\" alt=\"\" width=\"1000\" height=\"600\" \/><\/p>\n","protected":false},"excerpt":{"rendered":"<p>\u2757\ufe0f + \ud835\udc0e\ud835\udc1b\ud835\udc2b\ud835\udc1a \ud835\udc0f\ud835\udc2e\u0301\ud835\udc1b\ud835\udc25\ud835\udc22\ud835\udc1c\ud835\udc1a \ud835\udc1e\ud835\udc27 \ud835\udc00\ud835\udc29\ud835\udc22\ud835\udc33\ud835\udc1a\ud835\udc1c\ud835\udc28 \u2757\ufe0f \ud83d\udea7 El alcalde de Apizaco, Pablo Badillo, encabez\u00f3 inauguraci\u00f3n de obra en San Luis Apizaquito, la que consisti\u00f3 en Construcci\u00f3n de Pavimento de Adoqu\u00edn, Construcci\u00f3n de Banquetas, colocaci\u00f3n de rejilla pluvial, balizamiento y obra complementaria, con la que se beneficiar\u00e1n + de mil 200 habitantes de la zona. [&hellip;]<\/p>\n","protected":false},"author":3,"featured_media":0,"comment_status":"open","ping_status":"open","sticky":false,"template":"","format":"standard","meta":{"footnotes":""},"categories":[12],"tags":[],"class_list":["post-15332","post","type-post","status-publish","format-standard","hentry","category-brujula-2026"],"amp_enabled":true,"_links":{"self":[{"href":"https:\/\/labestiapolitica.com.mx\/index.php?rest_route=\/wp\/v2\/posts\/15332","targetHints":{"allow":["GET"]}}],"collection":[{"href":"https:\/\/labestiapolitica.com.mx\/index.php?rest_route=\/wp\/v2\/posts"}],"about":[{"href":"https:\/\/labestiapolitica.com.mx\/index.php?rest_route=\/wp\/v2\/types\/post"}],"author":[{"embeddable":true,"href":"https:\/\/labestiapolitica.com.mx\/index.php?rest_route=\/wp\/v2\/users\/3"}],"replies":[{"embeddable":true,"href":"https:\/\/labestiapolitica.com.mx\/index.php?rest_route=%2Fwp%2Fv2%2Fcomments&post=15332"}],"version-history":[{"count":1,"href":"https:\/\/labestiapolitica.com.mx\/index.php?rest_route=\/wp\/v2\/posts\/15332\/revisions"}],"predecessor-version":[{"id":15335,"href":"https:\/\/labestiapolitica.com.mx\/index.php?rest_route=\/wp\/v2\/posts\/15332\/revisions\/15335"}],"wp:attachment":[{"href":"https:\/\/labestiapolitica.com.mx\/index.php?rest_route=%2Fwp%2Fv2%2Fmedia&parent=15332"}],"wp:term":[{"taxonomy":"category","embeddable":true,"href":"https:\/\/labestiapolitica.com.mx\/index.php?rest_route=%2Fwp%2Fv2%2Fcategories&post=15332"},{"taxonomy":"post_tag","embeddable":true,"href":"https:\/\/labestiapolitica.com.mx\/index.php?rest_route=%2Fwp%2Fv2%2Ftags&post=15332"}],"curies":[{"name":"wp","href":"https:\/\/api.w.org\/{rel}","templated":true}]}}